{"id":48017,"date":"2022-07-18T20:15:03","date_gmt":"2022-07-19T01:15:03","guid":{"rendered":"https:\/\/interaccionnoticias.com.mx\/?p=48017"},"modified":"2022-07-18T20:15:08","modified_gmt":"2022-07-19T01:15:08","slug":"policias-despedidos-se-manifiestan-en-palacio-de-gobierno","status":"publish","type":"post","link":"https:\/\/www.interaccionnoticias.com.mx\/?p=48017","title":{"rendered":"Polic\u00edas despedidos se manifiestan en Palacio de Gobierno"},"content":{"rendered":"\n<p><strong><em>&#8212; Advierten que reactivaran sus protestas, si no se reincorpora a 176<\/em><\/strong><\/p>\n\n\n\n<p><strong>Jes\u00fas Dorantes<\/strong><\/p>\n\n\n\n<p><strong>Chilpancingo, Gro.-<\/strong> Elementos de la Secretar\u00eda de Seguridad P\u00fablica (SSP), que fueron despedidos durante la administraci\u00f3n anterior se manifestaron en las instalaciones de Palacio de Gobierno, exigen la reanudaci\u00f3n de una mesa de trabajo de car\u00e1cter resolutivo con las autoridades estatales.<\/p>\n\n\n\n<p>La tarde del lunes, decenas de ex elementos de la Polic\u00eda del Estado se instalaron en la entrada principal del hoy Recinto Oficial del Poder Ejecutivo, para exigir que cuanto antes, reinicien las mesas de di\u00e1logo para la reintegraci\u00f3n de los 176 elementos de la corporaci\u00f3n.<\/p>\n\n\n\n<p>El representante de los uniformados, Silvestre Solano Ortiz, asegur\u00f3 que el proceso electoral pasado, el senador F\u00e9lix Salgado Macedonio tuvo un acercamiento con ellos y se estableci\u00f3 el compromiso de que los apoyar\u00eda, pero hasta el momento no e ha generado dicha intervenci\u00f3n a favor.<\/p>\n\n\n\n<p>Dijeron que el representante popular traicion\u00f3 uno de los principales preceptos de Morena, pues les minti\u00f3 y hasta la fecha no se les a devuelto su trabajo, a pesar de que existen casos de elementos que estaban a meses de jubilarse antes de ser despedidos.<\/p>\n\n\n\n<p>Por esa raz\u00f3n, hicieron un llamado a la gobernadora Evelyn Salgado Pineda para que este pendiente del tema, adem\u00e1s de que el pr\u00f3ximo martes 19 de julio valoraran realizar una protesta en la capital, para tratar de esa manera que se genere la apertura de una mesa de trabajo en el Palacio de Gobierno.<\/p>\n","protected":false},"excerpt":{"rendered":"<p>&#8212; Advierten que reactivaran sus protestas, si no se reincorpora a 176 Jes\u00fas Dorantes Chilpancingo, Gro.- Elementos de la Secretar\u00eda de Seguridad P\u00fablica (SSP), que fueron despedidos durante la administraci\u00f3n&hellip; <\/p>\n","protected":false},"author":8,"featured_media":48018,"comment_status":"open","ping_status":"open","sticky":false,"template":"","format":"standard","meta":{"fifu_image_url":"","fifu_image_alt":"","footnotes":""},"categories":[27],"tags":[],"class_list":["post-48017","post","type-post","status-publish","format-standard","has-post-thumbnail","hentry","category-seguridad-publica"],"_links":{"self":[{"href":"https:\/\/www.interaccionnoticias.com.mx\/index.php?rest_route=\/wp\/v2\/posts\/48017","targetHints":{"allow":["GET"]}}],"collection":[{"href":"https:\/\/www.interaccionnoticias.com.mx\/index.php?rest_route=\/wp\/v2\/posts"}],"about":[{"href":"https:\/\/www.interaccionnoticias.com.mx\/index.php?rest_route=\/wp\/v2\/types\/post"}],"author":[{"embeddable":true,"href":"https:\/\/www.interaccionnoticias.com.mx\/index.php?rest_route=\/wp\/v2\/users\/8"}],"replies":[{"embeddable":true,"href":"https:\/\/www.interaccionnoticias.com.mx\/index.php?rest_route=%2Fwp%2Fv2%2Fcomments&post=48017"}],"version-history":[{"count":1,"href":"https:\/\/www.interaccionnoticias.com.mx\/index.php?rest_route=\/wp\/v2\/posts\/48017\/revisions"}],"predecessor-version":[{"id":48019,"href":"https:\/\/www.interaccionnoticias.com.mx\/index.php?rest_route=\/wp\/v2\/posts\/48017\/revisions\/48019"}],"wp:featuredmedia":[{"embeddable":true,"href":"https:\/\/www.interaccionnoticias.com.mx\/index.php?rest_route=\/wp\/v2\/media\/48018"}],"wp:attachment":[{"href":"https:\/\/www.interaccionnoticias.com.mx\/index.php?rest_route=%2Fwp%2Fv2%2Fmedia&parent=48017"}],"wp:term":[{"taxonomy":"category","embeddable":true,"href":"https:\/\/www.interaccionnoticias.com.mx\/index.php?rest_route=%2Fwp%2Fv2%2Fcategories&post=48017"},{"taxonomy":"post_tag","embeddable":true,"href":"https:\/\/www.interaccionnoticias.com.mx\/index.php?rest_route=%2Fwp%2Fv2%2Ftags&post=48017"}],"curies":[{"name":"wp","href":"https:\/\/api.w.org\/{rel}","templated":true}]}}