{"id":47916,"date":"2022-07-15T17:26:32","date_gmt":"2022-07-15T22:26:32","guid":{"rendered":"https:\/\/interaccionnoticias.com.mx\/?p=47916"},"modified":"2022-07-15T17:26:37","modified_gmt":"2022-07-15T22:26:37","slug":"toma-ceteg-delegacion-de-la-sep-en-chilpancingo","status":"publish","type":"post","link":"https:\/\/www.interaccionnoticias.com.mx\/?p=47916","title":{"rendered":"Toma Ceteg delegaci\u00f3n de la SEP en Chilpancingo"},"content":{"rendered":"\n<p>Jes\u00fas Dorantes<\/p>\n\n\n\n<p>Chilpancingo, Gro.- \u00cdntegrantes de la Coordinadora Estatal de Trabajadores de la Educaci\u00f3n en Guerrero (CETEG) se manifestaron en las instalaciones de la delegaci\u00f3n de la Secretar\u00eda de Educaci\u00f3n P\u00fablica (SEP), exigen el ingreso de sus compa\u00f1eros al Fondo de Aportaciones para la N\u00f3mina Educativa (FONE), as\u00ed como la renovaci\u00f3n de contratos.<\/p>\n\n\n\n<p>La jornada del viernes, un grupo de 40 profesores de la CETEG Sectorial Zona Centro arribaron a las oficinas de la SEP, donde colocaron una lona en la entrada principal, en ella reclaman la posibilidad de ser atendidos por alguna autoridad.<\/p>\n\n\n\n<p>La profesora Reyna Bello de Jes\u00fas, l\u00edder de la sectorial dio a conocer que el motivo de su protesta era por el retraso del recurso a la jubilaci\u00f3n, que a\u00f1o con a\u00f1o se gestiona ante la federaci\u00f3n para incorporar a docentes al FONE, tambi\u00e9n piden la renovaci\u00f3n de 800 contratos que se vencen el 15 de julio.<\/p>\n\n\n\n<p>En caso de no ser renovados sus contratos, advirti\u00f3 que 800 profesores se quedar\u00e1n sin empleo tras cinco a\u00f1os de servicio, ya que en la actualidad no se manejan bases, si no contratos para el magisterio.<\/p>\n\n\n\n<p>Otra de sus demandas fue que se garanticen las plazas de nuevo ingreso para los normalistas que est\u00e1n pr\u00f3ximos a egresar, lo cual tambi\u00e9n podr\u00eda dejar en el desempleo a las nuevas generaciones de maestros.<\/p>\n\n\n\n<p>Bello de Jes\u00fas explic\u00f3 que la protesta se realiz\u00f3 ante una instancia federal, ya que las autoridades estatales no han hecho la labor de gestionar recursos, lo que podr\u00eda generar una crisis de desempleo en los pr\u00f3ximos meses.<br>Por esa raz\u00f3n, dijo que el lunes se trasladar\u00e1n a la Ciudad de M\u00e9xico para continuar sus movilizaciones.<\/p>\n\n\n\n<figure class=\"wp-block-gallery columns-2 is-cropped wp-block-gallery-1 is-layout-flex wp-block-gallery-is-layout-flex\"><ul class=\"blocks-gallery-grid\"><li class=\"blocks-gallery-item\"><figure><img decoding=\"async\" src=\"data:image\/gif;base64,R0lGODlhAQABAIAAAAAAAP\/\/\/ywAAAAAAQABAAACAUwAOw==\" fifu-lazy=\"1\" fifu-data-sizes=\"auto\" fifu-data-srcset=\"https:\/\/i0.wp.com\/interaccionnoticias.com.mx\/wp-content\/uploads\/2022\/07\/IMG-20220715-WA0012-1024x576.jpg?ssl=1&w=75&resize=75&ssl=1 75w, https:\/\/i0.wp.com\/interaccionnoticias.com.mx\/wp-content\/uploads\/2022\/07\/IMG-20220715-WA0012-1024x576.jpg?ssl=1&w=100&resize=100&ssl=1 100w, https:\/\/i0.wp.com\/interaccionnoticias.com.mx\/wp-content\/uploads\/2022\/07\/IMG-20220715-WA0012-1024x576.jpg?ssl=1&w=150&resize=150&ssl=1 150w, https:\/\/i0.wp.com\/interaccionnoticias.com.mx\/wp-content\/uploads\/2022\/07\/IMG-20220715-WA0012-1024x576.jpg?ssl=1&w=240&resize=240&ssl=1 240w, https:\/\/i0.wp.com\/interaccionnoticias.com.mx\/wp-content\/uploads\/2022\/07\/IMG-20220715-WA0012-1024x576.jpg?ssl=1&w=320&resize=320&ssl=1 320w, https:\/\/i0.wp.com\/interaccionnoticias.com.mx\/wp-content\/uploads\/2022\/07\/IMG-20220715-WA0012-1024x576.jpg?ssl=1&w=500&resize=500&ssl=1 500w, https:\/\/i0.wp.com\/interaccionnoticias.com.mx\/wp-content\/uploads\/2022\/07\/IMG-20220715-WA0012-1024x576.jpg?ssl=1&w=640&resize=640&ssl=1 640w, https:\/\/i0.wp.com\/interaccionnoticias.com.mx\/wp-content\/uploads\/2022\/07\/IMG-20220715-WA0012-1024x576.jpg?ssl=1&w=800&resize=800&ssl=1 800w, https:\/\/i0.wp.com\/interaccionnoticias.com.mx\/wp-content\/uploads\/2022\/07\/IMG-20220715-WA0012-1024x576.jpg?ssl=1&w=1024&resize=1024&ssl=1 1024w, https:\/\/i0.wp.com\/interaccionnoticias.com.mx\/wp-content\/uploads\/2022\/07\/IMG-20220715-WA0012-1024x576.jpg?ssl=1&w=1280&resize=1280&ssl=1 1280w, https:\/\/i0.wp.com\/interaccionnoticias.com.mx\/wp-content\/uploads\/2022\/07\/IMG-20220715-WA0012-1024x576.jpg?ssl=1&w=1600&resize=1600&ssl=1 1600w\" fifu-data-src=\"https:\/\/i0.wp.com\/interaccionnoticias.com.mx\/wp-content\/uploads\/2022\/07\/IMG-20220715-WA0012-1024x576.jpg?ssl=1\" alt=\"\" data-id=\"47917\" data-full-url=\"https:\/\/interaccionnoticias.com.mx\/wp-content\/uploads\/2022\/07\/IMG-20220715-WA0012.jpg\" data-link=\"https:\/\/interaccionnoticias.com.mx\/?attachment_id=47917\" class=\"wp-image-47917\"\/><\/figure><\/li><li class=\"blocks-gallery-item\"><figure><img decoding=\"async\" src=\"data:image\/gif;base64,R0lGODlhAQABAIAAAAAAAP\/\/\/ywAAAAAAQABAAACAUwAOw==\" fifu-lazy=\"1\" fifu-data-sizes=\"auto\" fifu-data-srcset=\"https:\/\/i2.wp.com\/interaccionnoticias.com.mx\/wp-content\/uploads\/2022\/07\/IMG-20220715-WA0013-1024x576.jpg?ssl=1&w=75&resize=75&ssl=1 75w, https:\/\/i2.wp.com\/interaccionnoticias.com.mx\/wp-content\/uploads\/2022\/07\/IMG-20220715-WA0013-1024x576.jpg?ssl=1&w=100&resize=100&ssl=1 100w, https:\/\/i2.wp.com\/interaccionnoticias.com.mx\/wp-content\/uploads\/2022\/07\/IMG-20220715-WA0013-1024x576.jpg?ssl=1&w=150&resize=150&ssl=1 150w, https:\/\/i2.wp.com\/interaccionnoticias.com.mx\/wp-content\/uploads\/2022\/07\/IMG-20220715-WA0013-1024x576.jpg?ssl=1&w=240&resize=240&ssl=1 240w, https:\/\/i2.wp.com\/interaccionnoticias.com.mx\/wp-content\/uploads\/2022\/07\/IMG-20220715-WA0013-1024x576.jpg?ssl=1&w=320&resize=320&ssl=1 320w, https:\/\/i2.wp.com\/interaccionnoticias.com.mx\/wp-content\/uploads\/2022\/07\/IMG-20220715-WA0013-1024x576.jpg?ssl=1&w=500&resize=500&ssl=1 500w, https:\/\/i2.wp.com\/interaccionnoticias.com.mx\/wp-content\/uploads\/2022\/07\/IMG-20220715-WA0013-1024x576.jpg?ssl=1&w=640&resize=640&ssl=1 640w, https:\/\/i2.wp.com\/interaccionnoticias.com.mx\/wp-content\/uploads\/2022\/07\/IMG-20220715-WA0013-1024x576.jpg?ssl=1&w=800&resize=800&ssl=1 800w, https:\/\/i2.wp.com\/interaccionnoticias.com.mx\/wp-content\/uploads\/2022\/07\/IMG-20220715-WA0013-1024x576.jpg?ssl=1&w=1024&resize=1024&ssl=1 1024w, https:\/\/i2.wp.com\/interaccionnoticias.com.mx\/wp-content\/uploads\/2022\/07\/IMG-20220715-WA0013-1024x576.jpg?ssl=1&w=1280&resize=1280&ssl=1 1280w, https:\/\/i2.wp.com\/interaccionnoticias.com.mx\/wp-content\/uploads\/2022\/07\/IMG-20220715-WA0013-1024x576.jpg?ssl=1&w=1600&resize=1600&ssl=1 1600w\" fifu-data-src=\"https:\/\/i2.wp.com\/interaccionnoticias.com.mx\/wp-content\/uploads\/2022\/07\/IMG-20220715-WA0013-1024x576.jpg?ssl=1\" alt=\"\" data-id=\"47918\" data-full-url=\"https:\/\/interaccionnoticias.com.mx\/wp-content\/uploads\/2022\/07\/IMG-20220715-WA0013.jpg\" data-link=\"https:\/\/interaccionnoticias.com.mx\/?attachment_id=47918\" class=\"wp-image-47918\"\/><\/figure><\/li><\/ul><\/figure>\n","protected":false},"excerpt":{"rendered":"<p>Jes\u00fas Dorantes Chilpancingo, Gro.- \u00cdntegrantes de la Coordinadora Estatal de Trabajadores de la Educaci\u00f3n en Guerrero (CETEG) se manifestaron en las instalaciones de la delegaci\u00f3n de la Secretar\u00eda de Educaci\u00f3n&hellip; <\/p>\n","protected":false},"author":8,"featured_media":47917,"comment_status":"open","ping_status":"open","sticky":false,"template":"","format":"standard","meta":{"fifu_image_url":"","fifu_image_alt":"","footnotes":""},"categories":[6],"tags":[],"class_list":["post-47916","post","type-post","status-publish","format-standard","has-post-thumbnail","hentry","category-educacion"],"_links":{"self":[{"href":"https:\/\/www.interaccionnoticias.com.mx\/index.php?rest_route=\/wp\/v2\/posts\/47916","targetHints":{"allow":["GET"]}}],"collection":[{"href":"https:\/\/www.interaccionnoticias.com.mx\/index.php?rest_route=\/wp\/v2\/posts"}],"about":[{"href":"https:\/\/www.interaccionnoticias.com.mx\/index.php?rest_route=\/wp\/v2\/types\/post"}],"author":[{"embeddable":true,"href":"https:\/\/www.interaccionnoticias.com.mx\/index.php?rest_route=\/wp\/v2\/users\/8"}],"replies":[{"embeddable":true,"href":"https:\/\/www.interaccionnoticias.com.mx\/index.php?rest_route=%2Fwp%2Fv2%2Fcomments&post=47916"}],"version-history":[{"count":1,"href":"https:\/\/www.interaccionnoticias.com.mx\/index.php?rest_route=\/wp\/v2\/posts\/47916\/revisions"}],"predecessor-version":[{"id":47919,"href":"https:\/\/www.interaccionnoticias.com.mx\/index.php?rest_route=\/wp\/v2\/posts\/47916\/revisions\/47919"}],"wp:featuredmedia":[{"embeddable":true,"href":"https:\/\/www.interaccionnoticias.com.mx\/index.php?rest_route=\/wp\/v2\/media\/47917"}],"wp:attachment":[{"href":"https:\/\/www.interaccionnoticias.com.mx\/index.php?rest_route=%2Fwp%2Fv2%2Fmedia&parent=47916"}],"wp:term":[{"taxonomy":"category","embeddable":true,"href":"https:\/\/www.interaccionnoticias.com.mx\/index.php?rest_route=%2Fwp%2Fv2%2Fcategories&post=47916"},{"taxonomy":"post_tag","embeddable":true,"href":"https:\/\/www.interaccionnoticias.com.mx\/index.php?rest_route=%2Fwp%2Fv2%2Ftags&post=47916"}],"curies":[{"name":"wp","href":"https:\/\/api.w.org\/{rel}","templated":true}]}}