{"id":47750,"date":"2022-07-12T15:29:09","date_gmt":"2022-07-12T20:29:09","guid":{"rendered":"https:\/\/interaccionnoticias.com.mx\/?p=47750"},"modified":"2022-07-12T15:29:14","modified_gmt":"2022-07-12T20:29:14","slug":"se-reune-titular-de-la-seg-con-el-titular-de-finanzas-de-la-sep","status":"publish","type":"post","link":"https:\/\/www.interaccionnoticias.com.mx\/?p=47750","title":{"rendered":"Se re\u00fane titular de la SEG con el titular de finanzas de la SEP"},"content":{"rendered":"\n<p>Ciudad de M\u00e9xico, a 12 de julio del 2022.<\/p>\n\n\n\n<p>Por indicaciones de la gobernadora, Evelyn Salgado Pineda, el Secretario de Educaci\u00f3n en Guerrero, Marcial Rodr\u00edguez Salda\u00f1a, sostuvo una reuni\u00f3n de trabajo con el titular de la Unidad de Administraci\u00f3n y Finanzas de la Secretar\u00eda de Educaci\u00f3n P\u00fablica del Gobierno Federal, C. P. Oscar Flores Jim\u00e9nez, con el objetivo de darle seguimiento a los acuerdos que sostuvo la jefa del poder ejecutivo estatal con la Mtra. Delfina G\u00f3mez \u00c1lvarez, Secretaria de Educaci\u00f3n P\u00fablica, as\u00ed como de sus gestiones en materia educativa ante el Presidente de la Rep\u00fablica, Lic. Andr\u00e9s Manuel L\u00f3pez Obrador.<\/p>\n\n\n\n<p>Rodr\u00edguez Salda\u00f1a indic\u00f3, que esta reuni\u00f3n de trabajo fue muy positiva, ya que se esta desarrollando una agenda para elevar los indicadores educativos en Guerrero, as\u00ed como para atender y resolver las demandas de justicia laboral del magisterio de la entidad. Acompa\u00f1\u00f3 al titular de la SEG, el Subsecretario de Administraci\u00f3n y Finanzas, Mtro. Alejandro Moreno Lira.<br><\/p>\n","protected":false},"excerpt":{"rendered":"<p>Ciudad de M\u00e9xico, a 12 de julio del 2022. Por indicaciones de la gobernadora, Evelyn Salgado Pineda, el Secretario de Educaci\u00f3n en Guerrero, Marcial Rodr\u00edguez Salda\u00f1a, sostuvo una reuni\u00f3n de&hellip; <\/p>\n","protected":false},"author":19,"featured_media":47751,"comment_status":"open","ping_status":"open","sticky":false,"template":"","format":"standard","meta":{"fifu_image_url":"","fifu_image_alt":"","footnotes":""},"categories":[6],"tags":[],"class_list":["post-47750","post","type-post","status-publish","format-standard","has-post-thumbnail","hentry","category-educacion"],"_links":{"self":[{"href":"https:\/\/www.interaccionnoticias.com.mx\/index.php?rest_route=\/wp\/v2\/posts\/47750","targetHints":{"allow":["GET"]}}],"collection":[{"href":"https:\/\/www.interaccionnoticias.com.mx\/index.php?rest_route=\/wp\/v2\/posts"}],"about":[{"href":"https:\/\/www.interaccionnoticias.com.mx\/index.php?rest_route=\/wp\/v2\/types\/post"}],"author":[{"embeddable":true,"href":"https:\/\/www.interaccionnoticias.com.mx\/index.php?rest_route=\/wp\/v2\/users\/19"}],"replies":[{"embeddable":true,"href":"https:\/\/www.interaccionnoticias.com.mx\/index.php?rest_route=%2Fwp%2Fv2%2Fcomments&post=47750"}],"version-history":[{"count":1,"href":"https:\/\/www.interaccionnoticias.com.mx\/index.php?rest_route=\/wp\/v2\/posts\/47750\/revisions"}],"predecessor-version":[{"id":47752,"href":"https:\/\/www.interaccionnoticias.com.mx\/index.php?rest_route=\/wp\/v2\/posts\/47750\/revisions\/47752"}],"wp:featuredmedia":[{"embeddable":true,"href":"https:\/\/www.interaccionnoticias.com.mx\/index.php?rest_route=\/wp\/v2\/media\/47751"}],"wp:attachment":[{"href":"https:\/\/www.interaccionnoticias.com.mx\/index.php?rest_route=%2Fwp%2Fv2%2Fmedia&parent=47750"}],"wp:term":[{"taxonomy":"category","embeddable":true,"href":"https:\/\/www.interaccionnoticias.com.mx\/index.php?rest_route=%2Fwp%2Fv2%2Fcategories&post=47750"},{"taxonomy":"post_tag","embeddable":true,"href":"https:\/\/www.interaccionnoticias.com.mx\/index.php?rest_route=%2Fwp%2Fv2%2Ftags&post=47750"}],"curies":[{"name":"wp","href":"https:\/\/api.w.org\/{rel}","templated":true}]}}