{"id":47676,"date":"2022-07-11T12:55:44","date_gmt":"2022-07-11T17:55:44","guid":{"rendered":"https:\/\/interaccionnoticias.com.mx\/?p=47676"},"modified":"2022-07-11T12:55:49","modified_gmt":"2022-07-11T17:55:49","slug":"ayuntamiento-de-la-chilpancingo-valorara-mandar-a-sus-hogares-a-trabajadores-con-enfermedades-cronicas","status":"publish","type":"post","link":"https:\/\/www.interaccionnoticias.com.mx\/?p=47676","title":{"rendered":"Ayuntamiento de la Chilpancingo valorar\u00e1 mandar a sus hogares a trabajadores con enfermedades cr\u00f3nicas"},"content":{"rendered":"\n<p><strong><em>&#8212; Les pide ser honestos y no utilizar los d\u00edas como vacaciones<\/em><\/strong><\/p>\n\n\n\n<p><strong>Jes\u00fas Dorantes<\/strong><\/p>\n\n\n\n<p>Chilpancingo, Gro.- Ante el incremento de los contagios de Covid-19 y las recomendaciones emitidas por el Consejo Estatal de Salud, el ayuntamiento capitalino valorar\u00e1 la posibiliodad de mandar a sus hogares a los trabajadores que padecen enfermedades cr\u00f3nicas, aunque les pidi\u00f3 que lo correcto es que se resguarden, no que lo tomen como periodo vacacional.<\/p>\n\n\n\n<p>El titular de Salud Municipal, Cipriano Guti\u00e9rrez Castro, hizo un exhorto a los trabajadores de ayuntamiento que se encuentren dentro de la poblaci\u00f3n de riesgo, para que acudan a una revisi\u00f3n y se valore la posibilidad de enviarlos a sus hogares, para efecto de salvaguardar su salud.<\/p>\n\n\n\n<p>Pero el titular de salud de Chilpancingo exhort\u00f3 a los trabajadores del Ayuntamiento que se encuentren en este sector, para que sean honestos y cumplan con resguardarse, pues se\u00f1al\u00f3 que \u201cdurante las olas pasadas, era com\u00fan encontrarlos en la playa, centros comerciales, en las calles y en otros lugares, menos en sus hogares\u201d.<\/p>\n\n\n\n<p>Adem\u00e1s, realiz\u00f3 un exhorto a la poblaci\u00f3n en general, para tambi\u00e9n cuidar su salud y seguir los lineamientos b\u00e1sicos de salud y prevenci\u00f3n, como lo son el uso de cubrebocas en todo lugar, evitar lugares concurridos, uso del gel antibacterial al 70% de alcohol y lavado constante de manos.<\/p>\n","protected":false},"excerpt":{"rendered":"<p>&#8212; Les pide ser honestos y no utilizar los d\u00edas como vacaciones Jes\u00fas Dorantes Chilpancingo, Gro.- Ante el incremento de los contagios de Covid-19 y las recomendaciones emitidas por el&hellip; <\/p>\n","protected":false},"author":8,"featured_media":47677,"comment_status":"open","ping_status":"open","sticky":false,"template":"","format":"standard","meta":{"fifu_image_url":"","fifu_image_alt":"","footnotes":""},"categories":[13],"tags":[],"class_list":["post-47676","post","type-post","status-publish","format-standard","has-post-thumbnail","hentry","category-capital"],"_links":{"self":[{"href":"https:\/\/www.interaccionnoticias.com.mx\/index.php?rest_route=\/wp\/v2\/posts\/47676","targetHints":{"allow":["GET"]}}],"collection":[{"href":"https:\/\/www.interaccionnoticias.com.mx\/index.php?rest_route=\/wp\/v2\/posts"}],"about":[{"href":"https:\/\/www.interaccionnoticias.com.mx\/index.php?rest_route=\/wp\/v2\/types\/post"}],"author":[{"embeddable":true,"href":"https:\/\/www.interaccionnoticias.com.mx\/index.php?rest_route=\/wp\/v2\/users\/8"}],"replies":[{"embeddable":true,"href":"https:\/\/www.interaccionnoticias.com.mx\/index.php?rest_route=%2Fwp%2Fv2%2Fcomments&post=47676"}],"version-history":[{"count":1,"href":"https:\/\/www.interaccionnoticias.com.mx\/index.php?rest_route=\/wp\/v2\/posts\/47676\/revisions"}],"predecessor-version":[{"id":47678,"href":"https:\/\/www.interaccionnoticias.com.mx\/index.php?rest_route=\/wp\/v2\/posts\/47676\/revisions\/47678"}],"wp:featuredmedia":[{"embeddable":true,"href":"https:\/\/www.interaccionnoticias.com.mx\/index.php?rest_route=\/wp\/v2\/media\/47677"}],"wp:attachment":[{"href":"https:\/\/www.interaccionnoticias.com.mx\/index.php?rest_route=%2Fwp%2Fv2%2Fmedia&parent=47676"}],"wp:term":[{"taxonomy":"category","embeddable":true,"href":"https:\/\/www.interaccionnoticias.com.mx\/index.php?rest_route=%2Fwp%2Fv2%2Fcategories&post=47676"},{"taxonomy":"post_tag","embeddable":true,"href":"https:\/\/www.interaccionnoticias.com.mx\/index.php?rest_route=%2Fwp%2Fv2%2Ftags&post=47676"}],"curies":[{"name":"wp","href":"https:\/\/api.w.org\/{rel}","templated":true}]}}