{"id":47669,"date":"2022-07-11T11:35:33","date_gmt":"2022-07-11T16:35:33","guid":{"rendered":"https:\/\/interaccionnoticias.com.mx\/?p=47669"},"modified":"2022-07-11T11:35:38","modified_gmt":"2022-07-11T16:35:38","slug":"el-pri-volvera-a-ser-la-primera-fuerza-politica-en-guerrero-alejandro-bravo","status":"publish","type":"post","link":"https:\/\/www.interaccionnoticias.com.mx\/?p=47669","title":{"rendered":"EL PRI volver\u00e1 a ser la primera fuerza pol\u00edtica en Guerrero: Alejandro Bravo"},"content":{"rendered":"\n<p><strong>Reconoci\u00f3 la labor de la estructura jur\u00eddica del partido en las elecciones pasadas.<\/strong><\/p>\n\n\n\n<p><strong>Taxco de Alarc\u00f3n, 9 de julio.-<\/strong> El presidente del Comit\u00e9 Directivo estatal del PRI en Guerrero, Alejandro Bravo Abarca, convivi\u00f3 en el marco del d\u00eda del abogado, con parte de la estructura jur\u00eddica del PRI en Taxco. En un evento convocado por la regidora del Revolucionario Institucional en aquel municipio, Rita Acevedo Figueroa, Alejandro Bravo reconoci\u00f3 la labor de la estructura en los procesos electorales: \u201cDesde aqu\u00ed env\u00edo un reconocimiento a todas las estructuras electorales y jur\u00eddicas que en cada elecci\u00f3n dan lo mejor de si\u201d. Mencion\u00f3 en su discurso.<\/p>\n\n\n\n<p>A pregunta expresa de reporteros, Alejandro Bravo se\u00f1al\u00f3 que el evento de toma de protesta demostr\u00f3 que en el PRI Guerrero hay convocatoria y se cuenta con los liderazgos de las siete regiones. \u201cEl eventos de toma de protesta fue emotivo, mostr\u00f3 a una militancia echada para delante, con pri\u00edstas emocionados y comprometidos, sin duda es muestra se que hay condiciones para regresar a ser la primera fuerza pol\u00edtica; con trabajo desde el territorio lo vamos a lograr.\u201d Asegur\u00f3.<\/p>\n\n\n\n<p>El presidente del PRI en Guerrero se\u00f1al\u00f3 tambi\u00e9n que los sectores y organizaciones est\u00e1n reactivando sus actividades, con la finalidad de darle mayor movimiento al partido, se\u00f1al\u00f3 tambi\u00e9n que los cambios que se realizar\u00e1n en el Comit\u00e9 Directivo Estatal y los comit\u00e9s municipales tiene el objetivo de reorganizar al partido para adaptarlo a la nueva realidad.<\/p>\n\n\n\n<p>Tambi\u00e9n asegur\u00f3 que los trabajo que van realizando desde los municipios y el congreso est\u00e1n configurando las condiciones para que el PRI regrese a ser la primera fuerza en Guerrero<\/p>\n\n\n\n<p>El representante de los pri\u00edstas en Guerrero mencion\u00f3 que a pesar de las campa\u00f1as emprendidas para tratar de desaparecer al PRI, sus oponentes no lo van a lograr: \u201csomos millones de mujeres y hombres que creernos en el PRI, que lo apoyamos y que nos mantenemos firmes y leales\u201d. Recalc\u00f3.<\/p>\n\n\n\n<p>Al evento tambi\u00e9n asistieron la diputada Flor A\u00f1orve Ocampo, presidenta de la Mesa Directiva del Congreso de Guerrero; la Secretaria General del PRI Guerrero, Ma. Pilar Vadillo Ruiz; el ex diputado Omar Jalil Flores Majul; as\u00ed como el ex secretario de Econom\u00eda \u00c1lvaro Burgos Barrera.<\/p>\n\n\n\n<figure class=\"wp-block-gallery columns-2 is-cropped wp-block-gallery-1 is-layout-flex wp-block-gallery-is-layout-flex\"><ul class=\"blocks-gallery-grid\"><li class=\"blocks-gallery-item\"><figure><img decoding=\"async\" src=\"data:image\/gif;base64,R0lGODlhAQABAIAAAAAAAP\/\/\/ywAAAAAAQABAAACAUwAOw==\" fifu-lazy=\"1\" fifu-data-sizes=\"auto\" fifu-data-srcset=\"https:\/\/i3.wp.com\/interaccionnoticias.com.mx\/wp-content\/uploads\/2022\/07\/220711-Alejandro-Bravo-1024x683.jpeg?ssl=1&w=75&resize=75&ssl=1 75w, https:\/\/i3.wp.com\/interaccionnoticias.com.mx\/wp-content\/uploads\/2022\/07\/220711-Alejandro-Bravo-1024x683.jpeg?ssl=1&w=100&resize=100&ssl=1 100w, https:\/\/i3.wp.com\/interaccionnoticias.com.mx\/wp-content\/uploads\/2022\/07\/220711-Alejandro-Bravo-1024x683.jpeg?ssl=1&w=150&resize=150&ssl=1 150w, https:\/\/i3.wp.com\/interaccionnoticias.com.mx\/wp-content\/uploads\/2022\/07\/220711-Alejandro-Bravo-1024x683.jpeg?ssl=1&w=240&resize=240&ssl=1 240w, https:\/\/i3.wp.com\/interaccionnoticias.com.mx\/wp-content\/uploads\/2022\/07\/220711-Alejandro-Bravo-1024x683.jpeg?ssl=1&w=320&resize=320&ssl=1 320w, https:\/\/i3.wp.com\/interaccionnoticias.com.mx\/wp-content\/uploads\/2022\/07\/220711-Alejandro-Bravo-1024x683.jpeg?ssl=1&w=500&resize=500&ssl=1 500w, https:\/\/i3.wp.com\/interaccionnoticias.com.mx\/wp-content\/uploads\/2022\/07\/220711-Alejandro-Bravo-1024x683.jpeg?ssl=1&w=640&resize=640&ssl=1 640w, https:\/\/i3.wp.com\/interaccionnoticias.com.mx\/wp-content\/uploads\/2022\/07\/220711-Alejandro-Bravo-1024x683.jpeg?ssl=1&w=800&resize=800&ssl=1 800w, https:\/\/i3.wp.com\/interaccionnoticias.com.mx\/wp-content\/uploads\/2022\/07\/220711-Alejandro-Bravo-1024x683.jpeg?ssl=1&w=1024&resize=1024&ssl=1 1024w, https:\/\/i3.wp.com\/interaccionnoticias.com.mx\/wp-content\/uploads\/2022\/07\/220711-Alejandro-Bravo-1024x683.jpeg?ssl=1&w=1280&resize=1280&ssl=1 1280w, https:\/\/i3.wp.com\/interaccionnoticias.com.mx\/wp-content\/uploads\/2022\/07\/220711-Alejandro-Bravo-1024x683.jpeg?ssl=1&w=1600&resize=1600&ssl=1 1600w\" fifu-data-src=\"https:\/\/i3.wp.com\/interaccionnoticias.com.mx\/wp-content\/uploads\/2022\/07\/220711-Alejandro-Bravo-1024x683.jpeg?ssl=1\" alt=\"\" data-id=\"47671\" data-full-url=\"https:\/\/interaccionnoticias.com.mx\/wp-content\/uploads\/2022\/07\/220711-Alejandro-Bravo.jpeg\" data-link=\"https:\/\/interaccionnoticias.com.mx\/?attachment_id=47671\" class=\"wp-image-47671\"\/><\/figure><\/li><li class=\"blocks-gallery-item\"><figure><img decoding=\"async\" src=\"data:image\/gif;base64,R0lGODlhAQABAIAAAAAAAP\/\/\/ywAAAAAAQABAAACAUwAOw==\" fifu-lazy=\"1\" fifu-data-sizes=\"auto\" fifu-data-srcset=\"https:\/\/i3.wp.com\/interaccionnoticias.com.mx\/wp-content\/uploads\/2022\/07\/220711-Alejandro-Bravo-2-1024x683.jpeg?ssl=1&w=75&resize=75&ssl=1 75w, https:\/\/i3.wp.com\/interaccionnoticias.com.mx\/wp-content\/uploads\/2022\/07\/220711-Alejandro-Bravo-2-1024x683.jpeg?ssl=1&w=100&resize=100&ssl=1 100w, https:\/\/i3.wp.com\/interaccionnoticias.com.mx\/wp-content\/uploads\/2022\/07\/220711-Alejandro-Bravo-2-1024x683.jpeg?ssl=1&w=150&resize=150&ssl=1 150w, https:\/\/i3.wp.com\/interaccionnoticias.com.mx\/wp-content\/uploads\/2022\/07\/220711-Alejandro-Bravo-2-1024x683.jpeg?ssl=1&w=240&resize=240&ssl=1 240w, https:\/\/i3.wp.com\/interaccionnoticias.com.mx\/wp-content\/uploads\/2022\/07\/220711-Alejandro-Bravo-2-1024x683.jpeg?ssl=1&w=320&resize=320&ssl=1 320w, https:\/\/i3.wp.com\/interaccionnoticias.com.mx\/wp-content\/uploads\/2022\/07\/220711-Alejandro-Bravo-2-1024x683.jpeg?ssl=1&w=500&resize=500&ssl=1 500w, https:\/\/i3.wp.com\/interaccionnoticias.com.mx\/wp-content\/uploads\/2022\/07\/220711-Alejandro-Bravo-2-1024x683.jpeg?ssl=1&w=640&resize=640&ssl=1 640w, https:\/\/i3.wp.com\/interaccionnoticias.com.mx\/wp-content\/uploads\/2022\/07\/220711-Alejandro-Bravo-2-1024x683.jpeg?ssl=1&w=800&resize=800&ssl=1 800w, https:\/\/i3.wp.com\/interaccionnoticias.com.mx\/wp-content\/uploads\/2022\/07\/220711-Alejandro-Bravo-2-1024x683.jpeg?ssl=1&w=1024&resize=1024&ssl=1 1024w, https:\/\/i3.wp.com\/interaccionnoticias.com.mx\/wp-content\/uploads\/2022\/07\/220711-Alejandro-Bravo-2-1024x683.jpeg?ssl=1&w=1280&resize=1280&ssl=1 1280w, https:\/\/i3.wp.com\/interaccionnoticias.com.mx\/wp-content\/uploads\/2022\/07\/220711-Alejandro-Bravo-2-1024x683.jpeg?ssl=1&w=1600&resize=1600&ssl=1 1600w\" fifu-data-src=\"https:\/\/i3.wp.com\/interaccionnoticias.com.mx\/wp-content\/uploads\/2022\/07\/220711-Alejandro-Bravo-2-1024x683.jpeg?ssl=1\" alt=\"\" data-id=\"47670\" data-full-url=\"https:\/\/interaccionnoticias.com.mx\/wp-content\/uploads\/2022\/07\/220711-Alejandro-Bravo-2.jpeg\" data-link=\"https:\/\/interaccionnoticias.com.mx\/?attachment_id=47670\" class=\"wp-image-47670\"\/><\/figure><\/li><\/ul><\/figure>\n","protected":false},"excerpt":{"rendered":"<p>Reconoci\u00f3 la labor de la estructura jur\u00eddica del partido en las elecciones pasadas. Taxco de Alarc\u00f3n, 9 de julio.- El presidente del Comit\u00e9 Directivo estatal del PRI en Guerrero, Alejandro&hellip; <\/p>\n","protected":false},"author":19,"featured_media":47670,"comment_status":"open","ping_status":"open","sticky":false,"template":"","format":"standard","meta":{"fifu_image_url":"","fifu_image_alt":"","footnotes":""},"categories":[18],"tags":[],"class_list":["post-47669","post","type-post","status-publish","format-standard","has-post-thumbnail","hentry","category-partidos-politicos"],"_links":{"self":[{"href":"https:\/\/www.interaccionnoticias.com.mx\/index.php?rest_route=\/wp\/v2\/posts\/47669","targetHints":{"allow":["GET"]}}],"collection":[{"href":"https:\/\/www.interaccionnoticias.com.mx\/index.php?rest_route=\/wp\/v2\/posts"}],"about":[{"href":"https:\/\/www.interaccionnoticias.com.mx\/index.php?rest_route=\/wp\/v2\/types\/post"}],"author":[{"embeddable":true,"href":"https:\/\/www.interaccionnoticias.com.mx\/index.php?rest_route=\/wp\/v2\/users\/19"}],"replies":[{"embeddable":true,"href":"https:\/\/www.interaccionnoticias.com.mx\/index.php?rest_route=%2Fwp%2Fv2%2Fcomments&post=47669"}],"version-history":[{"count":1,"href":"https:\/\/www.interaccionnoticias.com.mx\/index.php?rest_route=\/wp\/v2\/posts\/47669\/revisions"}],"predecessor-version":[{"id":47672,"href":"https:\/\/www.interaccionnoticias.com.mx\/index.php?rest_route=\/wp\/v2\/posts\/47669\/revisions\/47672"}],"wp:featuredmedia":[{"embeddable":true,"href":"https:\/\/www.interaccionnoticias.com.mx\/index.php?rest_route=\/wp\/v2\/media\/47670"}],"wp:attachment":[{"href":"https:\/\/www.interaccionnoticias.com.mx\/index.php?rest_route=%2Fwp%2Fv2%2Fmedia&parent=47669"}],"wp:term":[{"taxonomy":"category","embeddable":true,"href":"https:\/\/www.interaccionnoticias.com.mx\/index.php?rest_route=%2Fwp%2Fv2%2Fcategories&post=47669"},{"taxonomy":"post_tag","embeddable":true,"href":"https:\/\/www.interaccionnoticias.com.mx\/index.php?rest_route=%2Fwp%2Fv2%2Ftags&post=47669"}],"curies":[{"name":"wp","href":"https:\/\/api.w.org\/{rel}","templated":true}]}}