{"id":47655,"date":"2022-07-10T18:06:26","date_gmt":"2022-07-10T23:06:26","guid":{"rendered":"https:\/\/interaccionnoticias.com.mx\/?p=47655"},"modified":"2022-07-10T18:06:28","modified_gmt":"2022-07-10T23:06:28","slug":"desde-el-sabado-huyen-dos-menores-del-dif-acapulco","status":"publish","type":"post","link":"https:\/\/www.interaccionnoticias.com.mx\/?p=47655","title":{"rendered":"Desde el s\u00e1bado huyen dos menores del DIF Acapulco"},"content":{"rendered":"\n<p><strong><em>&#8212; Eran v\u00edctimas de delitos de car\u00e1cter sexual, se indica<br>&#8212; Ni sus familiares saben nada de ellas, se inform\u00f3<\/em><\/strong><\/p>\n\n\n\n<p><strong>Javier Trujillo<\/strong><\/p>\n\n\n\n<p><strong>Acapulco, Gro.\u2013 <\/strong>Dos menores de 11 y 15 a\u00f1os de edad, escaparon de las instalaciones del DIF Acapulco, donde estaban canalizadas por el Ministerio P\u00fablico, por ser v\u00edctimas de los delitos de car\u00e1cter sexual.<\/p>\n\n\n\n<p>Una de las menores, la de once a\u00f1os de edad, lleg\u00f3 a esta instancia del DIF-Acapulco, el pasado 9 de septiembre del 2021, la de 15 a\u00f1os de edad, lleg\u00f3 el pasado 2 de julio del 2022.<\/p>\n\n\n\n<p>Aunque las buscaron primero al interior del albergue y despu\u00e9s en los alrededores de la villa de Las Ni\u00f1as, as\u00ed como en calles ale\u00f1adas, y hasta con sus familiares, no lograron encontrarlas.<\/p>\n\n\n\n<p>Tras los hechos ocurridos el pasado s\u00e1bado nueve de julio, en la Villa de Las Ni\u00f1as, ubicada en el puerto de Acapulco, se emitieron reportes en una primera instancia al Servicio de Emergencia del 911, Locatel, y ante el Ministerio P\u00fablico que en seguida emiti\u00f3 una alerta Amber.<\/p>\n\n\n\n<p>\u201cAyer s\u00e1bado nueve de julio del a\u00f1o en curso, aproximadamente a las 07: 30 horas, se inform\u00f3 v\u00eda telef\u00f3nica al instituto por parte de la coordinadora, Gabriela Mena Caballero Fuentes, que dos ni\u00f1as con identidad reservada ASG de 15 a\u00f1os y JBDC de 11 a\u00f1os de edad escaparon del albergue\u201d, expuso el presidente del patronato del DIF, Fernando Solano Ram\u00edrez.<\/p>\n\n\n\n<p>En conferencia, dijo que se realiz\u00f3 una minuciosa inspecci\u00f3n y se percataron que las dos menores huyeron por la malla cicl\u00f3nica.<\/p>\n\n\n\n<p>Reconoci\u00f3 que ambas menores fueron canalizadas al DIF-Acapulco, para su cuidado y resguardo, como medida de protecci\u00f3n impuesta por el Ministerio P\u00fablico especializado en delitos sexuales y violencia intrafamiliar.<\/p>\n\n\n\n<p>Roberto Carlos Reyes Cervantes, titular de la Procuradur\u00eda de Defensa del Menor del DIF, detall\u00f3 que en ese albergue se brinda atenci\u00f3n a 60 menores de edad, pero desconocen porque escaparon.<\/p>\n\n\n\n<p>Remarc\u00f3 que a las 07:30 horas de la ma\u00f1ana del s\u00e1bado, se dieron cuenta que ya no estaban ni la menor de once a\u00f1os de edad con identidad JBDC, ni su compa\u00f1era ASG de 15 a\u00f1os de edad.<\/p>\n\n\n\n<p>Justific\u00f3 que el albergue no tiene vigilancia policial, y que las encargadas del monitoreo, en un descuido \u201cse dieron la vuelta, y como las menores son muy listas, brincan y huyen, son ni\u00f1as muy grandes\u201d, argumento.<\/p>\n\n\n\n<p>Las autoridades del DIF-Acapulco, Fernando Solano y Reyes Cervantes, desestimaron los rumores de malos tratos por parte de los colaboradores del albergue, pues asegur\u00f3 que se trata de personas muy profesionales.<\/p>\n\n\n\n<p>En seguida a\u00f1adi\u00f3 que a las ni\u00f1as dentro del albergue les proporcionan todos los cuidados que requieren como es un techo, alimentaci\u00f3n, atenci\u00f3n psicol\u00f3gica, m\u00e9dica, estudios y recreaci\u00f3n, entre otras actividades.<\/p>\n","protected":false},"excerpt":{"rendered":"<p>&#8212; Eran v\u00edctimas de delitos de car\u00e1cter sexual, se indica&#8212; Ni sus familiares saben nada de ellas, se inform\u00f3 Javier Trujillo Acapulco, Gro.\u2013 Dos menores de 11 y 15 a\u00f1os&hellip; <\/p>\n","protected":false},"author":3,"featured_media":47656,"comment_status":"open","ping_status":"open","sticky":false,"template":"","format":"standard","meta":{"fifu_image_url":"","fifu_image_alt":"","footnotes":""},"categories":[242],"tags":[],"class_list":["post-47655","post","type-post","status-publish","format-standard","has-post-thumbnail","hentry","category-acapulco"],"_links":{"self":[{"href":"https:\/\/www.interaccionnoticias.com.mx\/index.php?rest_route=\/wp\/v2\/posts\/47655","targetHints":{"allow":["GET"]}}],"collection":[{"href":"https:\/\/www.interaccionnoticias.com.mx\/index.php?rest_route=\/wp\/v2\/posts"}],"about":[{"href":"https:\/\/www.interaccionnoticias.com.mx\/index.php?rest_route=\/wp\/v2\/types\/post"}],"author":[{"embeddable":true,"href":"https:\/\/www.interaccionnoticias.com.mx\/index.php?rest_route=\/wp\/v2\/users\/3"}],"replies":[{"embeddable":true,"href":"https:\/\/www.interaccionnoticias.com.mx\/index.php?rest_route=%2Fwp%2Fv2%2Fcomments&post=47655"}],"version-history":[{"count":1,"href":"https:\/\/www.interaccionnoticias.com.mx\/index.php?rest_route=\/wp\/v2\/posts\/47655\/revisions"}],"predecessor-version":[{"id":47657,"href":"https:\/\/www.interaccionnoticias.com.mx\/index.php?rest_route=\/wp\/v2\/posts\/47655\/revisions\/47657"}],"wp:featuredmedia":[{"embeddable":true,"href":"https:\/\/www.interaccionnoticias.com.mx\/index.php?rest_route=\/wp\/v2\/media\/47656"}],"wp:attachment":[{"href":"https:\/\/www.interaccionnoticias.com.mx\/index.php?rest_route=%2Fwp%2Fv2%2Fmedia&parent=47655"}],"wp:term":[{"taxonomy":"category","embeddable":true,"href":"https:\/\/www.interaccionnoticias.com.mx\/index.php?rest_route=%2Fwp%2Fv2%2Fcategories&post=47655"},{"taxonomy":"post_tag","embeddable":true,"href":"https:\/\/www.interaccionnoticias.com.mx\/index.php?rest_route=%2Fwp%2Fv2%2Ftags&post=47655"}],"curies":[{"name":"wp","href":"https:\/\/api.w.org\/{rel}","templated":true}]}}