{"id":47648,"date":"2022-07-10T17:58:51","date_gmt":"2022-07-10T22:58:51","guid":{"rendered":"https:\/\/interaccionnoticias.com.mx\/?p=47648"},"modified":"2022-07-10T17:58:56","modified_gmt":"2022-07-10T22:58:56","slug":"ingresa-al-penal-de-tuxpan-el-feminicida-de-taxco","status":"publish","type":"post","link":"https:\/\/www.interaccionnoticias.com.mx\/?p=47648","title":{"rendered":"Ingresa al penal de Tuxpan, el feminicida de Taxco"},"content":{"rendered":"\n<p><strong><em>&#8212; Ya fue trasladado de Tijuana hacia Iguala<\/em><\/strong><\/p>\n\n\n\n<p><strong>Rogelio Agust\u00edn<\/strong><\/p>\n\n\n\n<p>La Fiscal\u00eda General del Estado (FGE) confirm\u00f3 que C\u00e9sar G\u00f3mez Arciniega, presunto feminicida de la enfermera Magdalena Aguilar Romero, a cuatro meses con sesis meses de registrado el hecho en la cabecera municipal de Taxco.<\/p>\n\n\n\n<p>La jornada del s\u00e1bado 9 de julio, la FGE confirm\u00f3 que a trav\u00e9s de la Polic\u00eda Investigadora Ministerial (PIM) se hab\u00eda cumplimentado una orden de aprehensi\u00f3n que se encomtraba pemdiente en contra de C\u00e9sar G\u00f3mez, tras el feminicidio registrado en 2018.<\/p>\n\n\n\n<p>La entrega del presunto feminicida, se facilit\u00f3 gracias a los convenios de colaboraci\u00f3n Interinstitucional que la FGE-Guerrero tiene con su par del estado de Baja California Norte.<\/p>\n\n\n\n<p>C\u00e9sar fue trasladado a territorio guerrerense y consignado ante un Juez de Control y Enjuiciamiento penal, con sede en Iguala de la Independencia.<\/p>\n\n\n\n<p>Como medida cautelar, G\u00f3mez Arciniega fue ingresado al Centro Regional de Reinserci\u00f3n Social de Tuxp\u00e0n, donde estar\u00e1 a la espera de que se resuelva su situaci\u00f3n jur\u00eddica.<\/p>\n\n\n\n<figure class=\"wp-block-gallery columns-1 is-cropped wp-block-gallery-1 is-layout-flex wp-block-gallery-is-layout-flex\"><ul class=\"blocks-gallery-grid\"><li class=\"blocks-gallery-item\"><figure><img decoding=\"async\" src=\"data:image\/gif;base64,R0lGODlhAQABAIAAAAAAAP\/\/\/ywAAAAAAQABAAACAUwAOw==\" fifu-lazy=\"1\" fifu-data-sizes=\"auto\" fifu-data-srcset=\"https:\/\/i3.wp.com\/interaccionnoticias.com.mx\/wp-content\/uploads\/2022\/07\/220710-Cesar-Gomez-Arciniega-1024x1024.jpeg?ssl=1&w=75&resize=75&ssl=1 75w, https:\/\/i3.wp.com\/interaccionnoticias.com.mx\/wp-content\/uploads\/2022\/07\/220710-Cesar-Gomez-Arciniega-1024x1024.jpeg?ssl=1&w=100&resize=100&ssl=1 100w, https:\/\/i3.wp.com\/interaccionnoticias.com.mx\/wp-content\/uploads\/2022\/07\/220710-Cesar-Gomez-Arciniega-1024x1024.jpeg?ssl=1&w=150&resize=150&ssl=1 150w, https:\/\/i3.wp.com\/interaccionnoticias.com.mx\/wp-content\/uploads\/2022\/07\/220710-Cesar-Gomez-Arciniega-1024x1024.jpeg?ssl=1&w=240&resize=240&ssl=1 240w, https:\/\/i3.wp.com\/interaccionnoticias.com.mx\/wp-content\/uploads\/2022\/07\/220710-Cesar-Gomez-Arciniega-1024x1024.jpeg?ssl=1&w=320&resize=320&ssl=1 320w, https:\/\/i3.wp.com\/interaccionnoticias.com.mx\/wp-content\/uploads\/2022\/07\/220710-Cesar-Gomez-Arciniega-1024x1024.jpeg?ssl=1&w=500&resize=500&ssl=1 500w, https:\/\/i3.wp.com\/interaccionnoticias.com.mx\/wp-content\/uploads\/2022\/07\/220710-Cesar-Gomez-Arciniega-1024x1024.jpeg?ssl=1&w=640&resize=640&ssl=1 640w, https:\/\/i3.wp.com\/interaccionnoticias.com.mx\/wp-content\/uploads\/2022\/07\/220710-Cesar-Gomez-Arciniega-1024x1024.jpeg?ssl=1&w=800&resize=800&ssl=1 800w, https:\/\/i3.wp.com\/interaccionnoticias.com.mx\/wp-content\/uploads\/2022\/07\/220710-Cesar-Gomez-Arciniega-1024x1024.jpeg?ssl=1&w=1024&resize=1024&ssl=1 1024w, https:\/\/i3.wp.com\/interaccionnoticias.com.mx\/wp-content\/uploads\/2022\/07\/220710-Cesar-Gomez-Arciniega-1024x1024.jpeg?ssl=1&w=1280&resize=1280&ssl=1 1280w, https:\/\/i3.wp.com\/interaccionnoticias.com.mx\/wp-content\/uploads\/2022\/07\/220710-Cesar-Gomez-Arciniega-1024x1024.jpeg?ssl=1&w=1600&resize=1600&ssl=1 1600w\" fifu-data-src=\"https:\/\/i3.wp.com\/interaccionnoticias.com.mx\/wp-content\/uploads\/2022\/07\/220710-Cesar-Gomez-Arciniega-1024x1024.jpeg?ssl=1\" alt=\"\" data-id=\"47649\" data-full-url=\"https:\/\/interaccionnoticias.com.mx\/wp-content\/uploads\/2022\/07\/220710-Cesar-Gomez-Arciniega.jpeg\" data-link=\"https:\/\/interaccionnoticias.com.mx\/?attachment_id=47649\" class=\"wp-image-47649\"\/><\/figure><\/li><\/ul><\/figure>\n","protected":false},"excerpt":{"rendered":"<p>&#8212; Ya fue trasladado de Tijuana hacia Iguala Rogelio Agust\u00edn La Fiscal\u00eda General del Estado (FGE) confirm\u00f3 que C\u00e9sar G\u00f3mez Arciniega, presunto feminicida de la enfermera Magdalena Aguilar Romero, a&hellip; <\/p>\n","protected":false},"author":21,"featured_media":47650,"comment_status":"open","ping_status":"open","sticky":false,"template":"","format":"standard","meta":{"fifu_image_url":"","fifu_image_alt":"","footnotes":""},"categories":[27],"tags":[],"class_list":["post-47648","post","type-post","status-publish","format-standard","has-post-thumbnail","hentry","category-seguridad-publica"],"_links":{"self":[{"href":"https:\/\/www.interaccionnoticias.com.mx\/index.php?rest_route=\/wp\/v2\/posts\/47648","targetHints":{"allow":["GET"]}}],"collection":[{"href":"https:\/\/www.interaccionnoticias.com.mx\/index.php?rest_route=\/wp\/v2\/posts"}],"about":[{"href":"https:\/\/www.interaccionnoticias.com.mx\/index.php?rest_route=\/wp\/v2\/types\/post"}],"author":[{"embeddable":true,"href":"https:\/\/www.interaccionnoticias.com.mx\/index.php?rest_route=\/wp\/v2\/users\/21"}],"replies":[{"embeddable":true,"href":"https:\/\/www.interaccionnoticias.com.mx\/index.php?rest_route=%2Fwp%2Fv2%2Fcomments&post=47648"}],"version-history":[{"count":1,"href":"https:\/\/www.interaccionnoticias.com.mx\/index.php?rest_route=\/wp\/v2\/posts\/47648\/revisions"}],"predecessor-version":[{"id":47651,"href":"https:\/\/www.interaccionnoticias.com.mx\/index.php?rest_route=\/wp\/v2\/posts\/47648\/revisions\/47651"}],"wp:featuredmedia":[{"embeddable":true,"href":"https:\/\/www.interaccionnoticias.com.mx\/index.php?rest_route=\/wp\/v2\/media\/47650"}],"wp:attachment":[{"href":"https:\/\/www.interaccionnoticias.com.mx\/index.php?rest_route=%2Fwp%2Fv2%2Fmedia&parent=47648"}],"wp:term":[{"taxonomy":"category","embeddable":true,"href":"https:\/\/www.interaccionnoticias.com.mx\/index.php?rest_route=%2Fwp%2Fv2%2Fcategories&post=47648"},{"taxonomy":"post_tag","embeddable":true,"href":"https:\/\/www.interaccionnoticias.com.mx\/index.php?rest_route=%2Fwp%2Fv2%2Ftags&post=47648"}],"curies":[{"name":"wp","href":"https:\/\/api.w.org\/{rel}","templated":true}]}}