{"id":47642,"date":"2022-07-10T12:42:27","date_gmt":"2022-07-10T17:42:27","guid":{"rendered":"https:\/\/interaccionnoticias.com.mx\/?p=47642"},"modified":"2022-07-10T12:42:32","modified_gmt":"2022-07-10T17:42:32","slug":"en-riesgo-la-participacion-de-los-avispones-en-la-premier-b-en-el-peor-de-los-casos-podrian-regresar-a-la-tdp","status":"publish","type":"post","link":"https:\/\/www.interaccionnoticias.com.mx\/?p=47642","title":{"rendered":"En riesgo la participaci\u00f3n de los Avispones en la Premier B, en el peor de los casos podr\u00edan regresar a la TDP"},"content":{"rendered":"\n<p><strong><em>&#8212; Tienen menos de un mes para cumplir con la adecuaci\u00f3n de la cancha<\/em><\/strong><\/p>\n\n\n\n<p><strong><em>&#8212; Autoridades no han dado respuesta para las remodelaciones<\/em><\/strong><\/p>\n\n\n\n<p><strong>Dassaev T\u00e9llez Adame<\/strong><\/p>\n\n\n\n<p>Chilpancingo, 10 de julio. &#8211; A poco m\u00e1s de un mes de que se d\u00e9 inicio con el torneo de Apertura de la Temporada 2022-2023 de la Liga Premier B, Los Avispones de Chilpancingo comienzan a tener el tiempo encima y de no cumplir con el \u00fanico requisito indispensable que la liga les ha pedido, siendo este la rehabilitaci\u00f3n de la cancha, su participaci\u00f3n en esta categor\u00eda del balompi\u00e9 profesional mexicano est\u00e1 en duda.<\/p>\n\n\n\n<p>De acuerdo con fuentes cercanas al equipo, el estadio \u2018Vicente Guerrero\u2019 necesita ser ampliado de 5 a 8 mil espacios para los asistentes, mejorar los vestidores y bancas de local y visitante, adem\u00e1s de arreglar los ba\u00f1os (algunos no tienen puertas o est\u00e1n en p\u00e9simas condiciones) y la cancha \u2018David Josu\u00e9 Evangelista\u2019 necesita ser remodelada en su totalidad, siendo este \u00faltimo punto el m\u00e1s importante para que el equipo juegue en lo que coloquialmente se le conoce como \u201csegunda\u201d.<\/p>\n\n\n\n<p>Se tiene conocimiento de que los directivos de la Liga Premier dieron como plazo hasta los primeros d\u00edas del mes de agosto para que los Avispones presenten una cancha en condiciones aptas para el juego, los dem\u00e1s detalles pueden irse arreglando con el tiempo, en caso de no ser as\u00ed, su participaci\u00f3n en la temporada 2022-2023 seria en la Liga Tercera Divisi\u00f3n Profesional (TDP), donde pelearon por casi 34 a\u00f1os por el ascenso.<\/p>\n\n\n\n<p>Es bien sabido que el polideportivo es parte del Gobierno del Estado despu\u00e9s del comodato que diera con el Ayuntamiento de Chilpancingo en la administraci\u00f3n de \u00c1ngel Aguirre Rivero para su remodelaci\u00f3n.<\/p>\n\n\n\n<p>Han pasado 9 a\u00f1os ya de este cambio de pasto natural a sint\u00e9tico y vaya que se muestra el desgaste en las partes de las \u00c1reas de porter\u00edas, c\u00edrculo del medio campo, falta de pasto sint\u00e9tico en los manchones penales, casi cemento ya en las \u00e1reas chicas de los porteros y unos desniveles que dej\u00f3 la tormenta Ingrid y Manuel.<\/p>\n\n\n\n<p>Si Avispones quiere jugar en la capital la Liga Premier, este campo tiene que estar antes del 28 de agosto (fecha en que arranca el torneo de apertura), ya veremos si las autoridades Estatales realizan lo pertinente pues recordemos que han ratificado su apoyo al equipo del pueblo y este proyecto debe de continuar y seguir en su casa, \u201cEl panal m\u00e1s grande de M\u00e9xico\u201d.<\/p>\n\n\n\n<p>En ese sentido, la directiva y algunos aficionados est\u00e1n tocando puertas con el gobierno y la iniciativa privada para cumplir con los requisitos que le pide la Liga Premier y con ello Chilpancingo cuente por primera vez en su historia, con f\u00fatbol profesional de Segunda divisi\u00f3n.<\/p>\n\n\n\n<p>Pero se sigue a la espera de que las autoridades, tanto estatales como municipales, den respuesta pronta para la reparaci\u00f3n de la cancha, la cual necesita al menos 2 meses para ser terminada.<\/p>\n\n\n\n<p>Por lo que, los directivos se han dado a la tarea de buscar opciones, dentro y fuera del estado, para que el equipo juegue en la Premier, siendo las opciones Iguala, Acapulco y Morelos, para que los j\u00f3venes jugadores que lucharon por el tan so\u00f1ado ascenso puedan jugar en lo que por derecho se ganaron.<br><\/p>\n","protected":false},"excerpt":{"rendered":"<p>&#8212; Tienen menos de un mes para cumplir con la adecuaci\u00f3n de la cancha &#8212; Autoridades no han dado respuesta para las remodelaciones Dassaev T\u00e9llez Adame Chilpancingo, 10 de julio.&hellip; <\/p>\n","protected":false},"author":9,"featured_media":47643,"comment_status":"open","ping_status":"open","sticky":false,"template":"","format":"standard","meta":{"fifu_image_url":"","fifu_image_alt":"","footnotes":""},"categories":[243],"tags":[],"class_list":["post-47642","post","type-post","status-publish","format-standard","has-post-thumbnail","hentry","category-deportes"],"_links":{"self":[{"href":"https:\/\/www.interaccionnoticias.com.mx\/index.php?rest_route=\/wp\/v2\/posts\/47642","targetHints":{"allow":["GET"]}}],"collection":[{"href":"https:\/\/www.interaccionnoticias.com.mx\/index.php?rest_route=\/wp\/v2\/posts"}],"about":[{"href":"https:\/\/www.interaccionnoticias.com.mx\/index.php?rest_route=\/wp\/v2\/types\/post"}],"author":[{"embeddable":true,"href":"https:\/\/www.interaccionnoticias.com.mx\/index.php?rest_route=\/wp\/v2\/users\/9"}],"replies":[{"embeddable":true,"href":"https:\/\/www.interaccionnoticias.com.mx\/index.php?rest_route=%2Fwp%2Fv2%2Fcomments&post=47642"}],"version-history":[{"count":1,"href":"https:\/\/www.interaccionnoticias.com.mx\/index.php?rest_route=\/wp\/v2\/posts\/47642\/revisions"}],"predecessor-version":[{"id":47644,"href":"https:\/\/www.interaccionnoticias.com.mx\/index.php?rest_route=\/wp\/v2\/posts\/47642\/revisions\/47644"}],"wp:featuredmedia":[{"embeddable":true,"href":"https:\/\/www.interaccionnoticias.com.mx\/index.php?rest_route=\/wp\/v2\/media\/47643"}],"wp:attachment":[{"href":"https:\/\/www.interaccionnoticias.com.mx\/index.php?rest_route=%2Fwp%2Fv2%2Fmedia&parent=47642"}],"wp:term":[{"taxonomy":"category","embeddable":true,"href":"https:\/\/www.interaccionnoticias.com.mx\/index.php?rest_route=%2Fwp%2Fv2%2Fcategories&post=47642"},{"taxonomy":"post_tag","embeddable":true,"href":"https:\/\/www.interaccionnoticias.com.mx\/index.php?rest_route=%2Fwp%2Fv2%2Ftags&post=47642"}],"curies":[{"name":"wp","href":"https:\/\/api.w.org\/{rel}","templated":true}]}}