{"id":47638,"date":"2022-07-08T20:57:48","date_gmt":"2022-07-09T01:57:48","guid":{"rendered":"https:\/\/interaccionnoticias.com.mx\/?p=47638"},"modified":"2022-07-08T20:57:54","modified_gmt":"2022-07-09T01:57:54","slug":"hacen-efectiva-la-orden-de-aprehension-librada-contra-el-feminicida-de-la-nutriologa-de-taxco","status":"publish","type":"post","link":"https:\/\/www.interaccionnoticias.com.mx\/?p=47638","title":{"rendered":"Hacen efectiva la orden de aprehensi\u00f3n librada contra el feminicida de la nutri\u00f3loga de Taxco"},"content":{"rendered":"\n<p>&#8212; C\u00e9sar G\u00f3mez Arciniega, quien huy\u00f3 durante cuatro a\u00f1os, ya est\u00e1 en manos de la FGE-Guerrero<\/p>\n\n\n\n<p>Jes\u00fas Dorantes<\/p>\n\n\n\n<p>La Fiscal\u00eda General del Estado (FGE) hizo efectiva la orden de aprehensi\u00f3n emitida desde 2018 en contra de C\u00e9sar G\u00f3mez Arciniega, por el feminicidio cometido en contra su ex esposa, la nutri\u00f3loga Magdalena Aguilar, a quien asesin\u00f3, desmembr\u00f3 y cocin\u00f3 en un botanero ubicado en Taxco de Alarc\u00f3n.<\/p>\n\n\n\n<p>La jornada del viernes 8 de julio, elementos de la Polic\u00eda Investigadora Ministerial (PIM) viajaron hasta Tijuana Baja California, ciudad en la que G\u00f3mez Arciniega fue detenido la noche del mi\u00e9rcoles 6, sin que opusiera resistencia.<\/p>\n\n\n\n<p>En una escueta tarjeta informativa, se se\u00f1ala que el personal de la FGE se aperson\u00f3 en dicha ciudad para recibir al feminicida.<\/p>\n\n\n\n<p>Los elementos de la PIM regresar\u00e1n a Guerrero con la finalidad de presentarlo ante las instancias correspondientes, para efecto de que se le vincule a proceso y se emita la sentencia correspondiente.<\/p>\n\n\n\n<p>C\u00e9sar G\u00f3mez permaneci\u00f3 impune durante cuatro a\u00f1os y medio, una vez que la Fiscal\u00eda de Guerrero, durante la gesti\u00f3n de Javier Olea Pel\u00e1ez sostuvo que era el principal responsable de la privaci\u00f3n de la libertad, el asesinato por ahorcamiento, as\u00ed como el trato con extrema crueldad hacia el cuerpo de la nutri\u00f3loga de 25 a\u00f1os de edad.<\/p>\n\n\n\n<p>De acuerdo con el ex fiscal, el ataque en contra de Magdalena Aguilar, se perpetr\u00f3 frente a sus dos hijos menores.<\/p>\n\n\n\n<p>Hasta el momento, la \u00fanica persona que se encuentra formalmente presa por dicho hecho es la se\u00f1ora Silvia Arciniega, madre de C\u00e9sar, quien purga una condena de 40 a\u00f1os de prisi\u00f3n por el delito de feminicidio.<\/p>\n\n\n\n<p>La jornada del jueves 7 de junio, cuando se confirm\u00f3 la detenci\u00f3n de C\u00e9sar, la activista Marina Reyna Aguilar, presidenta de la Asociaci\u00f3n Civil contra la Violencia hacia la Mujer en el Estado de Guerrero, dijo que las autoridades \u201cse tardaron mucho\u201d en lograr la detenci\u00f3n.<\/p>\n\n\n\n<p>Sin embargo, reconoci\u00f3 que es importante saber que habr\u00e1 justicia en el caso de Magdalena.<\/p>\n\n\n\n<p>Anticip\u00f3 que las colectivas que defienden los derechos de las mujeres van a estar pendientes del caso, hasta que el juez emita la sentencia correspondiente.<br><\/p>\n","protected":false},"excerpt":{"rendered":"<p>&#8212; C\u00e9sar G\u00f3mez Arciniega, quien huy\u00f3 durante cuatro a\u00f1os, ya est\u00e1 en manos de la FGE-Guerrero Jes\u00fas Dorantes La Fiscal\u00eda General del Estado (FGE) hizo efectiva la orden de aprehensi\u00f3n&hellip; <\/p>\n","protected":false},"author":8,"featured_media":47640,"comment_status":"open","ping_status":"open","sticky":false,"template":"","format":"standard","meta":{"fifu_image_url":"","fifu_image_alt":"","footnotes":""},"categories":[27],"tags":[],"class_list":["post-47638","post","type-post","status-publish","format-standard","has-post-thumbnail","hentry","category-seguridad-publica"],"_links":{"self":[{"href":"https:\/\/www.interaccionnoticias.com.mx\/index.php?rest_route=\/wp\/v2\/posts\/47638","targetHints":{"allow":["GET"]}}],"collection":[{"href":"https:\/\/www.interaccionnoticias.com.mx\/index.php?rest_route=\/wp\/v2\/posts"}],"about":[{"href":"https:\/\/www.interaccionnoticias.com.mx\/index.php?rest_route=\/wp\/v2\/types\/post"}],"author":[{"embeddable":true,"href":"https:\/\/www.interaccionnoticias.com.mx\/index.php?rest_route=\/wp\/v2\/users\/8"}],"replies":[{"embeddable":true,"href":"https:\/\/www.interaccionnoticias.com.mx\/index.php?rest_route=%2Fwp%2Fv2%2Fcomments&post=47638"}],"version-history":[{"count":1,"href":"https:\/\/www.interaccionnoticias.com.mx\/index.php?rest_route=\/wp\/v2\/posts\/47638\/revisions"}],"predecessor-version":[{"id":47641,"href":"https:\/\/www.interaccionnoticias.com.mx\/index.php?rest_route=\/wp\/v2\/posts\/47638\/revisions\/47641"}],"wp:featuredmedia":[{"embeddable":true,"href":"https:\/\/www.interaccionnoticias.com.mx\/index.php?rest_route=\/wp\/v2\/media\/47640"}],"wp:attachment":[{"href":"https:\/\/www.interaccionnoticias.com.mx\/index.php?rest_route=%2Fwp%2Fv2%2Fmedia&parent=47638"}],"wp:term":[{"taxonomy":"category","embeddable":true,"href":"https:\/\/www.interaccionnoticias.com.mx\/index.php?rest_route=%2Fwp%2Fv2%2Fcategories&post=47638"},{"taxonomy":"post_tag","embeddable":true,"href":"https:\/\/www.interaccionnoticias.com.mx\/index.php?rest_route=%2Fwp%2Fv2%2Ftags&post=47638"}],"curies":[{"name":"wp","href":"https:\/\/api.w.org\/{rel}","templated":true}]}}