{"id":47632,"date":"2022-07-08T16:58:13","date_gmt":"2022-07-08T21:58:13","guid":{"rendered":"https:\/\/interaccionnoticias.com.mx\/?p=47632"},"modified":"2022-07-08T16:58:18","modified_gmt":"2022-07-08T21:58:18","slug":"con-cancer-menor-es-designado-soldado-honorario","status":"publish","type":"post","link":"https:\/\/www.interaccionnoticias.com.mx\/?p=47632","title":{"rendered":"Con c\u00e1ncer, menor es designado \u201cSoldado honorario\u201d"},"content":{"rendered":"\n<p>&#8212; De seis a\u00f1os, es originario del municipio de Alcozahuca<br>&#8212; Desde hace seis meses est\u00e1 en AMANC Guerrero<\/p>\n\n\n\n<p>Javier Trujillo<\/p>\n\n\n\n<p>Acapulco, Gro. \u2013 Con apenas seis a\u00f1os de edad, originario del municipio de Alcozahuca, regi\u00f3n de la Monta\u00f1a, Endir Joan G\u00e1lvez Mendoza, fue designado \u201cSoldado Honorario\u201d, por un d\u00eda en el 56 batall\u00f3n de Infanter\u00eda en Acapulco.<\/p>\n\n\n\n<p>El menor, lleg\u00f3 hace seis meses al puerto de Acapulco, donde la Asociaci\u00f3n Mexicana de Ayuda a Ni\u00f1os con C\u00e1ncer (AMANC) en Guerrero, lo atienden de leucemia linfobl\u00e1stica aguda, y desde hace seis meses est\u00e1 en tratamiento.<\/p>\n\n\n\n<p>\u201cEs un evento que cada a\u00f1o el Ej\u00e9rcito (mexicano) hace, y es motivante para los ni\u00f1os que su sue\u00f1o es formar parte de las fuerzas armadas.<\/p>\n\n\n\n<p>\u201cLas caracter\u00edsticas para elegirlos es que no tenga cita m\u00e9dica, que sea un ni\u00f1o de cinco a seis a\u00f1os de edad\u201d, explic\u00f3 brevemente la presidenta del Consejo de AMANC Guerrero, Lizbet Lacunza.<\/p>\n\n\n\n<p>Dijo que la designaci\u00f3n del menor como soldado honorario, les permite mejorar su estado de \u00e1nimo, a pesar que en el caso de Endir Joan.<\/p>\n\n\n\n<p>\u201cEste a\u00f1o, fue diagnosticado con c\u00e1ncer, y lleva un tratamiento, contra el c\u00e1ncer, y desde que lleg\u00f3 al puerto de Acapulco para una revisi\u00f3n, se les informa que tiene leucemia, por lo que se qued\u00f3 la familia y est\u00e1n en casa AMANC\u201d, se\u00f1al\u00f3.<\/p>\n\n\n\n<p>De la mano del coronel de Infanter\u00eda, y comandante del 56 Batall\u00f3n de Infanter\u00eda, Diego Antonio Ch\u00e1vez Alcaraz, el menor recorri\u00f3 la explanada del 56 Batall\u00f3n de Infanter\u00eda, ante efectivos de las diversas \u00e1reas de la SEDENA y recibi\u00f3 un reconocimiento, as\u00ed como una medalla como integrante honorario del Ej\u00e9rcito mexicano.<br><\/p>\n","protected":false},"excerpt":{"rendered":"<p>&#8212; De seis a\u00f1os, es originario del municipio de Alcozahuca&#8212; Desde hace seis meses est\u00e1 en AMANC Guerrero Javier Trujillo Acapulco, Gro. \u2013 Con apenas seis a\u00f1os de edad, originario&hellip; <\/p>\n","protected":false},"author":3,"featured_media":47633,"comment_status":"open","ping_status":"open","sticky":false,"template":"","format":"standard","meta":{"fifu_image_url":"","fifu_image_alt":"","footnotes":""},"categories":[29],"tags":[],"class_list":["post-47632","post","type-post","status-publish","format-standard","has-post-thumbnail","hentry","category-sociedad"],"_links":{"self":[{"href":"https:\/\/www.interaccionnoticias.com.mx\/index.php?rest_route=\/wp\/v2\/posts\/47632","targetHints":{"allow":["GET"]}}],"collection":[{"href":"https:\/\/www.interaccionnoticias.com.mx\/index.php?rest_route=\/wp\/v2\/posts"}],"about":[{"href":"https:\/\/www.interaccionnoticias.com.mx\/index.php?rest_route=\/wp\/v2\/types\/post"}],"author":[{"embeddable":true,"href":"https:\/\/www.interaccionnoticias.com.mx\/index.php?rest_route=\/wp\/v2\/users\/3"}],"replies":[{"embeddable":true,"href":"https:\/\/www.interaccionnoticias.com.mx\/index.php?rest_route=%2Fwp%2Fv2%2Fcomments&post=47632"}],"version-history":[{"count":1,"href":"https:\/\/www.interaccionnoticias.com.mx\/index.php?rest_route=\/wp\/v2\/posts\/47632\/revisions"}],"predecessor-version":[{"id":47634,"href":"https:\/\/www.interaccionnoticias.com.mx\/index.php?rest_route=\/wp\/v2\/posts\/47632\/revisions\/47634"}],"wp:featuredmedia":[{"embeddable":true,"href":"https:\/\/www.interaccionnoticias.com.mx\/index.php?rest_route=\/wp\/v2\/media\/47633"}],"wp:attachment":[{"href":"https:\/\/www.interaccionnoticias.com.mx\/index.php?rest_route=%2Fwp%2Fv2%2Fmedia&parent=47632"}],"wp:term":[{"taxonomy":"category","embeddable":true,"href":"https:\/\/www.interaccionnoticias.com.mx\/index.php?rest_route=%2Fwp%2Fv2%2Fcategories&post=47632"},{"taxonomy":"post_tag","embeddable":true,"href":"https:\/\/www.interaccionnoticias.com.mx\/index.php?rest_route=%2Fwp%2Fv2%2Ftags&post=47632"}],"curies":[{"name":"wp","href":"https:\/\/api.w.org\/{rel}","templated":true}]}}