{"id":47623,"date":"2022-07-08T16:38:52","date_gmt":"2022-07-08T21:38:52","guid":{"rendered":"https:\/\/interaccionnoticias.com.mx\/?p=47623"},"modified":"2022-07-08T16:38:58","modified_gmt":"2022-07-08T21:38:58","slug":"marchan-cetegistas-en-acapulco","status":"publish","type":"post","link":"https:\/\/www.interaccionnoticias.com.mx\/?p=47623","title":{"rendered":"Marchan cetegistas en Acapulco"},"content":{"rendered":"\n<p>&#8212; Una marcha pac\u00edfica que ocasion\u00f3 caos vial<br>&#8212; Reclaman al gobierno estatal y federal plazas<\/p>\n\n\n\n<p>Javier Trujillo<\/p>\n\n\n\n<p>Acapulco, Gro. \u2013 Con la finalidad de plantear diversas demandas, docentes marcharon por la costera Miguel Alem\u00e1n.<\/p>\n\n\n\n<p>Exigen la basificaci\u00f3n de mil 200 docentes de contrato, quienes ya cumplieron el periodo de seis meses y un d\u00eda, para lograr la base, y el ingreso de otros tres mil trabajadores que est\u00e1n fuera del FONE.<\/p>\n\n\n\n<p>Eran unos 500 maestros agrupados en la Coordinadora Estatal de Trabajadores de la Educaci\u00f3n del Estado de Guerrero, quienes marcharon de las instalaciones del Ex Ineban hasta la oficina de finanzas del gobierno estatal.<\/p>\n\n\n\n<p>Los cetegistas, llevaron a cabo una marcha pac\u00edfica, pero reclamando a las autoridades educativas del estado y la federaci\u00f3n que no han dado respuesta a las demandas que se han planteado para hacer justicia laboral al magisterio disidente.<\/p>\n\n\n\n<p>Son maestros disidentes que llegaron provenientes de la regi\u00f3n de la Costa Grande y del puerto de Acapulco, para iniciar lo que llamaron una jornada de lucha para exigir justicia laboral.<\/p>\n\n\n\n<p>Iban encabezados por el dirigente en Acapulco, Walter Emmanuel A\u00f1orve Rodr\u00edguez, Salvador Rosas Z\u00fa\u00f1iga, representante de la regi\u00f3n de la Costa Grande; entre otros delegados.<br>En una primera instancia la marcha cerr\u00f3 el sentido de la costera que va del z\u00f3calo a la Base Naval, lo que ocasion\u00f3 un severo congestionamiento vehicular, y motiv\u00f3 al personal de la Polic\u00eda Vial realizar cortes a la circulaci\u00f3n, y hacer carriles de contraflujo para agilizar la circulaci\u00f3n en este fin de semana.<\/p>\n\n\n\n<p>La macha lleg\u00f3 hasta las oficinas de la recaudaci\u00f3n de la Secretar\u00eda de Administraci\u00f3n y Finanzas del gobierno del estado, ubicadas en el fraccionamiento Costa Azul donde realizaron un mitin.<\/p>\n\n\n\n<p>Fue el docente y representante cetegista de la Costa Grande, Manuel Salvador Rosas Z\u00fa\u00f1iga quien se\u00f1al\u00f3 que a pesar de las advertencias de la gobernadora Evelyn Salgado Pineda de no permitir m\u00e1s bloqueos, el magisterio disidente saldr\u00eda a las calles para seguirse manifestando y defender\u00eda los derechos de sus representados hasta las \u00faltimas consecuencias.<\/p>\n\n\n\n<p>Finalmente aseguraron que el pr\u00f3ximo martes acudir\u00e1 una comisi\u00f3n de las tres regiones educativas, de la Costa Grande, Acapulco y Zona Norte a entregar formalmente la solicitud de audiencia en la Unidad del Sistema para las Carreras de las Maestras y Maestros y, el jueves 14 de julio se reunir\u00e1n con el secretario de Educaci\u00f3n Guerrero, Marcial Rodr\u00edguez Salda\u00f1a al mediod\u00eda.<\/p>\n\n\n\n<p>Cabe mencionar que, en conferencia, A\u00f1orve Rodr\u00edguez dej\u00f3 en claro que los docentes no presentar\u00e1n su declaraci\u00f3n patrimonial como lo establece la Constituci\u00f3n, y como lo dio a conocer el contralor Eduardo Lor\u00eda Casanova.<\/p>\n\n\n\n<p>Se\u00f1alaron que son asalariados del gobierno y no manejan recursos p\u00fablicos, por lo que consider\u00f3, se trata de una ley injusta.<br><\/p>\n\n\n\n<figure class=\"wp-block-gallery columns-1 is-cropped wp-block-gallery-1 is-layout-flex wp-block-gallery-is-layout-flex\"><ul class=\"blocks-gallery-grid\"><li class=\"blocks-gallery-item\"><figure><img decoding=\"async\" src=\"data:image\/gif;base64,R0lGODlhAQABAIAAAAAAAP\/\/\/ywAAAAAAQABAAACAUwAOw==\" fifu-lazy=\"1\" fifu-data-sizes=\"auto\" fifu-data-srcset=\"https:\/\/i2.wp.com\/interaccionnoticias.com.mx\/wp-content\/uploads\/2022\/07\/IMG-20220708-WA0015-1024x768.jpg?ssl=1&w=75&resize=75&ssl=1 75w, https:\/\/i2.wp.com\/interaccionnoticias.com.mx\/wp-content\/uploads\/2022\/07\/IMG-20220708-WA0015-1024x768.jpg?ssl=1&w=100&resize=100&ssl=1 100w, https:\/\/i2.wp.com\/interaccionnoticias.com.mx\/wp-content\/uploads\/2022\/07\/IMG-20220708-WA0015-1024x768.jpg?ssl=1&w=150&resize=150&ssl=1 150w, https:\/\/i2.wp.com\/interaccionnoticias.com.mx\/wp-content\/uploads\/2022\/07\/IMG-20220708-WA0015-1024x768.jpg?ssl=1&w=240&resize=240&ssl=1 240w, https:\/\/i2.wp.com\/interaccionnoticias.com.mx\/wp-content\/uploads\/2022\/07\/IMG-20220708-WA0015-1024x768.jpg?ssl=1&w=320&resize=320&ssl=1 320w, https:\/\/i2.wp.com\/interaccionnoticias.com.mx\/wp-content\/uploads\/2022\/07\/IMG-20220708-WA0015-1024x768.jpg?ssl=1&w=500&resize=500&ssl=1 500w, https:\/\/i2.wp.com\/interaccionnoticias.com.mx\/wp-content\/uploads\/2022\/07\/IMG-20220708-WA0015-1024x768.jpg?ssl=1&w=640&resize=640&ssl=1 640w, https:\/\/i2.wp.com\/interaccionnoticias.com.mx\/wp-content\/uploads\/2022\/07\/IMG-20220708-WA0015-1024x768.jpg?ssl=1&w=800&resize=800&ssl=1 800w, https:\/\/i2.wp.com\/interaccionnoticias.com.mx\/wp-content\/uploads\/2022\/07\/IMG-20220708-WA0015-1024x768.jpg?ssl=1&w=1024&resize=1024&ssl=1 1024w, https:\/\/i2.wp.com\/interaccionnoticias.com.mx\/wp-content\/uploads\/2022\/07\/IMG-20220708-WA0015-1024x768.jpg?ssl=1&w=1280&resize=1280&ssl=1 1280w, https:\/\/i2.wp.com\/interaccionnoticias.com.mx\/wp-content\/uploads\/2022\/07\/IMG-20220708-WA0015-1024x768.jpg?ssl=1&w=1600&resize=1600&ssl=1 1600w\" fifu-data-src=\"https:\/\/i2.wp.com\/interaccionnoticias.com.mx\/wp-content\/uploads\/2022\/07\/IMG-20220708-WA0015-1024x768.jpg?ssl=1\" alt=\"\" data-id=\"47625\" data-full-url=\"https:\/\/interaccionnoticias.com.mx\/wp-content\/uploads\/2022\/07\/IMG-20220708-WA0015.jpg\" data-link=\"https:\/\/interaccionnoticias.com.mx\/?attachment_id=47625\" class=\"wp-image-47625\"\/><\/figure><\/li><\/ul><\/figure>\n\n\n","protected":false},"excerpt":{"rendered":"<p>&#8212; Una marcha pac\u00edfica que ocasion\u00f3 caos vial&#8212; Reclaman al gobierno estatal y federal plazas Javier Trujillo Acapulco, Gro. \u2013 Con la finalidad de plantear diversas demandas, docentes marcharon por&hellip; <\/p>\n","protected":false},"author":3,"featured_media":47625,"comment_status":"open","ping_status":"open","sticky":false,"template":"","format":"standard","meta":{"fifu_image_url":"","fifu_image_alt":"","footnotes":""},"categories":[6],"tags":[],"class_list":["post-47623","post","type-post","status-publish","format-standard","has-post-thumbnail","hentry","category-educacion"],"_links":{"self":[{"href":"https:\/\/www.interaccionnoticias.com.mx\/index.php?rest_route=\/wp\/v2\/posts\/47623","targetHints":{"allow":["GET"]}}],"collection":[{"href":"https:\/\/www.interaccionnoticias.com.mx\/index.php?rest_route=\/wp\/v2\/posts"}],"about":[{"href":"https:\/\/www.interaccionnoticias.com.mx\/index.php?rest_route=\/wp\/v2\/types\/post"}],"author":[{"embeddable":true,"href":"https:\/\/www.interaccionnoticias.com.mx\/index.php?rest_route=\/wp\/v2\/users\/3"}],"replies":[{"embeddable":true,"href":"https:\/\/www.interaccionnoticias.com.mx\/index.php?rest_route=%2Fwp%2Fv2%2Fcomments&post=47623"}],"version-history":[{"count":1,"href":"https:\/\/www.interaccionnoticias.com.mx\/index.php?rest_route=\/wp\/v2\/posts\/47623\/revisions"}],"predecessor-version":[{"id":47626,"href":"https:\/\/www.interaccionnoticias.com.mx\/index.php?rest_route=\/wp\/v2\/posts\/47623\/revisions\/47626"}],"wp:featuredmedia":[{"embeddable":true,"href":"https:\/\/www.interaccionnoticias.com.mx\/index.php?rest_route=\/wp\/v2\/media\/47625"}],"wp:attachment":[{"href":"https:\/\/www.interaccionnoticias.com.mx\/index.php?rest_route=%2Fwp%2Fv2%2Fmedia&parent=47623"}],"wp:term":[{"taxonomy":"category","embeddable":true,"href":"https:\/\/www.interaccionnoticias.com.mx\/index.php?rest_route=%2Fwp%2Fv2%2Fcategories&post=47623"},{"taxonomy":"post_tag","embeddable":true,"href":"https:\/\/www.interaccionnoticias.com.mx\/index.php?rest_route=%2Fwp%2Fv2%2Ftags&post=47623"}],"curies":[{"name":"wp","href":"https:\/\/api.w.org\/{rel}","templated":true}]}}