{"id":47620,"date":"2022-07-08T16:31:36","date_gmt":"2022-07-08T21:31:36","guid":{"rendered":"https:\/\/interaccionnoticias.com.mx\/?p=47620"},"modified":"2022-07-08T16:31:41","modified_gmt":"2022-07-08T21:31:41","slug":"el-chucho-comandante-de-la-upoeg-es-investigado-por-homicidio-calificado","status":"publish","type":"post","link":"https:\/\/www.interaccionnoticias.com.mx\/?p=47620","title":{"rendered":"\u201cEl Chucho\u201d, comandante de la UPOEG es investigado por homicidio calificado"},"content":{"rendered":"\n<p>&#8212; Exist\u00edan ordenes de aprehensi\u00f3n rezagadas en la Fiscal\u00eda General del Estado<\/p>\n\n\n\n<p>Jes\u00fas Dorantes<\/p>\n\n\n\n<p>Chilpancingo, Gro.- El comandante de la Uni\u00f3n de Pueblos Organizados del Estado de Guerrero (UPOEG) en Marquelia, Jes\u00fas \u201cN\u201d alias \u201cEl Chucho\u201d es investigado por homicidio calificado y no s\u00f3lo por el enfrentamiento a balazos que sostuvo con elementos de la Marina Marquelia, municipio ubicado en la Costa Chica de Guerrero.<\/p>\n\n\n\n<p>Ram\u00f3n Celaya Gamboa, vicefiscal de Investigaci\u00f3n de la Fiscal\u00eda General del Estado (FGE), dio a conocer que tras la detenci\u00f3n del mando de la UPOEG, el pasado 28 de junio, se le traslad\u00f3 a Chilpancingo, d\u00f3nde qued\u00f3 a disposici\u00f3n de la Fiscal\u00eda General de la Rep\u00fablica (FGR).<br>\u00abEl Chucho\u00bb ingres\u00f3 a la delegaci\u00f3n de la FGR de Chilpancingo junto con otros siete \u00cdntegrantes de la UPOEG, la mayor\u00eda relacionados con el delito de portaci\u00f3n de arma de fuego de uso exclusivo del Ej\u00e9rcito.<\/p>\n\n\n\n<p>Celaya Gamboa revel\u00f3 que el Ministerio P\u00fablico abri\u00f3 una carpeta de investigaci\u00f3n en contra del mando de la UPIEG por el delito de homicidio calificado cometido con arma de fuego.<br>Dicho delito se cometi\u00f3 en contra de Luis \u201cN\u201d, en el mismo municipio de Marquelia, la FGE investiga a quien resulte responsable.<\/p>\n\n\n\n<p>Derivado de las investigaciones, el pasado 6 de julio, un Juez de Control libr\u00f3 una orden de aprehensi\u00f3n en contra del tambi\u00e9n conocido como \u201cComandante Calleja\u201d o Jes\u00fas \u201cN\u201d por su probable participaci\u00f3n en dicho asesinato.<\/p>\n\n\n\n<p>De esa manera, dijo que se ha sumado un delito m\u00e1s al integrante de la UPOEG, lo que se suma a los se\u00f1alamientos hechos por el subsecretario de Seguridad P\u00fablica Federal, Ricardo Mej\u00eda Berdeja, en el sentido de que algunos \u00cdntegrantes de la UPOEG hacen el papel de base social de un grupo del crimen organizado.<\/p>\n\n\n\n<p>Ante el cuestionamiento de si las ordenes de aprehensi\u00f3n que existen en contra de integrantes de la UPOEG son una represalia en contra de la autodefensa, Celaya Gamboa descart\u00f3 dicho motivo.<\/p>\n\n\n\n<p>De hecho, dijo que varias de las \u00f3rdenes de aprehensi\u00f3n que se han hecho efectivas, tienen su origen en el rezago que se arrastra desde administraciones pasadas.<\/p>\n\n\n\n<p>A pregunta expresa, dijo que existe un 30% de ordenes de aprehensi\u00f3n rezagadas y que en lo que va de la administraci\u00f3n actual, se ha comenzado a trabajar en el desahogo de lo que se encuentra pendiente.<br><\/p>\n","protected":false},"excerpt":{"rendered":"<p>&#8212; Exist\u00edan ordenes de aprehensi\u00f3n rezagadas en la Fiscal\u00eda General del Estado Jes\u00fas Dorantes Chilpancingo, Gro.- El comandante de la Uni\u00f3n de Pueblos Organizados del Estado de Guerrero (UPOEG) en&hellip; <\/p>\n","protected":false},"author":8,"featured_media":47621,"comment_status":"open","ping_status":"open","sticky":false,"template":"","format":"standard","meta":{"fifu_image_url":"","fifu_image_alt":"","footnotes":""},"categories":[27],"tags":[],"class_list":["post-47620","post","type-post","status-publish","format-standard","has-post-thumbnail","hentry","category-seguridad-publica"],"_links":{"self":[{"href":"https:\/\/www.interaccionnoticias.com.mx\/index.php?rest_route=\/wp\/v2\/posts\/47620","targetHints":{"allow":["GET"]}}],"collection":[{"href":"https:\/\/www.interaccionnoticias.com.mx\/index.php?rest_route=\/wp\/v2\/posts"}],"about":[{"href":"https:\/\/www.interaccionnoticias.com.mx\/index.php?rest_route=\/wp\/v2\/types\/post"}],"author":[{"embeddable":true,"href":"https:\/\/www.interaccionnoticias.com.mx\/index.php?rest_route=\/wp\/v2\/users\/8"}],"replies":[{"embeddable":true,"href":"https:\/\/www.interaccionnoticias.com.mx\/index.php?rest_route=%2Fwp%2Fv2%2Fcomments&post=47620"}],"version-history":[{"count":1,"href":"https:\/\/www.interaccionnoticias.com.mx\/index.php?rest_route=\/wp\/v2\/posts\/47620\/revisions"}],"predecessor-version":[{"id":47622,"href":"https:\/\/www.interaccionnoticias.com.mx\/index.php?rest_route=\/wp\/v2\/posts\/47620\/revisions\/47622"}],"wp:featuredmedia":[{"embeddable":true,"href":"https:\/\/www.interaccionnoticias.com.mx\/index.php?rest_route=\/wp\/v2\/media\/47621"}],"wp:attachment":[{"href":"https:\/\/www.interaccionnoticias.com.mx\/index.php?rest_route=%2Fwp%2Fv2%2Fmedia&parent=47620"}],"wp:term":[{"taxonomy":"category","embeddable":true,"href":"https:\/\/www.interaccionnoticias.com.mx\/index.php?rest_route=%2Fwp%2Fv2%2Fcategories&post=47620"},{"taxonomy":"post_tag","embeddable":true,"href":"https:\/\/www.interaccionnoticias.com.mx\/index.php?rest_route=%2Fwp%2Fv2%2Ftags&post=47620"}],"curies":[{"name":"wp","href":"https:\/\/api.w.org\/{rel}","templated":true}]}}