{"id":47615,"date":"2022-07-08T14:42:46","date_gmt":"2022-07-08T19:42:46","guid":{"rendered":"https:\/\/interaccionnoticias.com.mx\/?p=47615"},"modified":"2022-07-08T14:42:51","modified_gmt":"2022-07-08T19:42:51","slug":"sugiere-ernesto-ruffo-appel-en-foro-de-ex-gobernadores-resolver-candidaturas-en-elecciones-primaria-abiertas","status":"publish","type":"post","link":"https:\/\/www.interaccionnoticias.com.mx\/?p=47615","title":{"rendered":"Sugiere Ernesto Ruffo Appel en foro de ex gobernadores resolver candidaturas en elecciones primaria abiertas"},"content":{"rendered":"\n<p>Ciudad de M\u00e9xico, 8 de julio de 2022.- Al acudir al Foro Plural de Ex Gobernadores de M\u00e9xico, ex gobernador de Baja California, Ernesto Ruffo Appel, sugiri\u00f3 la realizaci\u00f3n de elecciones primarias abiertas, para elegir candidatos en los procesos electorales de 2023 y 2024.<\/p>\n\n\n\n<p>Explic\u00f3 que esta din\u00e1mica se pondr\u00e1 en pr\u00e1ctica en el estado que gobern\u00f3 y consider\u00f3 si los partidos de la alianza opositora lo usan llamar\u00edan la atenci\u00f3n y tambi\u00e9n ayudar\u00eda a desahogar las presiones internas que hay en los partidos pol\u00edticos<\/p>\n\n\n\n<p>Ruffo Appel, de militancia panista, y quien fuera punta de lanza de los gobiernos de alternancia en el pa\u00eds, plante\u00f3 la necesidad de recuperar la institucionalidad con contrapesos, incluidos a los \u00f3rganos aut\u00f3nomos, para recuperar la gobernabilidad en el pa\u00eds.<\/p>\n\n\n\n<p>La crisis que vive M\u00e9xico, dijo, es una oportunidad para impulsar un proyecto que atienda el estado de precariedad en que vive la gente.<\/p>\n\n\n\n<p>Ernesto Ruffo reconoci\u00f3 la pluralidad del grupo, y propuso redactar y suscribir desde el foro, un manifiesto por la institucionalidad.<\/p>\n\n\n\n<p>El ex gobernador \u00c1ngel Aguirre Rivero confirm\u00f3 que la ex secretaria de Gobernaci\u00f3n y senadora por Morena, Olga S\u00e1nchez Cordero nos ha confirmado su visita para el pr\u00f3ximo 29 de este mes.<\/p>\n\n\n\n<p>Arturo Montiel, al hacer uso de la palabra, respald\u00f3 la idea de Ruffo, y se\u00f1al\u00f3 que las primarias, de realizarse, deben realizada a trav\u00e9s de un reglamento.<\/p>\n\n\n\n<p>Record\u00f3 que en el Estado de M\u00e9xico, se utiliz\u00f3 este m\u00e9todo para el cual se design\u00f3 adem\u00e1s un consejo en el Revolucionario Institucional, que dio seguimiento al desempe\u00f1o de los candidatos.<\/p>\n\n\n\n<p>Se mostr\u00f3 optimista respecto de la elecci\u00f3n de 2023 en el Edomex, ya que dijo, Morena a ha retrocedido en la intenci\u00f3n del voto, y dijo tener las evidencias de ello.<\/p>\n\n\n\n<p>H\u00e9ctor Astudillo Flores, reiter\u00f3 que, si la alianza opositora propone una coalici\u00f3n, \u00e9sta no debe ser \u00fanicamente electoral, sino de gobierno. \u201cLas alianzas que solamente son electorales se debilitan porque la gente no sabe por qu\u00e9 va a votar\u201d, dijo.<\/p>\n\n\n\n<p>El ex gobernador Miguel \u00c1ngel M\u00e1rquez, de Guanajuato, advirti\u00f3 que los partidos de oposici\u00f3n \u201cno le est\u00e1n hablando a la clase media\u201d, se pronunci\u00f3 porque se abran las candidaturas a ciudadanos, y a integrar una alianza a trav\u00e9s de un gran proyecto de gobierno.<\/p>\n\n\n\n<p>Natividad Gonz\u00e1lez Par\u00e1s, por su parte, dijo que se debe considerar una \u201csegunda vuelta de facto\u201d, y llam\u00f3 a valorar el uso de encuestas como herramientas en la toma de decisiones de las candidaturas que se van a definir.<\/p>\n\n\n\n<p>Se\u00f1al\u00f3 que ante \u201cel adversario manifiesto\u201d, es una raz\u00f3n para que se unan las diferentes ideolog\u00edas que den soluci\u00f3n a los problemas que actualmente vive el pa\u00eds.<\/p>\n\n\n\n<p>Tambi\u00e9n dijo que los acuerdos entre los partidos pol\u00edticos, deben transitar por procesos de democracia interna.<\/p>\n\n\n\n<p>El ex gobernador de Tabasco Arturo N\u00fa\u00f1ez reflexion\u00f3 que la crisis de los partidos pol\u00edticos se vive en todo el mundo, \u201cpero nadie ha inventado nada mejor\u201d, acot\u00f3.<\/p>\n\n\n\n<p>En ese sentido, se\u00f1al\u00f3 que lo que hace da\u00f1o a los partidos es la simulaci\u00f3n, no la democracia.<\/p>\n\n\n\n<p>Sobre los gobiernos de coalici\u00f3n, dijo que se deben construir pensando en equipos, no solamente en personas.<\/p>\n\n\n\n<p>Emilio Chuayfett por su parte, critic\u00f3 el poder pol\u00edtico que representa Morena, porque \u201cdesconoce el Estado de derecho\u201d y por esa raz\u00f3n se vive en el pa\u00eds lo que llam\u00f3 \u201cla corrosi\u00f3n de las instituciones\u201d.<\/p>\n\n\n\n<p>Acudieron al encuentro, realizado en el sal\u00f3n de un hotel del sur de la Ciudad de M\u00e9xico, los ex gobernadores Emilio Chuayffet Chemor, de Estado de M\u00e9xico; Enrique Burgos Garc\u00eda, de Quer\u00e9taro; Arturo Montiel Rojas, del Estado de M\u00e9xico; Salvador Jara Guerrero, de Michoac\u00e1n; Miguel \u00c1ngel M\u00e1rquez, de Guanajuato; Manuel \u00c1ngel N\u00fa\u00f1ez Soto, de Hidalgo; Marco Antonio Mena Rodr\u00edguez, de Tlaxcala; Arturo N\u00fa\u00f1ez Jim\u00e9nez, de Tabasco; H\u00e9ctor Astudillo Flores, Rub\u00e9n Figueroa Alcocer y \u00c1ngel Aguirre Rivero de Guerrero; Jos\u00e9 Ignacio Peralta S\u00e1nchez, de Colima; Natividad Gonz\u00e1lez Par\u00e1s, de Nuevo Le\u00f3n.<br><\/p>\n\n\n\n<figure class=\"wp-block-gallery columns-3 is-cropped wp-block-gallery-1 is-layout-flex wp-block-gallery-is-layout-flex\"><ul class=\"blocks-gallery-grid\"><li class=\"blocks-gallery-item\"><figure><img decoding=\"async\" src=\"data:image\/gif;base64,R0lGODlhAQABAIAAAAAAAP\/\/\/ywAAAAAAQABAAACAUwAOw==\" fifu-lazy=\"1\" fifu-data-sizes=\"auto\" fifu-data-srcset=\"https:\/\/i0.wp.com\/interaccionnoticias.com.mx\/wp-content\/uploads\/2022\/07\/foro-de-ex-gobernadores-1024x683.jpg?ssl=1&w=75&resize=75&ssl=1 75w, https:\/\/i0.wp.com\/interaccionnoticias.com.mx\/wp-content\/uploads\/2022\/07\/foro-de-ex-gobernadores-1024x683.jpg?ssl=1&w=100&resize=100&ssl=1 100w, https:\/\/i0.wp.com\/interaccionnoticias.com.mx\/wp-content\/uploads\/2022\/07\/foro-de-ex-gobernadores-1024x683.jpg?ssl=1&w=150&resize=150&ssl=1 150w, https:\/\/i0.wp.com\/interaccionnoticias.com.mx\/wp-content\/uploads\/2022\/07\/foro-de-ex-gobernadores-1024x683.jpg?ssl=1&w=240&resize=240&ssl=1 240w, https:\/\/i0.wp.com\/interaccionnoticias.com.mx\/wp-content\/uploads\/2022\/07\/foro-de-ex-gobernadores-1024x683.jpg?ssl=1&w=320&resize=320&ssl=1 320w, https:\/\/i0.wp.com\/interaccionnoticias.com.mx\/wp-content\/uploads\/2022\/07\/foro-de-ex-gobernadores-1024x683.jpg?ssl=1&w=500&resize=500&ssl=1 500w, https:\/\/i0.wp.com\/interaccionnoticias.com.mx\/wp-content\/uploads\/2022\/07\/foro-de-ex-gobernadores-1024x683.jpg?ssl=1&w=640&resize=640&ssl=1 640w, https:\/\/i0.wp.com\/interaccionnoticias.com.mx\/wp-content\/uploads\/2022\/07\/foro-de-ex-gobernadores-1024x683.jpg?ssl=1&w=800&resize=800&ssl=1 800w, https:\/\/i0.wp.com\/interaccionnoticias.com.mx\/wp-content\/uploads\/2022\/07\/foro-de-ex-gobernadores-1024x683.jpg?ssl=1&w=1024&resize=1024&ssl=1 1024w, https:\/\/i0.wp.com\/interaccionnoticias.com.mx\/wp-content\/uploads\/2022\/07\/foro-de-ex-gobernadores-1024x683.jpg?ssl=1&w=1280&resize=1280&ssl=1 1280w, https:\/\/i0.wp.com\/interaccionnoticias.com.mx\/wp-content\/uploads\/2022\/07\/foro-de-ex-gobernadores-1024x683.jpg?ssl=1&w=1600&resize=1600&ssl=1 1600w\" fifu-data-src=\"https:\/\/i0.wp.com\/interaccionnoticias.com.mx\/wp-content\/uploads\/2022\/07\/foro-de-ex-gobernadores-1024x683.jpg?ssl=1\" alt=\"\" data-id=\"47617\" data-full-url=\"https:\/\/interaccionnoticias.com.mx\/wp-content\/uploads\/2022\/07\/foro-de-ex-gobernadores.jpg\" data-link=\"https:\/\/interaccionnoticias.com.mx\/?attachment_id=47617\" class=\"wp-image-47617\"\/><\/figure><\/li><li class=\"blocks-gallery-item\"><figure><img decoding=\"async\" src=\"data:image\/gif;base64,R0lGODlhAQABAIAAAAAAAP\/\/\/ywAAAAAAQABAAACAUwAOw==\" fifu-lazy=\"1\" fifu-data-sizes=\"auto\" fifu-data-srcset=\"https:\/\/i1.wp.com\/interaccionnoticias.com.mx\/wp-content\/uploads\/2022\/07\/foro-de-ex-gobernadores-1-1024x683.jpg?ssl=1&w=75&resize=75&ssl=1 75w, https:\/\/i1.wp.com\/interaccionnoticias.com.mx\/wp-content\/uploads\/2022\/07\/foro-de-ex-gobernadores-1-1024x683.jpg?ssl=1&w=100&resize=100&ssl=1 100w, https:\/\/i1.wp.com\/interaccionnoticias.com.mx\/wp-content\/uploads\/2022\/07\/foro-de-ex-gobernadores-1-1024x683.jpg?ssl=1&w=150&resize=150&ssl=1 150w, https:\/\/i1.wp.com\/interaccionnoticias.com.mx\/wp-content\/uploads\/2022\/07\/foro-de-ex-gobernadores-1-1024x683.jpg?ssl=1&w=240&resize=240&ssl=1 240w, https:\/\/i1.wp.com\/interaccionnoticias.com.mx\/wp-content\/uploads\/2022\/07\/foro-de-ex-gobernadores-1-1024x683.jpg?ssl=1&w=320&resize=320&ssl=1 320w, https:\/\/i1.wp.com\/interaccionnoticias.com.mx\/wp-content\/uploads\/2022\/07\/foro-de-ex-gobernadores-1-1024x683.jpg?ssl=1&w=500&resize=500&ssl=1 500w, https:\/\/i1.wp.com\/interaccionnoticias.com.mx\/wp-content\/uploads\/2022\/07\/foro-de-ex-gobernadores-1-1024x683.jpg?ssl=1&w=640&resize=640&ssl=1 640w, https:\/\/i1.wp.com\/interaccionnoticias.com.mx\/wp-content\/uploads\/2022\/07\/foro-de-ex-gobernadores-1-1024x683.jpg?ssl=1&w=800&resize=800&ssl=1 800w, https:\/\/i1.wp.com\/interaccionnoticias.com.mx\/wp-content\/uploads\/2022\/07\/foro-de-ex-gobernadores-1-1024x683.jpg?ssl=1&w=1024&resize=1024&ssl=1 1024w, https:\/\/i1.wp.com\/interaccionnoticias.com.mx\/wp-content\/uploads\/2022\/07\/foro-de-ex-gobernadores-1-1024x683.jpg?ssl=1&w=1280&resize=1280&ssl=1 1280w, https:\/\/i1.wp.com\/interaccionnoticias.com.mx\/wp-content\/uploads\/2022\/07\/foro-de-ex-gobernadores-1-1024x683.jpg?ssl=1&w=1600&resize=1600&ssl=1 1600w\" fifu-data-src=\"https:\/\/i1.wp.com\/interaccionnoticias.com.mx\/wp-content\/uploads\/2022\/07\/foro-de-ex-gobernadores-1-1024x683.jpg?ssl=1\" alt=\"\" data-id=\"47616\" data-full-url=\"https:\/\/interaccionnoticias.com.mx\/wp-content\/uploads\/2022\/07\/foro-de-ex-gobernadores-1.jpg\" data-link=\"https:\/\/interaccionnoticias.com.mx\/?attachment_id=47616\" class=\"wp-image-47616\"\/><\/figure><\/li><li class=\"blocks-gallery-item\"><figure><img decoding=\"async\" src=\"data:image\/gif;base64,R0lGODlhAQABAIAAAAAAAP\/\/\/ywAAAAAAQABAAACAUwAOw==\" fifu-lazy=\"1\" fifu-data-sizes=\"auto\" fifu-data-srcset=\"https:\/\/i2.wp.com\/interaccionnoticias.com.mx\/wp-content\/uploads\/2022\/07\/foro-de-ex-gobernadores-2-1024x683.jpg?ssl=1&w=75&resize=75&ssl=1 75w, https:\/\/i2.wp.com\/interaccionnoticias.com.mx\/wp-content\/uploads\/2022\/07\/foro-de-ex-gobernadores-2-1024x683.jpg?ssl=1&w=100&resize=100&ssl=1 100w, https:\/\/i2.wp.com\/interaccionnoticias.com.mx\/wp-content\/uploads\/2022\/07\/foro-de-ex-gobernadores-2-1024x683.jpg?ssl=1&w=150&resize=150&ssl=1 150w, https:\/\/i2.wp.com\/interaccionnoticias.com.mx\/wp-content\/uploads\/2022\/07\/foro-de-ex-gobernadores-2-1024x683.jpg?ssl=1&w=240&resize=240&ssl=1 240w, https:\/\/i2.wp.com\/interaccionnoticias.com.mx\/wp-content\/uploads\/2022\/07\/foro-de-ex-gobernadores-2-1024x683.jpg?ssl=1&w=320&resize=320&ssl=1 320w, https:\/\/i2.wp.com\/interaccionnoticias.com.mx\/wp-content\/uploads\/2022\/07\/foro-de-ex-gobernadores-2-1024x683.jpg?ssl=1&w=500&resize=500&ssl=1 500w, https:\/\/i2.wp.com\/interaccionnoticias.com.mx\/wp-content\/uploads\/2022\/07\/foro-de-ex-gobernadores-2-1024x683.jpg?ssl=1&w=640&resize=640&ssl=1 640w, https:\/\/i2.wp.com\/interaccionnoticias.com.mx\/wp-content\/uploads\/2022\/07\/foro-de-ex-gobernadores-2-1024x683.jpg?ssl=1&w=800&resize=800&ssl=1 800w, https:\/\/i2.wp.com\/interaccionnoticias.com.mx\/wp-content\/uploads\/2022\/07\/foro-de-ex-gobernadores-2-1024x683.jpg?ssl=1&w=1024&resize=1024&ssl=1 1024w, https:\/\/i2.wp.com\/interaccionnoticias.com.mx\/wp-content\/uploads\/2022\/07\/foro-de-ex-gobernadores-2-1024x683.jpg?ssl=1&w=1280&resize=1280&ssl=1 1280w, https:\/\/i2.wp.com\/interaccionnoticias.com.mx\/wp-content\/uploads\/2022\/07\/foro-de-ex-gobernadores-2-1024x683.jpg?ssl=1&w=1600&resize=1600&ssl=1 1600w\" fifu-data-src=\"https:\/\/i2.wp.com\/interaccionnoticias.com.mx\/wp-content\/uploads\/2022\/07\/foro-de-ex-gobernadores-2-1024x683.jpg?ssl=1\" alt=\"\" data-id=\"47618\" data-full-url=\"https:\/\/interaccionnoticias.com.mx\/wp-content\/uploads\/2022\/07\/foro-de-ex-gobernadores-2.jpg\" data-link=\"https:\/\/interaccionnoticias.com.mx\/?attachment_id=47618\" class=\"wp-image-47618\"\/><\/figure><\/li><\/ul><\/figure>\n","protected":false},"excerpt":{"rendered":"<p>Ciudad de M\u00e9xico, 8 de julio de 2022.- Al acudir al Foro Plural de Ex Gobernadores de M\u00e9xico, ex gobernador de Baja California, Ernesto Ruffo Appel, sugiri\u00f3 la realizaci\u00f3n de&hellip; <\/p>\n","protected":false},"author":19,"featured_media":47617,"comment_status":"open","ping_status":"open","sticky":false,"template":"","format":"standard","meta":{"fifu_image_url":"","fifu_image_alt":"","footnotes":""},"categories":[21],"tags":[],"class_list":["post-47615","post","type-post","status-publish","format-standard","has-post-thumbnail","hentry","category-politica"],"_links":{"self":[{"href":"https:\/\/www.interaccionnoticias.com.mx\/index.php?rest_route=\/wp\/v2\/posts\/47615","targetHints":{"allow":["GET"]}}],"collection":[{"href":"https:\/\/www.interaccionnoticias.com.mx\/index.php?rest_route=\/wp\/v2\/posts"}],"about":[{"href":"https:\/\/www.interaccionnoticias.com.mx\/index.php?rest_route=\/wp\/v2\/types\/post"}],"author":[{"embeddable":true,"href":"https:\/\/www.interaccionnoticias.com.mx\/index.php?rest_route=\/wp\/v2\/users\/19"}],"replies":[{"embeddable":true,"href":"https:\/\/www.interaccionnoticias.com.mx\/index.php?rest_route=%2Fwp%2Fv2%2Fcomments&post=47615"}],"version-history":[{"count":1,"href":"https:\/\/www.interaccionnoticias.com.mx\/index.php?rest_route=\/wp\/v2\/posts\/47615\/revisions"}],"predecessor-version":[{"id":47619,"href":"https:\/\/www.interaccionnoticias.com.mx\/index.php?rest_route=\/wp\/v2\/posts\/47615\/revisions\/47619"}],"wp:featuredmedia":[{"embeddable":true,"href":"https:\/\/www.interaccionnoticias.com.mx\/index.php?rest_route=\/wp\/v2\/media\/47617"}],"wp:attachment":[{"href":"https:\/\/www.interaccionnoticias.com.mx\/index.php?rest_route=%2Fwp%2Fv2%2Fmedia&parent=47615"}],"wp:term":[{"taxonomy":"category","embeddable":true,"href":"https:\/\/www.interaccionnoticias.com.mx\/index.php?rest_route=%2Fwp%2Fv2%2Fcategories&post=47615"},{"taxonomy":"post_tag","embeddable":true,"href":"https:\/\/www.interaccionnoticias.com.mx\/index.php?rest_route=%2Fwp%2Fv2%2Ftags&post=47615"}],"curies":[{"name":"wp","href":"https:\/\/api.w.org\/{rel}","templated":true}]}}