{"id":47611,"date":"2022-07-08T14:22:43","date_gmt":"2022-07-08T19:22:43","guid":{"rendered":"https:\/\/interaccionnoticias.com.mx\/?p=47611"},"modified":"2022-07-08T14:22:48","modified_gmt":"2022-07-08T19:22:48","slug":"en-guerrero-se-han-aplicado-desde-el-inicio-de-la-pandemia-por-covid-19-4-millones-y-medio-de-vacunas-salud-del-estado","status":"publish","type":"post","link":"https:\/\/www.interaccionnoticias.com.mx\/?p=47611","title":{"rendered":"En Guerrero se han aplicado desde el inicio de la Pandemia por Covid 19, 4 millones y medio de vacunas: Salud del estado"},"content":{"rendered":"\n<p>Rosario Garc\u00eda Orozco<\/p>\n\n\n\n<p>Chilpancingo, Gro., 8 de julio del 2022.- En Guerrero se han aplicado 4 millones y medio de vacunas anti Covid 19, inform\u00f3 Rufino Silva Dom\u00ednguez, director de Epidemiologia de la Secretar\u00eda de Salud.<\/p>\n\n\n\n<p>Explic\u00f3 que desde que inici\u00f3 el programa de vacunaci\u00f3n ya se aplic\u00f3 la primer dosis del biol\u00f3gico, posteriormente la segunda dosis, una buena parte de la poblaci\u00f3n ya cuanta con la tercera dosis, adem\u00e1s de que ya dio o inicio la aplicaci\u00f3n de la vacuna a ni\u00f1os entre 5 y 11 a\u00f1os de edad, de tal manera que entre el 85 y 90 de la poblaci\u00f3n guerrerense ya tiene esa \u00abprotecci\u00f3n\u00bb, dijo el funcionario estatal.<\/p>\n\n\n\n<p>Reconoci\u00f3 que a partir de los primeros d\u00edas del mes de junio se empez\u00f3 a registrar el repunte de casos, con la quinta ola de Covid 19, cuando antes de junio el reporte diario era de 3 \u00f3 4 casos, hoy d\u00eda hay hasta 60 registros diarios, por ello insisti\u00f3 en que las medidas de prevenci\u00f3n deben mantenerse y evitar caer en la confianza, para evitar que se eleve m\u00e1s el \u00edndice de contagios.<\/p>\n\n\n\n<p>\u00abNecesitamos mantener las medidas preventivas como desde el principio, en las primeras 4 olas de Covid 19, al principio desconoc\u00edamos muchas cosas, y poco a poco aprendimos mucho para cuidarnos. Parecer\u00eda canci\u00f3n, pero debemos seguir evitando las aglomeraciones\u00bb y favorecer los espacios ventilados para evitar los contagios, convoc\u00f3.<\/p>\n\n\n\n<p>Explic\u00f3 que la Secretar\u00eda de Salud realiza un monitoreo de casos positivos a Covid para contener los contagios, y se ubican los lugares de riesgo a partir de los resultados de las pruebas que se aplican en los m\u00f3dulos de atenci\u00f3n en los municipios donde hay mayor incidencia como Acapulco, Chilpancingo e Iguala, entre otros.<\/p>\n\n\n\n<p>Se dijo preocupado porque en varias localidades \u00abencontramos casos de personas que no se han vacunado, que no cuentan con ninguna dosis y que si tienen alguna enfermedad cr\u00f3nico degenerativa pueden poner en riesgo sus vida si se contagian, por lo que insisti\u00f3 a la poblaci\u00f3n en la aplicaci\u00f3n de la vacuna para evitar caer en esa estad\u00edstica de personas hospitalizadas o que pierden la vida.<\/p>\n\n\n\n<p>Rufino Silva consider\u00f3 que en estos momentos no es necesario que se reduzcan los aforos en los centros de entretenimiento, hoteles o restaurantes, a pesar de la cercan\u00eda de las vacaciones de verano, porque se mantienen los protocolos de toma de tempreatura, aplicaci\u00f3n de gel antibacterial y el uso correcto del cubrebocas en casi todos los espacios p\u00fablicos.<\/p>\n\n\n\n<p>\u00abHemos aprendido a cuidarnos y tambi\u00e9n entendimos lo grave del impacto de Covid en la econom\u00eda. No creo pertinente que se bajen los aforos, sin embargo, si llegara a incrementarse de manera m\u00e1s agresiva esta quinta ola, entonces sesionaremos en el Consejo Estatal de Salud, lo valorar\u00e1 la gobernadora Evelyn Salgado Pineda y entonces ya veremos si tomamos medidas como reducir los aforos o los horarios de atenci\u00f3n en comercios, pero en este momento no. El estado de Guerrero es apto para esta afluencia tur\u00edstica definitivamente\u00bb, finaliz\u00f3.<br>\ud83d\udd34 #Covid | En #Guerrero se han aplicado desde el inicio de la #Pandemia por #Covid 19, 4 millones y medio de vacunas: #Salud del estado<br>\u2b55\ufe0f \ud83d\udc47 Informaci\u00f3n \ud83d\udc47 \u2b55\ufe0f<\/p>\n","protected":false},"excerpt":{"rendered":"<p>Rosario Garc\u00eda Orozco Chilpancingo, Gro., 8 de julio del 2022.- En Guerrero se han aplicado 4 millones y medio de vacunas anti Covid 19, inform\u00f3 Rufino Silva Dom\u00ednguez, director de&hellip; <\/p>\n","protected":false},"author":21,"featured_media":47612,"comment_status":"open","ping_status":"open","sticky":false,"template":"","format":"standard","meta":{"fifu_image_url":"","fifu_image_alt":"","footnotes":""},"categories":[3],"tags":[],"class_list":["post-47611","post","type-post","status-publish","format-standard","has-post-thumbnail","hentry","category-covid-19"],"_links":{"self":[{"href":"https:\/\/www.interaccionnoticias.com.mx\/index.php?rest_route=\/wp\/v2\/posts\/47611","targetHints":{"allow":["GET"]}}],"collection":[{"href":"https:\/\/www.interaccionnoticias.com.mx\/index.php?rest_route=\/wp\/v2\/posts"}],"about":[{"href":"https:\/\/www.interaccionnoticias.com.mx\/index.php?rest_route=\/wp\/v2\/types\/post"}],"author":[{"embeddable":true,"href":"https:\/\/www.interaccionnoticias.com.mx\/index.php?rest_route=\/wp\/v2\/users\/21"}],"replies":[{"embeddable":true,"href":"https:\/\/www.interaccionnoticias.com.mx\/index.php?rest_route=%2Fwp%2Fv2%2Fcomments&post=47611"}],"version-history":[{"count":1,"href":"https:\/\/www.interaccionnoticias.com.mx\/index.php?rest_route=\/wp\/v2\/posts\/47611\/revisions"}],"predecessor-version":[{"id":47613,"href":"https:\/\/www.interaccionnoticias.com.mx\/index.php?rest_route=\/wp\/v2\/posts\/47611\/revisions\/47613"}],"wp:featuredmedia":[{"embeddable":true,"href":"https:\/\/www.interaccionnoticias.com.mx\/index.php?rest_route=\/wp\/v2\/media\/47612"}],"wp:attachment":[{"href":"https:\/\/www.interaccionnoticias.com.mx\/index.php?rest_route=%2Fwp%2Fv2%2Fmedia&parent=47611"}],"wp:term":[{"taxonomy":"category","embeddable":true,"href":"https:\/\/www.interaccionnoticias.com.mx\/index.php?rest_route=%2Fwp%2Fv2%2Fcategories&post=47611"},{"taxonomy":"post_tag","embeddable":true,"href":"https:\/\/www.interaccionnoticias.com.mx\/index.php?rest_route=%2Fwp%2Fv2%2Ftags&post=47611"}],"curies":[{"name":"wp","href":"https:\/\/api.w.org\/{rel}","templated":true}]}}