{"id":47605,"date":"2022-07-08T12:39:34","date_gmt":"2022-07-08T17:39:34","guid":{"rendered":"https:\/\/interaccionnoticias.com.mx\/?p=47605"},"modified":"2022-07-08T12:39:38","modified_gmt":"2022-07-08T17:39:38","slug":"confirman-brotes-de-covid-19-en-por-lo-menos-20-escuelas-de-guerrero","status":"publish","type":"post","link":"https:\/\/www.interaccionnoticias.com.mx\/?p=47605","title":{"rendered":"Confirman brotes de Covid-19 en por lo menos 20 escuelas de Guerrero"},"content":{"rendered":"\n<p>&#8212; Pide el secretario de Educaci\u00f3n, Marcial Rodr\u00edguez cumplir cabalmente con el calendario de escolar<\/p>\n\n\n\n<p>Jes\u00fas Dorantes<\/p>\n\n\n\n<p>Chilpancingo, Gro.- En el estado se han confirmado brotes de Covid-19 en por lo menos 20 escuelas, donde directores, maestros y padres de familia acordaron la suspensi\u00f3n de clases presenciales para evitar la propagaci\u00f3n del virus, confirm\u00f3 el titular de la Secretar\u00eda de Educaci\u00f3n Guerrero (SEG), Marcial Rodr\u00edguez Salda\u00f1a.<\/p>\n\n\n\n<p>En el marco del arranque de la entrega de \u00fatiles escolares, correspondiente al a\u00f1o 2022-2023, el titular de la SEG fue cuestionado sobre la suspensi\u00f3n de clases en algunas instituciones de la entidad, por la presencia de casos positivos de Covid-19.<\/p>\n\n\n\n<p>El funcionario confirm\u00f3 que existe una conformaci\u00f3n de dichos datos en un grupo que va de 20 a 25 escuelas, donde se suspendieron las clases virtuales por brotes de Covid-19, tomando como prioridad salvaguardar la salud de los alumnos.<\/p>\n\n\n\n<p>Destac\u00f3 el hecho de que m\u00e1s del 95 porciento de las escuelas est\u00e1n en clases presenciales, por lo que Rodr\u00edguez Salda\u00f1a, se\u00f1al\u00f3 que la incidencia en materia de contagios es menor que la del a\u00f1o pasado.<\/p>\n\n\n\n<p>Sostuvo que la modificaci\u00f3n del calendario escolar, en todo caso es una decisi\u00f3n que est\u00e1 en manos del Gobierno de la Rep\u00fablica, particularmente de la Secretar\u00eda de Salud.<\/p>\n\n\n\n<p>Cuestionado sobre el posible rezago que podr\u00eda generarse, por la suspensi\u00f3n de las clases presenciales, Rodr\u00edguez Salda\u00f1a expuso que seg\u00fan estudios, existe un rezago de dos a\u00f1os en la educaci\u00f3n, provocado por la din\u00e1mica impuesta por la pandemia.<\/p>\n\n\n\n<p>Hizo un exhorto a los centros escolares para cumplir en su totalidad el ciclo escolar, no reducir clases bajo el argumento de los posibles contagios, porque es el sector Salud el que toma decisiones sobre dicho tema.<br><\/p>\n","protected":false},"excerpt":{"rendered":"<p>&#8212; Pide el secretario de Educaci\u00f3n, Marcial Rodr\u00edguez cumplir cabalmente con el calendario de escolar Jes\u00fas Dorantes Chilpancingo, Gro.- En el estado se han confirmado brotes de Covid-19 en por&hellip; <\/p>\n","protected":false},"author":8,"featured_media":47606,"comment_status":"open","ping_status":"open","sticky":false,"template":"","format":"standard","meta":{"fifu_image_url":"","fifu_image_alt":"","footnotes":""},"categories":[6],"tags":[],"class_list":["post-47605","post","type-post","status-publish","format-standard","has-post-thumbnail","hentry","category-educacion"],"_links":{"self":[{"href":"https:\/\/www.interaccionnoticias.com.mx\/index.php?rest_route=\/wp\/v2\/posts\/47605","targetHints":{"allow":["GET"]}}],"collection":[{"href":"https:\/\/www.interaccionnoticias.com.mx\/index.php?rest_route=\/wp\/v2\/posts"}],"about":[{"href":"https:\/\/www.interaccionnoticias.com.mx\/index.php?rest_route=\/wp\/v2\/types\/post"}],"author":[{"embeddable":true,"href":"https:\/\/www.interaccionnoticias.com.mx\/index.php?rest_route=\/wp\/v2\/users\/8"}],"replies":[{"embeddable":true,"href":"https:\/\/www.interaccionnoticias.com.mx\/index.php?rest_route=%2Fwp%2Fv2%2Fcomments&post=47605"}],"version-history":[{"count":1,"href":"https:\/\/www.interaccionnoticias.com.mx\/index.php?rest_route=\/wp\/v2\/posts\/47605\/revisions"}],"predecessor-version":[{"id":47607,"href":"https:\/\/www.interaccionnoticias.com.mx\/index.php?rest_route=\/wp\/v2\/posts\/47605\/revisions\/47607"}],"wp:featuredmedia":[{"embeddable":true,"href":"https:\/\/www.interaccionnoticias.com.mx\/index.php?rest_route=\/wp\/v2\/media\/47606"}],"wp:attachment":[{"href":"https:\/\/www.interaccionnoticias.com.mx\/index.php?rest_route=%2Fwp%2Fv2%2Fmedia&parent=47605"}],"wp:term":[{"taxonomy":"category","embeddable":true,"href":"https:\/\/www.interaccionnoticias.com.mx\/index.php?rest_route=%2Fwp%2Fv2%2Fcategories&post=47605"},{"taxonomy":"post_tag","embeddable":true,"href":"https:\/\/www.interaccionnoticias.com.mx\/index.php?rest_route=%2Fwp%2Fv2%2Ftags&post=47605"}],"curies":[{"name":"wp","href":"https:\/\/api.w.org\/{rel}","templated":true}]}}