{"id":47505,"date":"2022-07-05T20:45:46","date_gmt":"2022-07-06T01:45:46","guid":{"rendered":"https:\/\/interaccionnoticias.com.mx\/?p=47505"},"modified":"2022-07-05T20:45:51","modified_gmt":"2022-07-06T01:45:51","slug":"se-compromete-la-gobernadora-evelyn-salgado-al-reforzamiento-de-la-seguridad-en-la-costa-grande","status":"publish","type":"post","link":"https:\/\/www.interaccionnoticias.com.mx\/?p=47505","title":{"rendered":"Se compromete la gobernadora Evelyn Salgado al reforzamiento de la seguridad en la Costa Grande"},"content":{"rendered":"\n<p><strong>Rosario Garc\u00eda Orozco<\/strong><\/p>\n\n\n\n<p><strong>Chilpancingo, Gro., 5 de julio del 2022.-<\/strong> En su visita por la Costa Grande, la gobernadora Evelyn Salgado Pineda se comprometi\u00f3 a mantener el reforzamiento de la seguridad en esa zona y buscar la coordinaci\u00f3n con el gobierno federal para mejores resultados.<\/p>\n\n\n\n<p>Dijo que su administraci\u00f3n tiene toda la disposici\u00f3n de mantener la coordinaci\u00f3n entre los tres niveles de gobiernos para continuar con trabajos en beneficio de la sociedad en materia de seguridad.<\/p>\n\n\n\n<p>Agreg\u00f3 que se ya se di\u00f3 inicio con estrategias necesarias para reforzar la seguridad en la Costa Grande de Guerrero, junto a la Sedena, la Marina, la Guardia Nacional\u201d, as\u00ed lo dio a conocer la gobernadora Evelyn Salgado Pineda.<\/p>\n\n\n\n<p>Del mismo modo, sostuvo que ya se encuentran en comunicaci\u00f3n con los transportistas para garantizarles seguridad \u00aby que no se sientan solos. Que sepan que se hace todo lo posible para garantizar su seguridad\u00bb.<\/p>\n\n\n\n<p>Salgado Primera mencion\u00f3 que se mantienen un operativo permanente por parte de La Mesa de Coordinaci\u00f3n para la Construcci\u00f3n de la Paz donde se determin\u00f3 que elementos de la Marina, Sedena y Guardia Nacional, apoyen a la polic\u00eda estatal y los municipios en todas las labores en materia de seguridad.<\/p>\n\n\n\n<p>En torno al enfrentamiento entre integrantes de la Uni\u00f3n de Pueblos y Organizaciones del Estado de Guerrero (UPOEG) y militares en Marquelia, Evelyn Salgado Pineda dijo que ya se habl\u00f3 con los polic\u00edas comunitarios para que se pueda hacer una lista, con una credencializaci\u00f3n para saber cu\u00e1les son los elementos que est\u00e1n verdaderamente identificados y se haga una depuraci\u00f3n de dicha lista, todo en el marco de la ley 701.<\/p>\n\n\n\n<p>La gobernadora de Guerrero destac\u00f3 que la reconstrucci\u00f3n del tejido social no puede ser solo con el gobierno, \u201cSe necesita la participaci\u00f3n de los padres de familia, de la sociedad, los maestros, los valores, necesitamos la participaci\u00f3n de la sociedad, la cultura c\u00edvica, la cultura de la limpieza, de nuestras playas, de nuestras calles, nosotros como gobierno, vamos a hacer la parte que nos corresponde y lo hacemos con much\u00edsimo gusto, pero necesitamos tambi\u00e9n que la sociedad participe, las iglesias, las asociaciones, instituciones, que se sumen para lograr la reconstrucci\u00f3n en Guerrero\u00bb.<\/p>\n","protected":false},"excerpt":{"rendered":"<p>Rosario Garc\u00eda Orozco Chilpancingo, Gro., 5 de julio del 2022.- En su visita por la Costa Grande, la gobernadora Evelyn Salgado Pineda se comprometi\u00f3 a mantener el reforzamiento de la&hellip; <\/p>\n","protected":false},"author":14,"featured_media":47506,"comment_status":"open","ping_status":"open","sticky":false,"template":"","format":"standard","meta":{"fifu_image_url":"","fifu_image_alt":"","footnotes":""},"categories":[11],"tags":[],"class_list":["post-47505","post","type-post","status-publish","format-standard","has-post-thumbnail","hentry","category-guerrero"],"_links":{"self":[{"href":"https:\/\/www.interaccionnoticias.com.mx\/index.php?rest_route=\/wp\/v2\/posts\/47505","targetHints":{"allow":["GET"]}}],"collection":[{"href":"https:\/\/www.interaccionnoticias.com.mx\/index.php?rest_route=\/wp\/v2\/posts"}],"about":[{"href":"https:\/\/www.interaccionnoticias.com.mx\/index.php?rest_route=\/wp\/v2\/types\/post"}],"author":[{"embeddable":true,"href":"https:\/\/www.interaccionnoticias.com.mx\/index.php?rest_route=\/wp\/v2\/users\/14"}],"replies":[{"embeddable":true,"href":"https:\/\/www.interaccionnoticias.com.mx\/index.php?rest_route=%2Fwp%2Fv2%2Fcomments&post=47505"}],"version-history":[{"count":1,"href":"https:\/\/www.interaccionnoticias.com.mx\/index.php?rest_route=\/wp\/v2\/posts\/47505\/revisions"}],"predecessor-version":[{"id":47507,"href":"https:\/\/www.interaccionnoticias.com.mx\/index.php?rest_route=\/wp\/v2\/posts\/47505\/revisions\/47507"}],"wp:featuredmedia":[{"embeddable":true,"href":"https:\/\/www.interaccionnoticias.com.mx\/index.php?rest_route=\/wp\/v2\/media\/47506"}],"wp:attachment":[{"href":"https:\/\/www.interaccionnoticias.com.mx\/index.php?rest_route=%2Fwp%2Fv2%2Fmedia&parent=47505"}],"wp:term":[{"taxonomy":"category","embeddable":true,"href":"https:\/\/www.interaccionnoticias.com.mx\/index.php?rest_route=%2Fwp%2Fv2%2Fcategories&post=47505"},{"taxonomy":"post_tag","embeddable":true,"href":"https:\/\/www.interaccionnoticias.com.mx\/index.php?rest_route=%2Fwp%2Fv2%2Ftags&post=47505"}],"curies":[{"name":"wp","href":"https:\/\/api.w.org\/{rel}","templated":true}]}}