{"id":47501,"date":"2022-07-05T20:35:53","date_gmt":"2022-07-06T01:35:53","guid":{"rendered":"https:\/\/interaccionnoticias.com.mx\/?p=47501"},"modified":"2022-07-05T20:35:58","modified_gmt":"2022-07-06T01:35:58","slug":"va-el-pri-guerrero-por-la-reestructuracion","status":"publish","type":"post","link":"https:\/\/www.interaccionnoticias.com.mx\/?p=47501","title":{"rendered":"Va el PRI Guerrero por la reestructuraci\u00f3n"},"content":{"rendered":"\n<p><strong><em>Afiliaci\u00f3n y nuevas adhesiones al partido, los programas m\u00e1s importantes en este momento: Alejandro Bravo.<\/em><\/strong><\/p>\n\n\n\n<p>Chilpancingo, Gro. a 5 de julio. &#8211; Para construir en conjunto una ruta de trabajo de cara a la reestructuraci\u00f3n del Partido Revolucionario Institucional (PRI) en Guerrero, el Presidente, Alejandro Bravo Abarca y la Secretaria General, Pilar Vadillo Ruiz, encabezaron una reuni\u00f3n con secretarios y secretarias del Comit\u00e9 Directivo Estatal (CDE) as\u00ed como con las y los dirigentes de sectores y organizaciones del partido.<\/p>\n\n\n\n<p>El presidente del Comit\u00e9 Directivo Estatal mencion\u00f3 que en pr\u00f3ximos d\u00edas comenzar\u00e1n los trabajos de reestructuraci\u00f3n del partido y afirm\u00f3 que con altura de miras y madurez pol\u00edtica se lograr\u00e1n hacer los cambios pertinentes en el partido y asegur\u00f3 que en este proceso hombres, mujeres y j\u00f3venes ser\u00e1n tomados en cuenta de la misma manera.<\/p>\n\n\n\n<p>Alejandro Bravo tambi\u00e9n inform\u00f3 que los programas que comenzar\u00e1 a poner en marcha en breve son los de afiliaci\u00f3n y reafiliaci\u00f3n de la militancia, que se desarrollar\u00e1 por regiones y en municipios prioritarios; as\u00ed como el de adhesiones que se tienen programadas en las 7 regiones, que en palabras del presidente \u201ces un programa muy importante y ambicioso, porque pondremos en marcha la fuerza de la estructura del partido, de los sectores y organizaciones, pero adem\u00e1s nos vincularemos a\u00fan m\u00e1s con la sociedad civil; porque en todo Guerrero hay quienes nunca se han afiliado porque no se les ha invitado o ahora ven en el PRI una opci\u00f3n confiable y quieren pertenecer a nuestro partido\u201d asegur\u00f3.<\/p>\n\n\n\n<p>Bravo Abarca puntualiz\u00f3 que en las giras que se ven\u00edan realizando por el estado continuar\u00e1n , \u201cahora que est\u00e1 formalmente constituida la dirigencia, tenemos que retomar las giras y visitar al pri\u00edsmo en su territorio, para conocer sus circunstancias y trabajar con tiros de precisi\u00f3n\u201d.<\/p>\n\n\n\n<p>Alejandro Bravo finaliz\u00f3 invitando a las y los convocados a la reuni\u00f3n a continuar trabajando en equipo, pensando siempre en el inter\u00e9s del partido, la militancia y pensando en construir en conjunto para juntos lograr el triunfo en las pr\u00f3ximas elecciones.<\/p>\n\n\n\n<p>A la reuni\u00f3n tambi\u00e9n asistieron el secretario de Organizaci\u00f3n, Ernesto Sandoval Cervantes; el l\u00edder de la CTM, Rodolfo Escobar \u00c1vila; Guillermo Reyes Villela, l\u00edder de la CNC; Aline Mata Eguia-Liz, dirigente del ONMPRI; Mar\u00eda Adame Almaz\u00e1n, dirigente del Movimiento Territorial; Alejandro Hern\u00e1ndez Lotzin, Presidente del Instituto Reyes Heroles; C\u00e9sar Juli\u00e1n Bernal, Presidente de la Fundaci\u00f3n Colosio; Luis Olea Camacho, l\u00edder de los j\u00f3venes pri\u00edstas y secretarios y secretarias del Comit\u00e9 Directivo Estatal.<\/p>\n\n\n\n<figure class=\"wp-block-gallery columns-2 is-cropped wp-block-gallery-1 is-layout-flex wp-block-gallery-is-layout-flex\"><ul class=\"blocks-gallery-grid\"><li class=\"blocks-gallery-item\"><figure><img decoding=\"async\" src=\"data:image\/gif;base64,R0lGODlhAQABAIAAAAAAAP\/\/\/ywAAAAAAQABAAACAUwAOw==\" fifu-lazy=\"1\" fifu-data-sizes=\"auto\" fifu-data-srcset=\"https:\/\/i2.wp.com\/interaccionnoticias.com.mx\/wp-content\/uploads\/2022\/07\/220705-PRI-Guerrero-1-1024x683.jpeg?ssl=1&w=75&resize=75&ssl=1 75w, https:\/\/i2.wp.com\/interaccionnoticias.com.mx\/wp-content\/uploads\/2022\/07\/220705-PRI-Guerrero-1-1024x683.jpeg?ssl=1&w=100&resize=100&ssl=1 100w, https:\/\/i2.wp.com\/interaccionnoticias.com.mx\/wp-content\/uploads\/2022\/07\/220705-PRI-Guerrero-1-1024x683.jpeg?ssl=1&w=150&resize=150&ssl=1 150w, https:\/\/i2.wp.com\/interaccionnoticias.com.mx\/wp-content\/uploads\/2022\/07\/220705-PRI-Guerrero-1-1024x683.jpeg?ssl=1&w=240&resize=240&ssl=1 240w, https:\/\/i2.wp.com\/interaccionnoticias.com.mx\/wp-content\/uploads\/2022\/07\/220705-PRI-Guerrero-1-1024x683.jpeg?ssl=1&w=320&resize=320&ssl=1 320w, https:\/\/i2.wp.com\/interaccionnoticias.com.mx\/wp-content\/uploads\/2022\/07\/220705-PRI-Guerrero-1-1024x683.jpeg?ssl=1&w=500&resize=500&ssl=1 500w, https:\/\/i2.wp.com\/interaccionnoticias.com.mx\/wp-content\/uploads\/2022\/07\/220705-PRI-Guerrero-1-1024x683.jpeg?ssl=1&w=640&resize=640&ssl=1 640w, https:\/\/i2.wp.com\/interaccionnoticias.com.mx\/wp-content\/uploads\/2022\/07\/220705-PRI-Guerrero-1-1024x683.jpeg?ssl=1&w=800&resize=800&ssl=1 800w, https:\/\/i2.wp.com\/interaccionnoticias.com.mx\/wp-content\/uploads\/2022\/07\/220705-PRI-Guerrero-1-1024x683.jpeg?ssl=1&w=1024&resize=1024&ssl=1 1024w, https:\/\/i2.wp.com\/interaccionnoticias.com.mx\/wp-content\/uploads\/2022\/07\/220705-PRI-Guerrero-1-1024x683.jpeg?ssl=1&w=1280&resize=1280&ssl=1 1280w, https:\/\/i2.wp.com\/interaccionnoticias.com.mx\/wp-content\/uploads\/2022\/07\/220705-PRI-Guerrero-1-1024x683.jpeg?ssl=1&w=1600&resize=1600&ssl=1 1600w\" fifu-data-src=\"https:\/\/i2.wp.com\/interaccionnoticias.com.mx\/wp-content\/uploads\/2022\/07\/220705-PRI-Guerrero-1-1024x683.jpeg?ssl=1\" alt=\"\" data-id=\"47502\" data-full-url=\"https:\/\/interaccionnoticias.com.mx\/wp-content\/uploads\/2022\/07\/220705-PRI-Guerrero-1.jpeg\" data-link=\"https:\/\/interaccionnoticias.com.mx\/?attachment_id=47502\" class=\"wp-image-47502\"\/><\/figure><\/li><li class=\"blocks-gallery-item\"><figure><img decoding=\"async\" src=\"data:image\/gif;base64,R0lGODlhAQABAIAAAAAAAP\/\/\/ywAAAAAAQABAAACAUwAOw==\" fifu-lazy=\"1\" fifu-data-sizes=\"auto\" fifu-data-srcset=\"https:\/\/i3.wp.com\/interaccionnoticias.com.mx\/wp-content\/uploads\/2022\/07\/220705-PRI-Guerrero-2-1024x683.jpeg?ssl=1&w=75&resize=75&ssl=1 75w, https:\/\/i3.wp.com\/interaccionnoticias.com.mx\/wp-content\/uploads\/2022\/07\/220705-PRI-Guerrero-2-1024x683.jpeg?ssl=1&w=100&resize=100&ssl=1 100w, https:\/\/i3.wp.com\/interaccionnoticias.com.mx\/wp-content\/uploads\/2022\/07\/220705-PRI-Guerrero-2-1024x683.jpeg?ssl=1&w=150&resize=150&ssl=1 150w, https:\/\/i3.wp.com\/interaccionnoticias.com.mx\/wp-content\/uploads\/2022\/07\/220705-PRI-Guerrero-2-1024x683.jpeg?ssl=1&w=240&resize=240&ssl=1 240w, https:\/\/i3.wp.com\/interaccionnoticias.com.mx\/wp-content\/uploads\/2022\/07\/220705-PRI-Guerrero-2-1024x683.jpeg?ssl=1&w=320&resize=320&ssl=1 320w, https:\/\/i3.wp.com\/interaccionnoticias.com.mx\/wp-content\/uploads\/2022\/07\/220705-PRI-Guerrero-2-1024x683.jpeg?ssl=1&w=500&resize=500&ssl=1 500w, https:\/\/i3.wp.com\/interaccionnoticias.com.mx\/wp-content\/uploads\/2022\/07\/220705-PRI-Guerrero-2-1024x683.jpeg?ssl=1&w=640&resize=640&ssl=1 640w, https:\/\/i3.wp.com\/interaccionnoticias.com.mx\/wp-content\/uploads\/2022\/07\/220705-PRI-Guerrero-2-1024x683.jpeg?ssl=1&w=800&resize=800&ssl=1 800w, https:\/\/i3.wp.com\/interaccionnoticias.com.mx\/wp-content\/uploads\/2022\/07\/220705-PRI-Guerrero-2-1024x683.jpeg?ssl=1&w=1024&resize=1024&ssl=1 1024w, https:\/\/i3.wp.com\/interaccionnoticias.com.mx\/wp-content\/uploads\/2022\/07\/220705-PRI-Guerrero-2-1024x683.jpeg?ssl=1&w=1280&resize=1280&ssl=1 1280w, https:\/\/i3.wp.com\/interaccionnoticias.com.mx\/wp-content\/uploads\/2022\/07\/220705-PRI-Guerrero-2-1024x683.jpeg?ssl=1&w=1600&resize=1600&ssl=1 1600w\" fifu-data-src=\"https:\/\/i3.wp.com\/interaccionnoticias.com.mx\/wp-content\/uploads\/2022\/07\/220705-PRI-Guerrero-2-1024x683.jpeg?ssl=1\" alt=\"\" data-id=\"47503\" data-full-url=\"https:\/\/interaccionnoticias.com.mx\/wp-content\/uploads\/2022\/07\/220705-PRI-Guerrero-2.jpeg\" data-link=\"https:\/\/interaccionnoticias.com.mx\/?attachment_id=47503\" class=\"wp-image-47503\"\/><\/figure><\/li><\/ul><\/figure>\n","protected":false},"excerpt":{"rendered":"<p>Afiliaci\u00f3n y nuevas adhesiones al partido, los programas m\u00e1s importantes en este momento: Alejandro Bravo. Chilpancingo, Gro. a 5 de julio. &#8211; Para construir en conjunto una ruta de trabajo&hellip; <\/p>\n","protected":false},"author":19,"featured_media":47503,"comment_status":"open","ping_status":"open","sticky":false,"template":"","format":"standard","meta":{"fifu_image_url":"","fifu_image_alt":"","footnotes":""},"categories":[18],"tags":[],"class_list":["post-47501","post","type-post","status-publish","format-standard","has-post-thumbnail","hentry","category-partidos-politicos"],"_links":{"self":[{"href":"https:\/\/www.interaccionnoticias.com.mx\/index.php?rest_route=\/wp\/v2\/posts\/47501","targetHints":{"allow":["GET"]}}],"collection":[{"href":"https:\/\/www.interaccionnoticias.com.mx\/index.php?rest_route=\/wp\/v2\/posts"}],"about":[{"href":"https:\/\/www.interaccionnoticias.com.mx\/index.php?rest_route=\/wp\/v2\/types\/post"}],"author":[{"embeddable":true,"href":"https:\/\/www.interaccionnoticias.com.mx\/index.php?rest_route=\/wp\/v2\/users\/19"}],"replies":[{"embeddable":true,"href":"https:\/\/www.interaccionnoticias.com.mx\/index.php?rest_route=%2Fwp%2Fv2%2Fcomments&post=47501"}],"version-history":[{"count":1,"href":"https:\/\/www.interaccionnoticias.com.mx\/index.php?rest_route=\/wp\/v2\/posts\/47501\/revisions"}],"predecessor-version":[{"id":47504,"href":"https:\/\/www.interaccionnoticias.com.mx\/index.php?rest_route=\/wp\/v2\/posts\/47501\/revisions\/47504"}],"wp:featuredmedia":[{"embeddable":true,"href":"https:\/\/www.interaccionnoticias.com.mx\/index.php?rest_route=\/wp\/v2\/media\/47503"}],"wp:attachment":[{"href":"https:\/\/www.interaccionnoticias.com.mx\/index.php?rest_route=%2Fwp%2Fv2%2Fmedia&parent=47501"}],"wp:term":[{"taxonomy":"category","embeddable":true,"href":"https:\/\/www.interaccionnoticias.com.mx\/index.php?rest_route=%2Fwp%2Fv2%2Fcategories&post=47501"},{"taxonomy":"post_tag","embeddable":true,"href":"https:\/\/www.interaccionnoticias.com.mx\/index.php?rest_route=%2Fwp%2Fv2%2Ftags&post=47501"}],"curies":[{"name":"wp","href":"https:\/\/api.w.org\/{rel}","templated":true}]}}