{"id":47111,"date":"2022-06-27T10:46:41","date_gmt":"2022-06-27T15:46:41","guid":{"rendered":"https:\/\/interaccionnoticias.com.mx\/?p=47111"},"modified":"2022-06-27T10:48:03","modified_gmt":"2022-06-27T15:48:03","slug":"fiscalia-abre-carpeta-de-investigacion-contra-banda-de-secuestradores-de-iguala","status":"publish","type":"post","link":"https:\/\/www.interaccionnoticias.com.mx\/?p=47111","title":{"rendered":"Fiscal\u00eda abre carpeta de investigaci\u00f3n contra banda de secuestradores de Iguala"},"content":{"rendered":"\n<p><strong>Jes\u00fas Dorantes<\/strong><\/p>\n\n\n\n<p><strong>Chilpancingo, Gro.-<\/strong> La Fiscal\u00eda General del Estado (FGE) abri\u00f3 una carpeta de investigaci\u00f3n en contra de 12 integrantes de una banda de secuestradores detenida el pasado jueves 23 se junio, en Iguala de la Independencia.<\/p>\n\n\n\n<p>En una comunicado publicado en las redes sociales de la FGE, la ma\u00f1ana del lunes se dio a conocer lo siguiente :<\/p>\n\n\n\n<p>\u201cCon el prop\u00f3sito de continuar asentando golpes contundentes contra la impunidad y actos delictivos, la Fiscal\u00eda General del Estado abri\u00f3 Carpeta de Investigaci\u00f3n por el delito de Secuestro Agravado en contra de Keila \u00abN\u00bb, Juan \u00abN\u00bb, Jes\u00fas \u00abN\u00bb, \u00c1ngel \u00abN\u00bb, Aldair \u00abN\u00bb, Christofer \u00abN\u00bb, Tania \u00abN\u00bb y Yamilet \u00abN\u00bb, por los hechos ocurridos el pasado 23 de junio, en la ciudad de Iguala de la Independencia\u201d.<\/p>\n\n\n\n<p>Durante la jornada del viernes 24 de junio, fue difundido en las redes sociales de la Secretar\u00eda de Seguridad P\u00fablica (SSP) del Estado la detenci\u00f3n de 12 personas y liberaci\u00f3n de una mujer que se encontraba privada de su libertad.<\/p>\n\n\n\n<p>En el comunicado de la FGE se especifica tambi\u00e9n que la detenci\u00f3n fue realizada por elementos de la SSP que a su vez pusieron a disposici\u00f3n a los detenidos ante la Fiscal\u00eda Especializada contra el Secuestro, adem\u00e1s de que se \u201caseguraron un arma larga de uso exclusivo de las fuerzas armadas, una granada de fragmentaci\u00f3n, cartuchos \u00fatiles, dos veh\u00edculos y cinco motocicletas, siendo dos de las mismas con reporte de robo, as\u00ed como ocho envoltorios conteniendo sustancias con caracter\u00edticas propias de la droga conocida como Cristal\u201d.<\/p>\n\n\n\n<p>El comunicado hab\u00eda sido colgado el viernes pasado y bajado a las pocas horas, pero la ma\u00f1ana del lunes lo volvi\u00f3 a difundir, al parecer con algunas correcciones.<\/p>\n\n\n\n<figure class=\"wp-block-gallery columns-1 is-cropped wp-block-gallery-1 is-layout-flex wp-block-gallery-is-layout-flex\"><ul class=\"blocks-gallery-grid\"><li class=\"blocks-gallery-item\"><figure><img decoding=\"async\" src=\"data:image\/gif;base64,R0lGODlhAQABAIAAAAAAAP\/\/\/ywAAAAAAQABAAACAUwAOw==\" fifu-lazy=\"1\" fifu-data-sizes=\"auto\" fifu-data-srcset=\"https:\/\/i1.wp.com\/interaccionnoticias.com.mx\/wp-content\/uploads\/2022\/06\/220627-banda-de-secuestradores-1021x1024.jpeg?ssl=1&w=75&resize=75&ssl=1 75w, https:\/\/i1.wp.com\/interaccionnoticias.com.mx\/wp-content\/uploads\/2022\/06\/220627-banda-de-secuestradores-1021x1024.jpeg?ssl=1&w=100&resize=100&ssl=1 100w, https:\/\/i1.wp.com\/interaccionnoticias.com.mx\/wp-content\/uploads\/2022\/06\/220627-banda-de-secuestradores-1021x1024.jpeg?ssl=1&w=150&resize=150&ssl=1 150w, https:\/\/i1.wp.com\/interaccionnoticias.com.mx\/wp-content\/uploads\/2022\/06\/220627-banda-de-secuestradores-1021x1024.jpeg?ssl=1&w=240&resize=240&ssl=1 240w, https:\/\/i1.wp.com\/interaccionnoticias.com.mx\/wp-content\/uploads\/2022\/06\/220627-banda-de-secuestradores-1021x1024.jpeg?ssl=1&w=320&resize=320&ssl=1 320w, https:\/\/i1.wp.com\/interaccionnoticias.com.mx\/wp-content\/uploads\/2022\/06\/220627-banda-de-secuestradores-1021x1024.jpeg?ssl=1&w=500&resize=500&ssl=1 500w, https:\/\/i1.wp.com\/interaccionnoticias.com.mx\/wp-content\/uploads\/2022\/06\/220627-banda-de-secuestradores-1021x1024.jpeg?ssl=1&w=640&resize=640&ssl=1 640w, https:\/\/i1.wp.com\/interaccionnoticias.com.mx\/wp-content\/uploads\/2022\/06\/220627-banda-de-secuestradores-1021x1024.jpeg?ssl=1&w=800&resize=800&ssl=1 800w, https:\/\/i1.wp.com\/interaccionnoticias.com.mx\/wp-content\/uploads\/2022\/06\/220627-banda-de-secuestradores-1021x1024.jpeg?ssl=1&w=1024&resize=1024&ssl=1 1024w, https:\/\/i1.wp.com\/interaccionnoticias.com.mx\/wp-content\/uploads\/2022\/06\/220627-banda-de-secuestradores-1021x1024.jpeg?ssl=1&w=1280&resize=1280&ssl=1 1280w, https:\/\/i1.wp.com\/interaccionnoticias.com.mx\/wp-content\/uploads\/2022\/06\/220627-banda-de-secuestradores-1021x1024.jpeg?ssl=1&w=1600&resize=1600&ssl=1 1600w\" fifu-data-src=\"https:\/\/i1.wp.com\/interaccionnoticias.com.mx\/wp-content\/uploads\/2022\/06\/220627-banda-de-secuestradores-1021x1024.jpeg?ssl=1\" alt=\"\" data-id=\"47112\" data-full-url=\"https:\/\/interaccionnoticias.com.mx\/wp-content\/uploads\/2022\/06\/220627-banda-de-secuestradores.jpeg\" data-link=\"https:\/\/interaccionnoticias.com.mx\/seguridad-publica\/47111\/attachment\/220627-banda-de-secuestradores\/\" class=\"wp-image-47112\"\/><\/figure><\/li><\/ul><\/figure>\n","protected":false},"excerpt":{"rendered":"<p>Jes\u00fas Dorantes Chilpancingo, Gro.- La Fiscal\u00eda General del Estado (FGE) abri\u00f3 una carpeta de investigaci\u00f3n en contra de 12 integrantes de una banda de secuestradores detenida el pasado jueves 23&hellip; <\/p>\n","protected":false},"author":8,"featured_media":47112,"comment_status":"open","ping_status":"open","sticky":false,"template":"","format":"standard","meta":{"fifu_image_url":"","fifu_image_alt":"","footnotes":""},"categories":[27],"tags":[],"class_list":["post-47111","post","type-post","status-publish","format-standard","has-post-thumbnail","hentry","category-seguridad-publica"],"_links":{"self":[{"href":"https:\/\/www.interaccionnoticias.com.mx\/index.php?rest_route=\/wp\/v2\/posts\/47111","targetHints":{"allow":["GET"]}}],"collection":[{"href":"https:\/\/www.interaccionnoticias.com.mx\/index.php?rest_route=\/wp\/v2\/posts"}],"about":[{"href":"https:\/\/www.interaccionnoticias.com.mx\/index.php?rest_route=\/wp\/v2\/types\/post"}],"author":[{"embeddable":true,"href":"https:\/\/www.interaccionnoticias.com.mx\/index.php?rest_route=\/wp\/v2\/users\/8"}],"replies":[{"embeddable":true,"href":"https:\/\/www.interaccionnoticias.com.mx\/index.php?rest_route=%2Fwp%2Fv2%2Fcomments&post=47111"}],"version-history":[{"count":2,"href":"https:\/\/www.interaccionnoticias.com.mx\/index.php?rest_route=\/wp\/v2\/posts\/47111\/revisions"}],"predecessor-version":[{"id":47115,"href":"https:\/\/www.interaccionnoticias.com.mx\/index.php?rest_route=\/wp\/v2\/posts\/47111\/revisions\/47115"}],"wp:featuredmedia":[{"embeddable":true,"href":"https:\/\/www.interaccionnoticias.com.mx\/index.php?rest_route=\/wp\/v2\/media\/47112"}],"wp:attachment":[{"href":"https:\/\/www.interaccionnoticias.com.mx\/index.php?rest_route=%2Fwp%2Fv2%2Fmedia&parent=47111"}],"wp:term":[{"taxonomy":"category","embeddable":true,"href":"https:\/\/www.interaccionnoticias.com.mx\/index.php?rest_route=%2Fwp%2Fv2%2Fcategories&post=47111"},{"taxonomy":"post_tag","embeddable":true,"href":"https:\/\/www.interaccionnoticias.com.mx\/index.php?rest_route=%2Fwp%2Fv2%2Ftags&post=47111"}],"curies":[{"name":"wp","href":"https:\/\/api.w.org\/{rel}","templated":true}]}}