{"id":47105,"date":"2022-06-26T20:04:33","date_gmt":"2022-06-27T01:04:33","guid":{"rendered":"https:\/\/interaccionnoticias.com.mx\/?p=47105"},"modified":"2022-06-26T20:04:38","modified_gmt":"2022-06-27T01:04:38","slug":"reporta-la-ssg-466-casos-activos-de-covid-19-en-guerrero","status":"publish","type":"post","link":"https:\/\/www.interaccionnoticias.com.mx\/?p=47105","title":{"rendered":"REPORTA LA SSG 466 CASOS ACTIVOS DE COVID-19 EN GUERRERO"},"content":{"rendered":"\n<p><strong><em>&#8212; El Gobierno del Estado y la SSG hacen el llamado a la poblaci\u00f3n a mantener las medidas sanitarias para evitar m\u00e1s contagios<\/em><\/strong><\/p>\n\n\n\n<p><strong>Chilpancingo, Gro., 26 de junio 2022.-<\/strong> Ante el incremento de casos COVID-19 en la entidad, el gobierno del Estado a trav\u00e9s de la Secretar\u00eda de Salud hace el llamado a la poblaci\u00f3n a continuar con la medidas preventivas tales como uso de cubrebocas, sana distancia, evitar lugares concurridos, ventilar espacios cerrados, lavado de mano frecuente con agua y jab\u00f3n adem\u00e1s el uso de gel con 70% de alcohol, evitar contacto con personas que presenten cuadros gripales y acudir a vacunarse contra el COVID-19.<\/p>\n\n\n\n<p>La Secretar\u00eda de Salud Guerrero (SSG) inform\u00f3 que al corte del 25 de junio la entidad se mantiene en color verde del sem\u00e1foro epidemiol\u00f3gico con 466 casos activos de COVID-19, de los cuales 73 se confirmaron en las \u00faltimas 24 horas.<\/p>\n\n\n\n<p>Desde el inicio de la pandemia, en Guerrero se acumulan 100,243 casos confirmados y 6,773 defunciones a causa del virus SARS-Cov2, de acuerdo con el informe \u201cCOVID-19 Guerrero\u201d, que actualiza diariamente la SSG<\/p>\n\n\n\n<p>A nivel nacional, Guerrero se ubica en el lugar n\u00famero 30 en casos activos de COVID-19, y al 25 de junio concentra 466 casos en 23 municipios, siendo los principales los siguientes: Acapulco 306, Chilpancingo 93, Iguala 12, Zihuatanejo 8; Benito Ju\u00e1rez 6, Tixtla 6, Ometepec 5, Pungarabato 5, Coyuca de Catal\u00e1n 3 y Taxco 3.<\/p>\n\n\n\n<p>A nivel estatal, el porcentaje de ocupaci\u00f3n de camas para atenci\u00f3n a pacientes con COVID-19 es del 2%, de acuerdo a datos de la Secretar\u00eda de Salud.<\/p>\n\n\n\n<p>Adem\u00e1s, inform\u00f3 que mantiene m\u00f3dulos de atenci\u00f3n m\u00e9dica en el Asta Bandera de Acapulco, en la Alameda Granados Maldonado de Chilpancingo, en el z\u00f3calo de Taxco, en Iguala de la Independencia y en el Centro de Salud El Embalse de Zihuatanejo.<\/p>\n","protected":false},"excerpt":{"rendered":"<p>&#8212; El Gobierno del Estado y la SSG hacen el llamado a la poblaci\u00f3n a mantener las medidas sanitarias para evitar m\u00e1s contagios Chilpancingo, Gro., 26 de junio 2022.- Ante&hellip; <\/p>\n","protected":false},"author":19,"featured_media":47106,"comment_status":"open","ping_status":"open","sticky":false,"template":"","format":"standard","meta":{"fifu_image_url":"","fifu_image_alt":"","footnotes":""},"categories":[3],"tags":[],"class_list":["post-47105","post","type-post","status-publish","format-standard","has-post-thumbnail","hentry","category-covid-19"],"_links":{"self":[{"href":"https:\/\/www.interaccionnoticias.com.mx\/index.php?rest_route=\/wp\/v2\/posts\/47105","targetHints":{"allow":["GET"]}}],"collection":[{"href":"https:\/\/www.interaccionnoticias.com.mx\/index.php?rest_route=\/wp\/v2\/posts"}],"about":[{"href":"https:\/\/www.interaccionnoticias.com.mx\/index.php?rest_route=\/wp\/v2\/types\/post"}],"author":[{"embeddable":true,"href":"https:\/\/www.interaccionnoticias.com.mx\/index.php?rest_route=\/wp\/v2\/users\/19"}],"replies":[{"embeddable":true,"href":"https:\/\/www.interaccionnoticias.com.mx\/index.php?rest_route=%2Fwp%2Fv2%2Fcomments&post=47105"}],"version-history":[{"count":1,"href":"https:\/\/www.interaccionnoticias.com.mx\/index.php?rest_route=\/wp\/v2\/posts\/47105\/revisions"}],"predecessor-version":[{"id":47107,"href":"https:\/\/www.interaccionnoticias.com.mx\/index.php?rest_route=\/wp\/v2\/posts\/47105\/revisions\/47107"}],"wp:featuredmedia":[{"embeddable":true,"href":"https:\/\/www.interaccionnoticias.com.mx\/index.php?rest_route=\/wp\/v2\/media\/47106"}],"wp:attachment":[{"href":"https:\/\/www.interaccionnoticias.com.mx\/index.php?rest_route=%2Fwp%2Fv2%2Fmedia&parent=47105"}],"wp:term":[{"taxonomy":"category","embeddable":true,"href":"https:\/\/www.interaccionnoticias.com.mx\/index.php?rest_route=%2Fwp%2Fv2%2Fcategories&post=47105"},{"taxonomy":"post_tag","embeddable":true,"href":"https:\/\/www.interaccionnoticias.com.mx\/index.php?rest_route=%2Fwp%2Fv2%2Ftags&post=47105"}],"curies":[{"name":"wp","href":"https:\/\/api.w.org\/{rel}","templated":true}]}}