{"id":47101,"date":"2022-06-26T18:40:28","date_gmt":"2022-06-26T23:40:28","guid":{"rendered":"https:\/\/interaccionnoticias.com.mx\/?p=47101"},"modified":"2022-06-26T18:40:29","modified_gmt":"2022-06-26T23:40:29","slug":"convoca-movimiento-independiente-progresista-a-la-dirigencia-nacional-del-prd-a-abrirse-al-debate","status":"publish","type":"post","link":"https:\/\/www.interaccionnoticias.com.mx\/?p=47101","title":{"rendered":"Convoca Movimiento Independiente Progresista a la dirigencia nacional del PRD a abrirse al debate"},"content":{"rendered":"\n<p><strong>Ciudad de M\u00e9xico, 26 de junio de 2022.-<\/strong> Con llamados a la Direcci\u00f3n Nacional Ejecutiva a abrir espacios de debate y discusi\u00f3n sobre el futuro del Partido de la Revoluci\u00f3n Democr\u00e1tica, este domingo se realiz\u00f3 la asamblea de instalaci\u00f3n del Comit\u00e9 Promotor del Movimiento Independiente Progresista (MIP), en el que (de acuerdo con los organizadores), participan al menos 20 entidades de la Rep\u00fablica.<\/p>\n\n\n\n<p>El evento, se realiz\u00f3 el mediod\u00eda de este domingo en un centro de reuniones de la alcald\u00eda Cuauht\u00e9moc de la capital del pa\u00eds.<\/p>\n\n\n\n<p>Correspondi\u00f3 a la diputada local Yanelly Hern\u00e1ndez Mart\u00ednez dar la bienvenida a los asistentes y a quienes se conectaron mediante la plataforma Zoom.<\/p>\n\n\n\n<p>A quienes expres\u00f3 que este movimiento llama a la fortaleza y la lucha en momentos de adversidad.<\/p>\n\n\n\n<p>La integrante de Izquierda Progresista Guerrerense, consider\u00f3 que no es casual el surgimiento del Movimiento, el que dijo, est\u00e1 llamado a encabezar esta la lucha al interior del PRD.<\/p>\n\n\n\n<p>La legisladora del Congreso de Guerrero, manifest\u00f3 que el PRD es la verdadera alternativa para que se pueda construir un verdadero cambio en el pa\u00eds.<\/p>\n\n\n\n<p>Augur\u00f3 que el Partido del Sol Azteca se volver\u00e1 a reencontrar con lo que siempre debi\u00f3 haber sido: una lucha al lado de la gente, y no secuestrado por los intereses personales de nadie.<\/p>\n\n\n\n<p>Hern\u00e1ndez Mart\u00ednez concluy\u00f3 reflexionando que para el PRD no hay mejor forma de renacer, que reconociendo las equivocaciones en que han incurrido.<\/p>\n\n\n\n<p>Por su parte, Christian Campuzano Mart\u00ednez, dirigente del PRD en el Estado de M\u00e9xico, record\u00f3 que el PRD es producto del esfuerdo y la suma de trabajo de muchos a\u00f1os.<\/p>\n\n\n\n<p>Llam\u00f3 a dar la batalla por recuperar a un partido \u201cque ha perdido el rumbo, la conexi\u00f3n con la militancia y la agenda\u201d.<\/p>\n\n\n\n<p>\u201cAlgo no estamos haciendo bien, el PRD ha ca\u00eddo en una inercia, le hace falta t\u00e1ctica y estrategia\u201d, a\u00f1adi\u00f3.<\/p>\n\n\n\n<p>Campuzano Mart\u00ednez convoc\u00f3 a la dirigencia nacional a abrir espacios de discusi\u00f3n y adelant\u00f3 que este movimiento actuar\u00e1 sin sumisi\u00f3n, a la vez que dijo, la unica forma de romper inercias es a trav\u00e9s de la organizaci\u00f3n.<\/p>\n\n\n\n<p>Al hacer uso de la palabra, el dirigente del MIP, Evodio Vel\u00e1zquez Aguirre, describi\u00f3 a la agrupaci\u00f3n como un movimiento de conciencia, y ataj\u00f3: \u201cno somos una tribu m\u00e1s\u201d.<\/p>\n\n\n\n<p>Expres\u00f3 que el movimiento se integra con el \u00e1nimo de contribuir al debate nacional sobre el rumbo que debe seguir el pa\u00eds.<\/p>\n\n\n\n<p>Al anunciar que se aplicar\u00e1n en recuperar el rumbo del partido, dijo que van a recorrer el pa\u00eds para escuchar a la gente.<\/p>\n\n\n\n<p>Acot\u00f3 que no se pretende desunir al Sol Azteca, \u201ctodos son necesarios\u201d, dijo, pero expres\u00f3 que debe abrirse paso a nuevos rostros, y a que prevalezca \u201cel inter\u00e9s de todos, por encima del de unos cuantos.<\/p>\n\n\n\n<p>El ex alcalde de Acapulco consider\u00f3 los resultados de las pasadas elecciones como \u201ccatastr\u00f3ficos\u201d, y record\u00f3 que ya son 19 entidades de la rep\u00fablica donde el PRD perdi\u00f3 su registro.<\/p>\n\n\n\n<p>Rese\u00f1\u00f3 que en estos a\u00f1os, el PRD pas\u00f3 del 24 al 4 por ciento de la votacion<\/p>\n\n\n\n<p>Advirti\u00f3 que si as alianzas se construyen desde la c\u00fapula, no funcionan, en ese sentido, dijo que se deben hacer desde el territorio.<\/p>\n\n\n\n<p>Llam\u00f3 a a revisar la politica de alianzas, y aliarse con los sectores y movimientos sociales.<\/p>\n\n\n\n<p>Y consider\u00f3 que miles se alejan del PRD, porque no se sienten parte de la toma de decisiones.<\/p>\n\n\n\n<p>Consider\u00f3 tambi\u00e9n que el grupo dominante en el Sol Azteca \u201ccon el poco poder que les queda\u201d, intentar\u00e1 mermar el movimiento, minimizarlo.<\/p>\n\n\n\n<p>\u201cO cambiamos el rumbo o sepultamos al PRD\u201d, sentenci\u00f3 Vel\u00e1zquez Aguirre.<\/p>\n\n\n\n<p>Tambi\u00e9n se pronunci\u00f3 porque el PRD construya puentes de entendimiento con todas las fuerzas de izqiuierda.<\/p>\n\n\n\n<p>Y finaliz\u00f3 llamando a la dirgencia nacioonal a abrir el debate \u201cde abajo hacia arriba\u201d.<\/p>\n\n\n\n<p>Asistieron, el dirigente del PRD en Guerrero, Alberto Catal\u00e1n Bastida; la secretaria general del PRD, Ivette D\u00edaz Bahena; el secretario de Comunicaci\u00f3n, F\u00e9lix Moreno Peralta; el secretario de Finanzas de la DEE del PRD en Guerrero, Jes\u00fas Basilio Goitia.<\/p>\n\n\n\n<p>Los diputados locales del PRD, Bernardo Ortega Jim\u00e9nez; Yanelly Hern\u00e1ndez Mart\u00ednez, Susana Paola Ju\u00e1rez G\u00f3mez , Elzy Camacho Pineda.<\/p>\n\n\n\n<p>As\u00ed como el alcalde de Tecpan de Galeana; Yasir Deloya y el dirigente del PRD en Chilpancingo, Fernando Calixto Cuevas, entre otros.<\/p>\n\n\n\n<figure class=\"wp-block-gallery columns-2 is-cropped wp-block-gallery-1 is-layout-flex wp-block-gallery-is-layout-flex\"><ul class=\"blocks-gallery-grid\"><li class=\"blocks-gallery-item\"><figure><img decoding=\"async\" src=\"data:image\/gif;base64,R0lGODlhAQABAIAAAAAAAP\/\/\/ywAAAAAAQABAAACAUwAOw==\" fifu-lazy=\"1\" fifu-data-sizes=\"auto\" fifu-data-srcset=\"https:\/\/i0.wp.com\/interaccionnoticias.com.mx\/wp-content\/uploads\/2022\/06\/220626-convocan-2-1024x683.jpeg?ssl=1&w=75&resize=75&ssl=1 75w, https:\/\/i0.wp.com\/interaccionnoticias.com.mx\/wp-content\/uploads\/2022\/06\/220626-convocan-2-1024x683.jpeg?ssl=1&w=100&resize=100&ssl=1 100w, https:\/\/i0.wp.com\/interaccionnoticias.com.mx\/wp-content\/uploads\/2022\/06\/220626-convocan-2-1024x683.jpeg?ssl=1&w=150&resize=150&ssl=1 150w, https:\/\/i0.wp.com\/interaccionnoticias.com.mx\/wp-content\/uploads\/2022\/06\/220626-convocan-2-1024x683.jpeg?ssl=1&w=240&resize=240&ssl=1 240w, https:\/\/i0.wp.com\/interaccionnoticias.com.mx\/wp-content\/uploads\/2022\/06\/220626-convocan-2-1024x683.jpeg?ssl=1&w=320&resize=320&ssl=1 320w, https:\/\/i0.wp.com\/interaccionnoticias.com.mx\/wp-content\/uploads\/2022\/06\/220626-convocan-2-1024x683.jpeg?ssl=1&w=500&resize=500&ssl=1 500w, https:\/\/i0.wp.com\/interaccionnoticias.com.mx\/wp-content\/uploads\/2022\/06\/220626-convocan-2-1024x683.jpeg?ssl=1&w=640&resize=640&ssl=1 640w, https:\/\/i0.wp.com\/interaccionnoticias.com.mx\/wp-content\/uploads\/2022\/06\/220626-convocan-2-1024x683.jpeg?ssl=1&w=800&resize=800&ssl=1 800w, https:\/\/i0.wp.com\/interaccionnoticias.com.mx\/wp-content\/uploads\/2022\/06\/220626-convocan-2-1024x683.jpeg?ssl=1&w=1024&resize=1024&ssl=1 1024w, https:\/\/i0.wp.com\/interaccionnoticias.com.mx\/wp-content\/uploads\/2022\/06\/220626-convocan-2-1024x683.jpeg?ssl=1&w=1280&resize=1280&ssl=1 1280w, https:\/\/i0.wp.com\/interaccionnoticias.com.mx\/wp-content\/uploads\/2022\/06\/220626-convocan-2-1024x683.jpeg?ssl=1&w=1600&resize=1600&ssl=1 1600w\" fifu-data-src=\"https:\/\/i0.wp.com\/interaccionnoticias.com.mx\/wp-content\/uploads\/2022\/06\/220626-convocan-2-1024x683.jpeg?ssl=1\" alt=\"\" data-id=\"47103\" data-full-url=\"https:\/\/interaccionnoticias.com.mx\/wp-content\/uploads\/2022\/06\/220626-convocan-2.jpeg\" data-link=\"https:\/\/interaccionnoticias.com.mx\/?attachment_id=47103\" class=\"wp-image-47103\"\/><\/figure><\/li><li class=\"blocks-gallery-item\"><figure><img decoding=\"async\" src=\"data:image\/gif;base64,R0lGODlhAQABAIAAAAAAAP\/\/\/ywAAAAAAQABAAACAUwAOw==\" fifu-lazy=\"1\" fifu-data-sizes=\"auto\" fifu-data-srcset=\"https:\/\/i1.wp.com\/interaccionnoticias.com.mx\/wp-content\/uploads\/2022\/06\/220626-convocan-1-1024x683.jpeg?ssl=1&w=75&resize=75&ssl=1 75w, https:\/\/i1.wp.com\/interaccionnoticias.com.mx\/wp-content\/uploads\/2022\/06\/220626-convocan-1-1024x683.jpeg?ssl=1&w=100&resize=100&ssl=1 100w, https:\/\/i1.wp.com\/interaccionnoticias.com.mx\/wp-content\/uploads\/2022\/06\/220626-convocan-1-1024x683.jpeg?ssl=1&w=150&resize=150&ssl=1 150w, https:\/\/i1.wp.com\/interaccionnoticias.com.mx\/wp-content\/uploads\/2022\/06\/220626-convocan-1-1024x683.jpeg?ssl=1&w=240&resize=240&ssl=1 240w, https:\/\/i1.wp.com\/interaccionnoticias.com.mx\/wp-content\/uploads\/2022\/06\/220626-convocan-1-1024x683.jpeg?ssl=1&w=320&resize=320&ssl=1 320w, https:\/\/i1.wp.com\/interaccionnoticias.com.mx\/wp-content\/uploads\/2022\/06\/220626-convocan-1-1024x683.jpeg?ssl=1&w=500&resize=500&ssl=1 500w, https:\/\/i1.wp.com\/interaccionnoticias.com.mx\/wp-content\/uploads\/2022\/06\/220626-convocan-1-1024x683.jpeg?ssl=1&w=640&resize=640&ssl=1 640w, https:\/\/i1.wp.com\/interaccionnoticias.com.mx\/wp-content\/uploads\/2022\/06\/220626-convocan-1-1024x683.jpeg?ssl=1&w=800&resize=800&ssl=1 800w, https:\/\/i1.wp.com\/interaccionnoticias.com.mx\/wp-content\/uploads\/2022\/06\/220626-convocan-1-1024x683.jpeg?ssl=1&w=1024&resize=1024&ssl=1 1024w, https:\/\/i1.wp.com\/interaccionnoticias.com.mx\/wp-content\/uploads\/2022\/06\/220626-convocan-1-1024x683.jpeg?ssl=1&w=1280&resize=1280&ssl=1 1280w, https:\/\/i1.wp.com\/interaccionnoticias.com.mx\/wp-content\/uploads\/2022\/06\/220626-convocan-1-1024x683.jpeg?ssl=1&w=1600&resize=1600&ssl=1 1600w\" fifu-data-src=\"https:\/\/i1.wp.com\/interaccionnoticias.com.mx\/wp-content\/uploads\/2022\/06\/220626-convocan-1-1024x683.jpeg?ssl=1\" alt=\"\" data-id=\"47102\" data-full-url=\"https:\/\/interaccionnoticias.com.mx\/wp-content\/uploads\/2022\/06\/220626-convocan-1.jpeg\" data-link=\"https:\/\/interaccionnoticias.com.mx\/?attachment_id=47102\" class=\"wp-image-47102\"\/><\/figure><\/li><\/ul><\/figure>\n","protected":false},"excerpt":{"rendered":"<p>Ciudad de M\u00e9xico, 26 de junio de 2022.- Con llamados a la Direcci\u00f3n Nacional Ejecutiva a abrir espacios de debate y discusi\u00f3n sobre el futuro del Partido de la Revoluci\u00f3n&hellip; <\/p>\n","protected":false},"author":19,"featured_media":47102,"comment_status":"open","ping_status":"open","sticky":false,"template":"","format":"standard","meta":{"fifu_image_url":"","fifu_image_alt":"","footnotes":""},"categories":[18],"tags":[],"class_list":["post-47101","post","type-post","status-publish","format-standard","has-post-thumbnail","hentry","category-partidos-politicos"],"_links":{"self":[{"href":"https:\/\/www.interaccionnoticias.com.mx\/index.php?rest_route=\/wp\/v2\/posts\/47101","targetHints":{"allow":["GET"]}}],"collection":[{"href":"https:\/\/www.interaccionnoticias.com.mx\/index.php?rest_route=\/wp\/v2\/posts"}],"about":[{"href":"https:\/\/www.interaccionnoticias.com.mx\/index.php?rest_route=\/wp\/v2\/types\/post"}],"author":[{"embeddable":true,"href":"https:\/\/www.interaccionnoticias.com.mx\/index.php?rest_route=\/wp\/v2\/users\/19"}],"replies":[{"embeddable":true,"href":"https:\/\/www.interaccionnoticias.com.mx\/index.php?rest_route=%2Fwp%2Fv2%2Fcomments&post=47101"}],"version-history":[{"count":1,"href":"https:\/\/www.interaccionnoticias.com.mx\/index.php?rest_route=\/wp\/v2\/posts\/47101\/revisions"}],"predecessor-version":[{"id":47104,"href":"https:\/\/www.interaccionnoticias.com.mx\/index.php?rest_route=\/wp\/v2\/posts\/47101\/revisions\/47104"}],"wp:featuredmedia":[{"embeddable":true,"href":"https:\/\/www.interaccionnoticias.com.mx\/index.php?rest_route=\/wp\/v2\/media\/47102"}],"wp:attachment":[{"href":"https:\/\/www.interaccionnoticias.com.mx\/index.php?rest_route=%2Fwp%2Fv2%2Fmedia&parent=47101"}],"wp:term":[{"taxonomy":"category","embeddable":true,"href":"https:\/\/www.interaccionnoticias.com.mx\/index.php?rest_route=%2Fwp%2Fv2%2Fcategories&post=47101"},{"taxonomy":"post_tag","embeddable":true,"href":"https:\/\/www.interaccionnoticias.com.mx\/index.php?rest_route=%2Fwp%2Fv2%2Ftags&post=47101"}],"curies":[{"name":"wp","href":"https:\/\/api.w.org\/{rel}","templated":true}]}}