{"id":47097,"date":"2022-06-26T15:00:37","date_gmt":"2022-06-26T20:00:37","guid":{"rendered":"https:\/\/interaccionnoticias.com.mx\/?p=47097"},"modified":"2022-06-26T15:00:42","modified_gmt":"2022-06-26T20:00:42","slug":"inauguran-el-presidente-andres-manuel-lopez-obrador-y-la-gobernadora-evelyn-salgado-la-primera-etapa-del-libramiento-poniente-de-acapulco","status":"publish","type":"post","link":"https:\/\/www.interaccionnoticias.com.mx\/?p=47097","title":{"rendered":"Inauguran el presidente Andr\u00e9s Manuel L\u00f3pez Obrador y la gobernadora Evelyn Salgado la primera etapa del Libramiento Poniente de Acapulco"},"content":{"rendered":"\n<p><strong><em>&#8212; La obra tiene una longitud de 21 km., con una inversi\u00f3n de m\u00e1s de 4 mil millones de pesos<br>&#8212; Conectar\u00e1 a Acapulco con la Costa Grande, impulsando el turismo y el comercio<br>&#8212; Agradece la gobernadora el apoyo del presidente de la Rep\u00fablica en temas como infraestructura y programas sociales<\/em><\/strong><\/p>\n\n\n\n<p><strong>Acapulco, Guerrero., 26 de junio de 2022.-<\/strong> La gobernadora del estado, Evelyn Salgado Pineda, acompa\u00f1\u00f3 al presidente de la Rep\u00fablica, Andr\u00e9s Manuel L\u00f3pez Obrador a la inauguraci\u00f3n y corte de list\u00f3n de la primera etapa del Libramiento Poniente de Acapulco, en el que se invirtieron m\u00e1s de 4 mil 248 millones de pesos, para el desarrollo de 21 kil\u00f3metros de la v\u00eda que permitir\u00e1 generar mayor conectividad hacia la zona de Costa Grande y potenciar los rubros de turismo y comercio.<\/p>\n\n\n\n<p>En su mensaje, la gobernadora agradeci\u00f3 el apoyo del presidente L\u00f3pez Obrador, quien con su determinaci\u00f3n y esfuerzo, camina de la mano con los guerrerenses para el impulso de programas sociales diversos y proyectos de infraestructura destinados a cambiar el rostro del estado, promoviendo la transformaci\u00f3n pac\u00edfica, profunda y radical a favor de las y los guerrerenses.<\/p>\n\n\n\n<p>\u201cCada que venga a Guerrero se le va a recibir de la misma manera, con todo este cari\u00f1o y que Guerrero es su casa. Lo recibir\u00e1 con los brazos abiertos siempre. Nunca hab\u00edamos tenido un presidente con esta determinaci\u00f3n, de supervisar personalmente todas las obras y todos los compromisos, de regresar, de ver, de atestiguar de primera mano el avance de los programas y de los proyectos de infraestructura que est\u00e1n transformando a nuestro estado\u201d, se\u00f1al\u00f3 la mandataria.<\/p>\n\n\n\n<p>En este marco, se refiri\u00f3 a la gira que realiz\u00f3 en la entidad y que concluye con la inauguraci\u00f3n de esta obra, que busca posicionar a Guerrero en el desarrollo del potencial tur\u00edstico y productivo a trav\u00e9s del impulso a productos y servicios de primer nivel.<\/p>\n\n\n\n<p>\u201cEsta obra va a permitir hacer m\u00e1s r\u00e1pida y eficiente la conectividad de Acapulco con la Costa Grande, esto es algo muy importante, porque va a detonar el potencial tur\u00edstico y econ\u00f3mico de estas regiones. Por eso es una gran obra, que nos va a ayudar much\u00edsimo, son 21 kil\u00f3metros que significaron miles de empleos; fue una inversi\u00f3n hist\u00f3rica que beneficia a m\u00e1s de 800 mil habitantes de Acapulco y de Coyuca de Ben\u00edtez. Es un libramiento que enlaza a la Autopista del Sol con la regi\u00f3n de la Costa Grande, generando atracci\u00f3n para inversi\u00f3n tur\u00edstica y comercial hacia la franja costera de Guerrero\u201d, a\u00f1adi\u00f3.<\/p>\n\n\n\n<p>Ante el presidente, Evelyn Salgado expres\u00f3 su benepl\u00e1cito por este libramiento, que permitir\u00e1 la comercializaci\u00f3n de productos como el coco, mango, jamaica, miel, entre otros, fortaleciendo a las productoras y productores, as\u00ed como los negocios familiares.<\/p>\n\n\n\n<p>En su mensaje, el presidente Andr\u00e9s Manuel L\u00f3pez Obrador celebr\u00f3 la culminaci\u00f3n de esta primera etapa, la cual hab\u00eda quedado inconclusa en administraciones anteriores y cuya terminaci\u00f3n se dio luego de ocho a\u00f1os; por ello dej\u00f3 en claro que para poder seguir generando el desarrollo del pa\u00eds, se requiere del combate a la corrupci\u00f3n y de un trabajo coordinado.<\/p>\n\n\n\n<p>Al respecto detall\u00f3 que hay un acuerdo con los ejidatarios, para indemnizarlos correctamente por los terrenos que fueron destinados al desarrollo de este libramiento; de tal manera que en una primera etapa se les dio un anticipo de 3 millones pesos, con el compromiso de llegar hasta el pago total de 30 millones.<\/p>\n\n\n\n<p>Destac\u00f3 que junto con Oaxaca y Chiapas, Guerrero es una de las entidades que m\u00e1s apoyo reciben por parte de la Federaci\u00f3n, para el impulso de programas de Bienestar social a sectores como el campesino, los pescadores, adultos mayores, personas discapacitadas, estudiantes, j\u00f3venes, entre otros.<\/p>\n\n\n\n<p>\u201cAqu\u00ed en Guerrero, de acuerdo al censo de poblaci\u00f3n, son 942 mil, casi un mill\u00f3n de viviendas, hogares. \u00bfSaben cu\u00e1ntos beneficiarios hay de los programas de Bienestar? Un mill\u00f3n doscientos 97 mil 322. \u00bfQu\u00e9 significa esto? Que casi en todos los hogares de Guerrero, llega cuando menos un apoyo del presupuesto federal\u201d, explic\u00f3.<\/p>\n\n\n\n<p>Para concluir su mensaje, refrend\u00f3 su compromiso y apoyo hacia la gobernadora Evelyn Salgado Pineda y coincidi\u00f3 en su pol\u00edtica de trabajo de m\u00e1s territorio y menos escritorio, para priorizar el acercamiento de manera directa con la poblaci\u00f3n, para conocer cu\u00e1les son sus necesidades y poner en marcha las acciones necesarias.<\/p>\n\n\n\n<p>En tanto que el titular de la Secretar\u00eda de Infraestructura, Comunicaciones y Transportes (SICT), Jorge Arganis D\u00edaz Leal, dijo que esta primera etapa del libramiento es una realidad que se suma a las numerosas acciones en materia de infraestructura de la actual administraci\u00f3n, para impulsar el desarrollo regional y propiciar el bienestar en todos los rincones del pa\u00eds. Y agreg\u00f3: \u201cSe tiene la convicci\u00f3n que a trav\u00e9s de la infraestructura y los programas sociales, se est\u00e1 forjando un desarrollo m\u00e1s equitativo y con mayores oportunidades para todos, principalmente en aquellas regiones con altos niveles de marginaci\u00f3n\u201d.<\/p>\n\n\n\n<p>De acuerdo con lo informado por el subsecretario de Infraestructura de la SICT, Jorge Nu\u00f1o Lara, esta obra que abarca el tramo La Venta-Bajos del Ejido, tiene una longitud de 21 kil\u00f3metros; cuenta con 4 puentes, 2 entronques a desnivel, 4 viaductos, 3 estructuras de cruce, 3 t\u00faneles y una caseta de cobro. Gener\u00f3 m\u00e1s de 12 mil 700 empleos directos y 50 mil indirectos, en donde se invirtieron 4 mil 248.8 millones de pesos.<\/p>\n\n\n\n<p>Asistieron la presidenta municipal de Acapulco, Abelina L\u00f3pez Rodr\u00edguez; la directora general de Caminos y Puentes Federales, Elsa Julita Veites Ar\u00e9valo; el senador de la Rep\u00fablica, F\u00e9lix Salgado Macedonio; entre otros.<\/p>\n\n\n\n<figure class=\"wp-block-gallery columns-2 is-cropped wp-block-gallery-1 is-layout-flex wp-block-gallery-is-layout-flex\"><ul class=\"blocks-gallery-grid\"><li class=\"blocks-gallery-item\"><figure><img decoding=\"async\" src=\"data:image\/gif;base64,R0lGODlhAQABAIAAAAAAAP\/\/\/ywAAAAAAQABAAACAUwAOw==\" fifu-lazy=\"1\" fifu-data-sizes=\"auto\" fifu-data-srcset=\"https:\/\/i0.wp.com\/interaccionnoticias.com.mx\/wp-content\/uploads\/2022\/06\/220626-Evelyn-Salgado-Pineda-1024x683.jpg?ssl=1&w=75&resize=75&ssl=1 75w, https:\/\/i0.wp.com\/interaccionnoticias.com.mx\/wp-content\/uploads\/2022\/06\/220626-Evelyn-Salgado-Pineda-1024x683.jpg?ssl=1&w=100&resize=100&ssl=1 100w, https:\/\/i0.wp.com\/interaccionnoticias.com.mx\/wp-content\/uploads\/2022\/06\/220626-Evelyn-Salgado-Pineda-1024x683.jpg?ssl=1&w=150&resize=150&ssl=1 150w, https:\/\/i0.wp.com\/interaccionnoticias.com.mx\/wp-content\/uploads\/2022\/06\/220626-Evelyn-Salgado-Pineda-1024x683.jpg?ssl=1&w=240&resize=240&ssl=1 240w, https:\/\/i0.wp.com\/interaccionnoticias.com.mx\/wp-content\/uploads\/2022\/06\/220626-Evelyn-Salgado-Pineda-1024x683.jpg?ssl=1&w=320&resize=320&ssl=1 320w, https:\/\/i0.wp.com\/interaccionnoticias.com.mx\/wp-content\/uploads\/2022\/06\/220626-Evelyn-Salgado-Pineda-1024x683.jpg?ssl=1&w=500&resize=500&ssl=1 500w, https:\/\/i0.wp.com\/interaccionnoticias.com.mx\/wp-content\/uploads\/2022\/06\/220626-Evelyn-Salgado-Pineda-1024x683.jpg?ssl=1&w=640&resize=640&ssl=1 640w, https:\/\/i0.wp.com\/interaccionnoticias.com.mx\/wp-content\/uploads\/2022\/06\/220626-Evelyn-Salgado-Pineda-1024x683.jpg?ssl=1&w=800&resize=800&ssl=1 800w, https:\/\/i0.wp.com\/interaccionnoticias.com.mx\/wp-content\/uploads\/2022\/06\/220626-Evelyn-Salgado-Pineda-1024x683.jpg?ssl=1&w=1024&resize=1024&ssl=1 1024w, https:\/\/i0.wp.com\/interaccionnoticias.com.mx\/wp-content\/uploads\/2022\/06\/220626-Evelyn-Salgado-Pineda-1024x683.jpg?ssl=1&w=1280&resize=1280&ssl=1 1280w, https:\/\/i0.wp.com\/interaccionnoticias.com.mx\/wp-content\/uploads\/2022\/06\/220626-Evelyn-Salgado-Pineda-1024x683.jpg?ssl=1&w=1600&resize=1600&ssl=1 1600w\" fifu-data-src=\"https:\/\/i0.wp.com\/interaccionnoticias.com.mx\/wp-content\/uploads\/2022\/06\/220626-Evelyn-Salgado-Pineda-1024x683.jpg?ssl=1\" alt=\"\" data-id=\"47099\" data-full-url=\"https:\/\/interaccionnoticias.com.mx\/wp-content\/uploads\/2022\/06\/220626-Evelyn-Salgado-Pineda.jpg\" data-link=\"https:\/\/interaccionnoticias.com.mx\/?attachment_id=47099\" class=\"wp-image-47099\"\/><\/figure><\/li><li class=\"blocks-gallery-item\"><figure><img decoding=\"async\" src=\"data:image\/gif;base64,R0lGODlhAQABAIAAAAAAAP\/\/\/ywAAAAAAQABAAACAUwAOw==\" fifu-lazy=\"1\" fifu-data-sizes=\"auto\" fifu-data-srcset=\"https:\/\/i1.wp.com\/interaccionnoticias.com.mx\/wp-content\/uploads\/2022\/06\/220626-Andres-Manuel-Lopez-Obrador-1024x683.jpg?ssl=1&w=75&resize=75&ssl=1 75w, https:\/\/i1.wp.com\/interaccionnoticias.com.mx\/wp-content\/uploads\/2022\/06\/220626-Andres-Manuel-Lopez-Obrador-1024x683.jpg?ssl=1&w=100&resize=100&ssl=1 100w, https:\/\/i1.wp.com\/interaccionnoticias.com.mx\/wp-content\/uploads\/2022\/06\/220626-Andres-Manuel-Lopez-Obrador-1024x683.jpg?ssl=1&w=150&resize=150&ssl=1 150w, https:\/\/i1.wp.com\/interaccionnoticias.com.mx\/wp-content\/uploads\/2022\/06\/220626-Andres-Manuel-Lopez-Obrador-1024x683.jpg?ssl=1&w=240&resize=240&ssl=1 240w, https:\/\/i1.wp.com\/interaccionnoticias.com.mx\/wp-content\/uploads\/2022\/06\/220626-Andres-Manuel-Lopez-Obrador-1024x683.jpg?ssl=1&w=320&resize=320&ssl=1 320w, https:\/\/i1.wp.com\/interaccionnoticias.com.mx\/wp-content\/uploads\/2022\/06\/220626-Andres-Manuel-Lopez-Obrador-1024x683.jpg?ssl=1&w=500&resize=500&ssl=1 500w, https:\/\/i1.wp.com\/interaccionnoticias.com.mx\/wp-content\/uploads\/2022\/06\/220626-Andres-Manuel-Lopez-Obrador-1024x683.jpg?ssl=1&w=640&resize=640&ssl=1 640w, https:\/\/i1.wp.com\/interaccionnoticias.com.mx\/wp-content\/uploads\/2022\/06\/220626-Andres-Manuel-Lopez-Obrador-1024x683.jpg?ssl=1&w=800&resize=800&ssl=1 800w, https:\/\/i1.wp.com\/interaccionnoticias.com.mx\/wp-content\/uploads\/2022\/06\/220626-Andres-Manuel-Lopez-Obrador-1024x683.jpg?ssl=1&w=1024&resize=1024&ssl=1 1024w, https:\/\/i1.wp.com\/interaccionnoticias.com.mx\/wp-content\/uploads\/2022\/06\/220626-Andres-Manuel-Lopez-Obrador-1024x683.jpg?ssl=1&w=1280&resize=1280&ssl=1 1280w, https:\/\/i1.wp.com\/interaccionnoticias.com.mx\/wp-content\/uploads\/2022\/06\/220626-Andres-Manuel-Lopez-Obrador-1024x683.jpg?ssl=1&w=1600&resize=1600&ssl=1 1600w\" fifu-data-src=\"https:\/\/i1.wp.com\/interaccionnoticias.com.mx\/wp-content\/uploads\/2022\/06\/220626-Andres-Manuel-Lopez-Obrador-1024x683.jpg?ssl=1\" alt=\"\" data-id=\"47098\" data-full-url=\"https:\/\/interaccionnoticias.com.mx\/wp-content\/uploads\/2022\/06\/220626-Andres-Manuel-Lopez-Obrador.jpg\" data-link=\"https:\/\/interaccionnoticias.com.mx\/?attachment_id=47098\" class=\"wp-image-47098\"\/><\/figure><\/li><\/ul><\/figure>\n","protected":false},"excerpt":{"rendered":"<p>&#8212; La obra tiene una longitud de 21 km., con una inversi\u00f3n de m\u00e1s de 4 mil millones de pesos&#8212; Conectar\u00e1 a Acapulco con la Costa Grande, impulsando el turismo&hellip; <\/p>\n","protected":false},"author":19,"featured_media":47098,"comment_status":"open","ping_status":"open","sticky":false,"template":"","format":"standard","meta":{"fifu_image_url":"","fifu_image_alt":"","footnotes":""},"categories":[11],"tags":[],"class_list":["post-47097","post","type-post","status-publish","format-standard","has-post-thumbnail","hentry","category-guerrero"],"_links":{"self":[{"href":"https:\/\/www.interaccionnoticias.com.mx\/index.php?rest_route=\/wp\/v2\/posts\/47097","targetHints":{"allow":["GET"]}}],"collection":[{"href":"https:\/\/www.interaccionnoticias.com.mx\/index.php?rest_route=\/wp\/v2\/posts"}],"about":[{"href":"https:\/\/www.interaccionnoticias.com.mx\/index.php?rest_route=\/wp\/v2\/types\/post"}],"author":[{"embeddable":true,"href":"https:\/\/www.interaccionnoticias.com.mx\/index.php?rest_route=\/wp\/v2\/users\/19"}],"replies":[{"embeddable":true,"href":"https:\/\/www.interaccionnoticias.com.mx\/index.php?rest_route=%2Fwp%2Fv2%2Fcomments&post=47097"}],"version-history":[{"count":1,"href":"https:\/\/www.interaccionnoticias.com.mx\/index.php?rest_route=\/wp\/v2\/posts\/47097\/revisions"}],"predecessor-version":[{"id":47100,"href":"https:\/\/www.interaccionnoticias.com.mx\/index.php?rest_route=\/wp\/v2\/posts\/47097\/revisions\/47100"}],"wp:featuredmedia":[{"embeddable":true,"href":"https:\/\/www.interaccionnoticias.com.mx\/index.php?rest_route=\/wp\/v2\/media\/47098"}],"wp:attachment":[{"href":"https:\/\/www.interaccionnoticias.com.mx\/index.php?rest_route=%2Fwp%2Fv2%2Fmedia&parent=47097"}],"wp:term":[{"taxonomy":"category","embeddable":true,"href":"https:\/\/www.interaccionnoticias.com.mx\/index.php?rest_route=%2Fwp%2Fv2%2Fcategories&post=47097"},{"taxonomy":"post_tag","embeddable":true,"href":"https:\/\/www.interaccionnoticias.com.mx\/index.php?rest_route=%2Fwp%2Fv2%2Ftags&post=47097"}],"curies":[{"name":"wp","href":"https:\/\/api.w.org\/{rel}","templated":true}]}}