{"id":47048,"date":"2022-06-24T21:08:49","date_gmt":"2022-06-25T02:08:49","guid":{"rendered":"https:\/\/interaccionnoticias.com.mx\/?p=47048"},"modified":"2022-06-24T21:08:54","modified_gmt":"2022-06-25T02:08:54","slug":"la-coordinacion-con-la-uagro-permitira-ampliar-la-oferta-educativa-para-los-jovenes-taxquenos-aseguro-el-alcalde-mario-figueroa-mundo","status":"publish","type":"post","link":"https:\/\/www.interaccionnoticias.com.mx\/?p=47048","title":{"rendered":"La coordinaci\u00f3n con la UAGro permitir\u00e1 ampliar la oferta educativa para los j\u00f3venes taxque\u00f1os, asegur\u00f3 el alcalde Mario Figueroa Mundo"},"content":{"rendered":"\n<p><strong>Rosario Garc\u00eda Orozco<\/strong><\/p>\n\n\n\n<p><strong>Chilpancingo, Gro., 24 de junio del 2022.-<\/strong> La coordinaci\u00f3n con la Universidad Aut\u00f3noma de Guerrero (UAGRO) permitir\u00e1 que haya una mayor oferta educativa para los j\u00f3venes taxque\u00f1os, pero tambi\u00e9n para que los futuros profesionistas puedan realizar su servicio social y pr\u00e1cticas profesionales en ese ayuntamiento, adem\u00e1s de que investigadores realicen proyectos en ese lugar, lo que ampl\u00eda la posibilidad de arraigar a la ciudad platera a los hoy estudiantes, consider\u00f3 el presidente municipal de Taxco, Mario Figueroa Mundo.<\/p>\n\n\n\n<p>Se dijo complacido con la vinculaci\u00f3n que la M\u00e1xima Casa de Estudios ha generado con los municipios, porque eso permitir\u00e1 combinar esfuerzos y recursos para que los j\u00f3venes tengan m\u00e1s y mejores oportunidades de estudiar una carrera universitaria y no se vean en la necesidad de irse a estudiar a otras ciudades.<\/p>\n\n\n\n<p>El alcalde taxqueno record\u00f3 que recientemente la Uagro y su municipio firmaron un convenio de colaboraci\u00f3n para que estudiantes de las unidades acad\u00e9micas instaladas en ese municipio puedan realizar su servicio social en alguna de las \u00e1reas del ayuntamiento.<\/p>\n\n\n\n<p>Aunado a eso, dijo, tambi\u00e9n hay un compromiso de conjuntar recursos para la construcci\u00f3n de la Unidad Acad\u00e9mica de Turismo, que se sumar\u00e1 a las unidades acad\u00e9micas de Enfermeria, Arquitectura y Nurtrici\u00f3n que ya operan en ese municipio de la Zona norte de Guerrero.<\/p>\n\n\n\n<p>Pidi\u00f3 a los universitarios \u00abver a Taxco como su casa, ah\u00ed encontrar\u00e1n a los mejores aliados para ofrecer proyectos de investigaci\u00f3n y desarrollo para los taxque\u00f1os\u00bb, asegur\u00f3 Figueroa Mundo<\/p>\n\n\n\n<p>Este jueves, el rector de la Universidad Aut\u00f3noma de Guerrero, Jos\u00e9 Alfredo Romero Olea y el presidente municipal de Taxco de Alarc\u00f3n, Mario Figueroa firmaron un convenio de colaboraci\u00f3n para abrir espacios y oportunidades a estudiantes para que realicen su servicio social y pr\u00e1cticas profesionales.<\/p>\n\n\n\n<p>Dicho convenio tambi\u00e9n abre la posibilidad de que investigadores desarrollen proyectos, principalmente en ramas como el campo y la miner\u00eda, adem\u00e1s de que se realicen eventos art\u00edsticos y culturales que sean atractivos para el turismo.<\/p>\n","protected":false},"excerpt":{"rendered":"<p>Rosario Garc\u00eda Orozco Chilpancingo, Gro., 24 de junio del 2022.- La coordinaci\u00f3n con la Universidad Aut\u00f3noma de Guerrero (UAGRO) permitir\u00e1 que haya una mayor oferta educativa para los j\u00f3venes taxque\u00f1os,&hellip; <\/p>\n","protected":false},"author":14,"featured_media":47049,"comment_status":"open","ping_status":"open","sticky":false,"template":"","format":"standard","meta":{"fifu_image_url":"","fifu_image_alt":"","footnotes":""},"categories":[6],"tags":[],"class_list":["post-47048","post","type-post","status-publish","format-standard","has-post-thumbnail","hentry","category-educacion"],"_links":{"self":[{"href":"https:\/\/www.interaccionnoticias.com.mx\/index.php?rest_route=\/wp\/v2\/posts\/47048","targetHints":{"allow":["GET"]}}],"collection":[{"href":"https:\/\/www.interaccionnoticias.com.mx\/index.php?rest_route=\/wp\/v2\/posts"}],"about":[{"href":"https:\/\/www.interaccionnoticias.com.mx\/index.php?rest_route=\/wp\/v2\/types\/post"}],"author":[{"embeddable":true,"href":"https:\/\/www.interaccionnoticias.com.mx\/index.php?rest_route=\/wp\/v2\/users\/14"}],"replies":[{"embeddable":true,"href":"https:\/\/www.interaccionnoticias.com.mx\/index.php?rest_route=%2Fwp%2Fv2%2Fcomments&post=47048"}],"version-history":[{"count":1,"href":"https:\/\/www.interaccionnoticias.com.mx\/index.php?rest_route=\/wp\/v2\/posts\/47048\/revisions"}],"predecessor-version":[{"id":47050,"href":"https:\/\/www.interaccionnoticias.com.mx\/index.php?rest_route=\/wp\/v2\/posts\/47048\/revisions\/47050"}],"wp:featuredmedia":[{"embeddable":true,"href":"https:\/\/www.interaccionnoticias.com.mx\/index.php?rest_route=\/wp\/v2\/media\/47049"}],"wp:attachment":[{"href":"https:\/\/www.interaccionnoticias.com.mx\/index.php?rest_route=%2Fwp%2Fv2%2Fmedia&parent=47048"}],"wp:term":[{"taxonomy":"category","embeddable":true,"href":"https:\/\/www.interaccionnoticias.com.mx\/index.php?rest_route=%2Fwp%2Fv2%2Fcategories&post=47048"},{"taxonomy":"post_tag","embeddable":true,"href":"https:\/\/www.interaccionnoticias.com.mx\/index.php?rest_route=%2Fwp%2Fv2%2Ftags&post=47048"}],"curies":[{"name":"wp","href":"https:\/\/api.w.org\/{rel}","templated":true}]}}