{"id":47041,"date":"2022-06-24T18:45:56","date_gmt":"2022-06-24T23:45:56","guid":{"rendered":"https:\/\/interaccionnoticias.com.mx\/?p=47041"},"modified":"2022-06-24T18:46:02","modified_gmt":"2022-06-24T23:46:02","slug":"detienen-en-oaxaca-al-femenicida-de-la-joven-frida-alondra","status":"publish","type":"post","link":"https:\/\/www.interaccionnoticias.com.mx\/?p=47041","title":{"rendered":"Detienen en Oaxaca al femenicida de la Joven Frida Alondra"},"content":{"rendered":"\n<p><strong>SNI<\/strong><\/p>\n\n\n\n<p>El Fiscal General de Justicia de Oaxaca Arturo Peimbert Calvo inform\u00f3 que el femenicida de la joven Frida Alondra reportado en los l\u00edmites entre los estados de Oaxaca y Guerrero fue detenido tras un operativo con la Guardia Nacional (GN).<\/p>\n\n\n\n<p>Dijo que El presunto homicida de la adolescente Frida Alondra R. I., identificado como I. H. R., fue detenido en acatamiento a una orden de un juez que libr\u00f3 orden de aprehensi\u00f3n.<\/p>\n\n\n\n<p>El cuerpo de la v\u00edctima fue hallado el 12 de abril de 2022, en un camino de terracer\u00eda dentro del municipio de San Juan Bautista Lo de Soto, en los l\u00edmites de Oaxaca con el estado de Guerrero.<\/p>\n\n\n\n<p>El titular la Fiscal\u00eda inform\u00f3 que el aprehendido es probable responsable del delito de feminicidio agravado en contra de la adolescente originaria del municipio de Cuajinicuilapa, estado de Guerrero.<\/p>\n\n\n\n<p>Indic\u00f3 que intervino a trav\u00e9s de la Vicefiscal\u00eda Regional de la Costa, integrando la carpeta de investigaci\u00f3n 12661\/FCOS\/PINOTEPA\/2022, estableciendo s\u00f3lidas l\u00edneas de investigaci\u00f3n, bajo una perspectiva de g\u00e9nero y con un enfoque intercultural, por las particularidades espec\u00edficas de la v\u00edctima directa e indirectas, adem\u00e1s de que la Instituci\u00f3n solicit\u00f3 colaboraci\u00f3n interinstitucional para dar celeridad en la resoluci\u00f3n del caso.<\/p>\n\n\n\n<p>\u201cLos actos de investigaci\u00f3n iniciales establecieron que a la v\u00edctima le quitaron la vida en otro sitio y abandonaron su cuerpo en el camino de terracer\u00eda de la referida demarcaci\u00f3n\u201d, expuso.<\/p>\n\n\n\n<p>Detall\u00f3 que elementos de la Agencia Estatal de Investigaciones y de la GN dieron cumplimiento a la orden de aprehensi\u00f3n contra I. H. R., en inmediaciones de San Juan Bautista Lo de Soto, mismo que fue presentado ante la autoridad judicial que lo requiri\u00f3, que determinar\u00e1 su situaci\u00f3n jur\u00eddica en las pr\u00f3ximas horas.<\/p>\n\n\n\n<p>El titular de la Fiscal\u00eda de Oaxaca dijo que se investiga de manera expedita delitos de esta naturaleza con perspectiva intercultural y de g\u00e9nero, a fin de garantizar que las v\u00edctimas tengan pleno acceso a la justicia, aplicando todo el rigor de la Ley a quienes resulten responsables, expuso.<\/p>\n","protected":false},"excerpt":{"rendered":"<p>SNI El Fiscal General de Justicia de Oaxaca Arturo Peimbert Calvo inform\u00f3 que el femenicida de la joven Frida Alondra reportado en los l\u00edmites entre los estados de Oaxaca y&hellip; <\/p>\n","protected":false},"author":4,"featured_media":47042,"comment_status":"open","ping_status":"open","sticky":false,"template":"","format":"standard","meta":{"fifu_image_url":"","fifu_image_alt":"","footnotes":""},"categories":[27],"tags":[],"class_list":["post-47041","post","type-post","status-publish","format-standard","has-post-thumbnail","hentry","category-seguridad-publica"],"_links":{"self":[{"href":"https:\/\/www.interaccionnoticias.com.mx\/index.php?rest_route=\/wp\/v2\/posts\/47041","targetHints":{"allow":["GET"]}}],"collection":[{"href":"https:\/\/www.interaccionnoticias.com.mx\/index.php?rest_route=\/wp\/v2\/posts"}],"about":[{"href":"https:\/\/www.interaccionnoticias.com.mx\/index.php?rest_route=\/wp\/v2\/types\/post"}],"author":[{"embeddable":true,"href":"https:\/\/www.interaccionnoticias.com.mx\/index.php?rest_route=\/wp\/v2\/users\/4"}],"replies":[{"embeddable":true,"href":"https:\/\/www.interaccionnoticias.com.mx\/index.php?rest_route=%2Fwp%2Fv2%2Fcomments&post=47041"}],"version-history":[{"count":1,"href":"https:\/\/www.interaccionnoticias.com.mx\/index.php?rest_route=\/wp\/v2\/posts\/47041\/revisions"}],"predecessor-version":[{"id":47043,"href":"https:\/\/www.interaccionnoticias.com.mx\/index.php?rest_route=\/wp\/v2\/posts\/47041\/revisions\/47043"}],"wp:featuredmedia":[{"embeddable":true,"href":"https:\/\/www.interaccionnoticias.com.mx\/index.php?rest_route=\/wp\/v2\/media\/47042"}],"wp:attachment":[{"href":"https:\/\/www.interaccionnoticias.com.mx\/index.php?rest_route=%2Fwp%2Fv2%2Fmedia&parent=47041"}],"wp:term":[{"taxonomy":"category","embeddable":true,"href":"https:\/\/www.interaccionnoticias.com.mx\/index.php?rest_route=%2Fwp%2Fv2%2Fcategories&post=47041"},{"taxonomy":"post_tag","embeddable":true,"href":"https:\/\/www.interaccionnoticias.com.mx\/index.php?rest_route=%2Fwp%2Fv2%2Ftags&post=47041"}],"curies":[{"name":"wp","href":"https:\/\/api.w.org\/{rel}","templated":true}]}}