{"id":46975,"date":"2022-06-23T16:06:07","date_gmt":"2022-06-23T21:06:07","guid":{"rendered":"https:\/\/interaccionnoticias.com.mx\/?p=46975"},"modified":"2022-06-23T16:06:12","modified_gmt":"2022-06-23T21:06:12","slug":"ordenes-de-aprehension-contra-la-ceteg-por-defender-sus-derechos","status":"publish","type":"post","link":"https:\/\/www.interaccionnoticias.com.mx\/?p=46975","title":{"rendered":"Ordenes de aprehensi\u00f3n contra la CETEG, por defender sus derechos"},"content":{"rendered":"\n<p>&#8212; El dirigente, H\u00e9ctor Torres se\u00f1ala que no se sabe quienes causaron destrozos en la UISECAMM<\/p>\n\n\n\n<p>Jes\u00fas Dorantes<\/p>\n\n\n\n<p>Chilpancingo, Gro.- La Coordinadora Estatal de Trabajadores de la Educaci\u00f3n en Guerrero (CETEG) sostuvo que no existe miedo a la liberaci\u00f3n de \u00f3rdenes de aprehensi\u00f3n en contra de sus dirigentes, pues las acciones realizadas han sido en la lucha por la defensa de sus derechos.<\/p>\n\n\n\n<p>En una rueda de prensa ofrecida en sus oficinas, ubicadas en el sur de Chilpancingo, el secretario general de la CETEG, H\u00e9ctor Torres Solano refiri\u00f3 que desconocen si fueron integrantes del magisterio los que realizaron destrozos en las oficinas de la Unidad Estatal del Sistema para la Carrera de las Maestras y Maestros (UESICAMM).<\/p>\n\n\n\n<p>No descart\u00f3 que la causa de dicho embate, sea la respuesta de alg\u00fan grupo de profesores cansados de la falta de respuestas concretas por parte del gobierno.<\/p>\n\n\n\n<p>Al ser cuestionado sobre las consecuencias que deriven de las acciones de los \u00faltimos d\u00edas, Torres Solano destac\u00f3 que las \u00f3rdenes de aprehensi\u00f3n son parte de la lucha iniciada para defender sus conquistas laborales.<\/p>\n\n\n\n<p>En consecuencia, sostuvo que no existe temor alguno de lo que consideraron como amenazas por parte del gobierno, las que indic\u00f3, siempre est\u00e1n presentes.<\/p>\n\n\n\n<p>Ante la posibilidad de que soliciten la destituci\u00f3n del secretario de Educaci\u00f3n, Marcial Rodr\u00edguez Salda\u00f1a, descart\u00f3 que sea una propuesta del magisterio, pues reconocen que esa es una decisi\u00f3n que en su momento, debe asumir la gobernadora Evelyn Salgado Pineda.<\/p>\n","protected":false},"excerpt":{"rendered":"<p>&#8212; El dirigente, H\u00e9ctor Torres se\u00f1ala que no se sabe quienes causaron destrozos en la UISECAMM Jes\u00fas Dorantes Chilpancingo, Gro.- La Coordinadora Estatal de Trabajadores de la Educaci\u00f3n en Guerrero&hellip; <\/p>\n","protected":false},"author":8,"featured_media":46976,"comment_status":"open","ping_status":"open","sticky":false,"template":"","format":"standard","meta":{"fifu_image_url":"","fifu_image_alt":"","footnotes":""},"categories":[6],"tags":[],"class_list":["post-46975","post","type-post","status-publish","format-standard","has-post-thumbnail","hentry","category-educacion"],"_links":{"self":[{"href":"https:\/\/www.interaccionnoticias.com.mx\/index.php?rest_route=\/wp\/v2\/posts\/46975","targetHints":{"allow":["GET"]}}],"collection":[{"href":"https:\/\/www.interaccionnoticias.com.mx\/index.php?rest_route=\/wp\/v2\/posts"}],"about":[{"href":"https:\/\/www.interaccionnoticias.com.mx\/index.php?rest_route=\/wp\/v2\/types\/post"}],"author":[{"embeddable":true,"href":"https:\/\/www.interaccionnoticias.com.mx\/index.php?rest_route=\/wp\/v2\/users\/8"}],"replies":[{"embeddable":true,"href":"https:\/\/www.interaccionnoticias.com.mx\/index.php?rest_route=%2Fwp%2Fv2%2Fcomments&post=46975"}],"version-history":[{"count":1,"href":"https:\/\/www.interaccionnoticias.com.mx\/index.php?rest_route=\/wp\/v2\/posts\/46975\/revisions"}],"predecessor-version":[{"id":46977,"href":"https:\/\/www.interaccionnoticias.com.mx\/index.php?rest_route=\/wp\/v2\/posts\/46975\/revisions\/46977"}],"wp:featuredmedia":[{"embeddable":true,"href":"https:\/\/www.interaccionnoticias.com.mx\/index.php?rest_route=\/wp\/v2\/media\/46976"}],"wp:attachment":[{"href":"https:\/\/www.interaccionnoticias.com.mx\/index.php?rest_route=%2Fwp%2Fv2%2Fmedia&parent=46975"}],"wp:term":[{"taxonomy":"category","embeddable":true,"href":"https:\/\/www.interaccionnoticias.com.mx\/index.php?rest_route=%2Fwp%2Fv2%2Fcategories&post=46975"},{"taxonomy":"post_tag","embeddable":true,"href":"https:\/\/www.interaccionnoticias.com.mx\/index.php?rest_route=%2Fwp%2Fv2%2Ftags&post=46975"}],"curies":[{"name":"wp","href":"https:\/\/api.w.org\/{rel}","templated":true}]}}