{"id":46958,"date":"2022-06-22T21:52:54","date_gmt":"2022-06-23T02:52:54","guid":{"rendered":"https:\/\/interaccionnoticias.com.mx\/?p=46958"},"modified":"2022-06-22T21:53:00","modified_gmt":"2022-06-23T02:53:00","slug":"reconoce-titular-de-la-conavim-el-liderazgo-de-evelyn-salgado-para-avanzar-en-la-atencion-a-las-alertas-de-violencia-de-genero-en-guerrero","status":"publish","type":"post","link":"https:\/\/www.interaccionnoticias.com.mx\/?p=46958","title":{"rendered":"Reconoce titular de la CONAVIM el liderazgo de Evelyn Salgado para avanzar en la atenci\u00f3n a las Alertas de Violencia de G\u00e9nero en Guerrero"},"content":{"rendered":"\n<p><strong><em>Convoca la gobernadora a redoblar esfuerzos para garantizar de manera interinstitucional el derecho de las guerrerenses a una vida libre de violencia<\/em><\/strong><\/p>\n\n\n\n<p><strong>Acapulco, Guerrero., 22 de junio de 2022.-<\/strong> Durante el informe de avances en torno a la atenci\u00f3n de Alertas de Violencia de G\u00e9nero contra las Mujeres en Guerrero, la gobernadora Evelyn Salgado Pineda hizo un llamado a todas las instituciones y secretar\u00edas del gobierno estatal, a redoblar esfuerzos para continuar acciones transversales y con perspectiva de g\u00e9nero, que se traduzcan en mejoras significativas para el sector femenino.<\/p>\n\n\n\n<p>En dicho evento se dio a conocer que derivado de los esfuerzos interinstitucionales, se logr\u00f3 el cumplimiento de una de las 13 medidas establecidas en la Alerta de G\u00e9nero por Agravio Comparado, lo cual se alcanz\u00f3 gracias a la reciente aprobaci\u00f3n por el Congreso del Estado de la reforma al C\u00f3digo Penal, en su art\u00edculo 159.<\/p>\n\n\n\n<p>Acompa\u00f1ada de la titular de la Comisi\u00f3n Nacional para Prevenir y Erradicar la Violencia Contra las Mujeres (Conavim), Fabiola Alan\u00eds S\u00e1mano, la mandataria estatal dijo que es prioritario enfocar los esfuerzos al cumplimiento de las medidas establecidas en estas alertas, con un firme y absoluto compromiso en la atenci\u00f3n, prevenci\u00f3n y erradicaci\u00f3n de la violencia contra la mujer en todas sus dimensiones.<\/p>\n\n\n\n<p>\u00abTenemos el compromiso m\u00e1s firme que nunca, vamos a trabajar por nuestras mujeres guerrerenses y de la mano con todas ustedes que trabajan todos los d\u00edas por las mujeres de M\u00e9xico\u00bb, expres\u00f3.<\/p>\n\n\n\n<p>La mandataria se\u00f1al\u00f3 que se trata de un esfuerzo conjunto en el que se busca dotar a las mujeres en todos los rincones del estado, de servicios b\u00e1sicos, acceso a la salud, caminos, oportunidades de desarrollo, seguridad, protecci\u00f3n, acceso a una libre de violencia, educaci\u00f3n, empleo, entre muchos otros rubros, que s\u00f3lo ser\u00e1 posible mediante la coordinaci\u00f3n interinstitucional de las distintas secretar\u00edas, organizaciones y colectivos. En este sentido agradeci\u00f3 el apoyo de la Federaci\u00f3n para fomentar m\u00e1s y mejores estrategias.<\/p>\n\n\n\n<p>En su mensaje Salgado Pineda expres\u00f3 que lo primordial es reconocer el problema, para poder identificar las acciones que permitan erradicarlo y en consecuencia, lograr establecer m\u00e1s pol\u00edticas p\u00fablicas en beneficio de las mujeres.<\/p>\n\n\n\n<p>\u201cDesde el primer momento nunca rehuimos de nuestra responsabilidad, al contrario, la asumimos con absoluto compromiso. Trabajando juntas, juntos con el apoyo y el respaldo permanente de Conavim y de todos los que integran este gran equipo, vamos a lograr mejorar las condiciones de vida de todas las mujeres en Guerrero\u201d, a\u00f1adi\u00f3.<\/p>\n\n\n\n<p>En su participaci\u00f3n, la titular de la Conavim, expres\u00f3 su reconocimiento a la gobernadora por todo el trabajo que est\u00e1 impulsando a favor de la salvaguarda y promoci\u00f3n de los derechos de las mujeres, pues refleja en la aplicaci\u00f3n de las pol\u00edticas p\u00fablicas esa sensibilidad y compromiso, para atender las necesidades de las mujeres y evitar las desigualdades e injusticias.<\/p>\n\n\n\n<p>\u201cEs muy importante lo que se ha avanzado, el Ejecutivo ha avanzado much\u00edsimo, el liderazgo de la gobernadora nos permite avanzar a pasos agigantados\u201d, resalt\u00f3.<\/p>\n\n\n\n<p>Alan\u00eds S\u00e1mano enfatiz\u00f3 que es necesario atender este fen\u00f3meno de la violencia por razones de g\u00e9nero, con una perspectiva de participaci\u00f3n de todas las instancias de gobierno, pues este problema no s\u00f3lo afecta a las mujeres, sino a la sociedad en su conjunto.<\/p>\n\n\n\n<p>En este sentido dijo que el hecho de haber aprobado la reforma constitucional por el derecho a decidir de las mujeres, es una de las medidas m\u00e1s importantes de la alerta, lo que ha permitido tener avances importantes en su atenci\u00f3n.<\/p>\n\n\n\n<p>\u201cNosotros tenemos la meta en Guerrero y lo hemos compartido con la gobernadora, de llegar a noviembre a la posibilidad de levantar algunas de las medidas\u201d, adelant\u00f3.<\/p>\n\n\n\n<p>En tanto que la secretaria de la Mujer, Violeta Pino Gir\u00f3n detall\u00f3 que adem\u00e1s, la Conavim hizo una actualizaci\u00f3n en relaci\u00f3n a la alerta relacionada con la Violencia Feminicida, en donde se ratifican las 21 medidas establecidas de origen. De las que 8 se refieren a medidas de prevenci\u00f3n, 5 de seguridad, 4 de justicia y reparaci\u00f3n del da\u00f1o; adem\u00e1s se ratifica el llamado a los 9 ayuntamientos alertados a que sigan trabajando para dar puntual atenci\u00f3n a lo se\u00f1alado a trav\u00e9s de este mecanismo de protecci\u00f3n.<\/p>\n\n\n\n<p>Asistieron a este evento la representante de la CNDH, Adela Mu\u00f1iz Guadarrama; el magistrado presidente del Tribunal Superior de Justicia, Raymundo Casarrubias V\u00e1zquez; la diputada local Yoloczin Dom\u00ednguez Serna; el secretario General de Gobierno, Ludwig Marcial Reynoso N\u00fa\u00f1ez; la coordinadora para la Erradicaci\u00f3n de la Violencia Feminicida, Flor Dessir\u00e9 Le\u00f3n Hern\u00e1ndez; la secretaria de Salud del estado, Aid\u00e9 Ibarez Castro; el secretario de Educaci\u00f3n, Marcial Rodr\u00edguez Salda\u00f1a; el secretario de Seguridad P\u00fablica del estado, Evelio M\u00e9ndez G\u00f3mez; la fiscal general del estado, Sandra Luz Valdovinos Salmer\u00f3n, entre otros actores gubernamentales y sociales.<\/p>\n","protected":false},"excerpt":{"rendered":"<p>Convoca la gobernadora a redoblar esfuerzos para garantizar de manera interinstitucional el derecho de las guerrerenses a una vida libre de violencia Acapulco, Guerrero., 22 de junio de 2022.- Durante&hellip; <\/p>\n","protected":false},"author":19,"featured_media":46959,"comment_status":"open","ping_status":"open","sticky":false,"template":"","format":"standard","meta":{"fifu_image_url":"","fifu_image_alt":"","footnotes":""},"categories":[11],"tags":[],"class_list":["post-46958","post","type-post","status-publish","format-standard","has-post-thumbnail","hentry","category-guerrero"],"_links":{"self":[{"href":"https:\/\/www.interaccionnoticias.com.mx\/index.php?rest_route=\/wp\/v2\/posts\/46958","targetHints":{"allow":["GET"]}}],"collection":[{"href":"https:\/\/www.interaccionnoticias.com.mx\/index.php?rest_route=\/wp\/v2\/posts"}],"about":[{"href":"https:\/\/www.interaccionnoticias.com.mx\/index.php?rest_route=\/wp\/v2\/types\/post"}],"author":[{"embeddable":true,"href":"https:\/\/www.interaccionnoticias.com.mx\/index.php?rest_route=\/wp\/v2\/users\/19"}],"replies":[{"embeddable":true,"href":"https:\/\/www.interaccionnoticias.com.mx\/index.php?rest_route=%2Fwp%2Fv2%2Fcomments&post=46958"}],"version-history":[{"count":1,"href":"https:\/\/www.interaccionnoticias.com.mx\/index.php?rest_route=\/wp\/v2\/posts\/46958\/revisions"}],"predecessor-version":[{"id":46960,"href":"https:\/\/www.interaccionnoticias.com.mx\/index.php?rest_route=\/wp\/v2\/posts\/46958\/revisions\/46960"}],"wp:featuredmedia":[{"embeddable":true,"href":"https:\/\/www.interaccionnoticias.com.mx\/index.php?rest_route=\/wp\/v2\/media\/46959"}],"wp:attachment":[{"href":"https:\/\/www.interaccionnoticias.com.mx\/index.php?rest_route=%2Fwp%2Fv2%2Fmedia&parent=46958"}],"wp:term":[{"taxonomy":"category","embeddable":true,"href":"https:\/\/www.interaccionnoticias.com.mx\/index.php?rest_route=%2Fwp%2Fv2%2Fcategories&post=46958"},{"taxonomy":"post_tag","embeddable":true,"href":"https:\/\/www.interaccionnoticias.com.mx\/index.php?rest_route=%2Fwp%2Fv2%2Ftags&post=46958"}],"curies":[{"name":"wp","href":"https:\/\/api.w.org\/{rel}","templated":true}]}}