{"id":46943,"date":"2022-06-22T18:13:35","date_gmt":"2022-06-22T23:13:35","guid":{"rendered":"https:\/\/interaccionnoticias.com.mx\/?p=46943"},"modified":"2022-06-22T18:13:40","modified_gmt":"2022-06-22T23:13:40","slug":"el-congreso-de-guerrero-habilita-espacios-para-acceso-a-personas-con-discapacidad","status":"publish","type":"post","link":"https:\/\/www.interaccionnoticias.com.mx\/?p=46943","title":{"rendered":"El Congreso de Guerrero habilita espacios para acceso a personas con discapacidad"},"content":{"rendered":"\n<p><strong><em>&#8212; A 10 meses de que inici\u00f3 la actual legislatura<\/em><\/strong><\/p>\n\n\n\n<p><strong>Rosario Garc\u00eda Orozco<\/strong><\/p>\n\n\n\n<p><strong>Chilpancingo, Gro., 22 de junio del 2022.-<\/strong> El Congreso del Estado de Guerrero realiza obras de adaptaci\u00f3n para acceso y movilidad de personas con alguna discacidad, en atenci\u00f3n a la propuesta que hizo la fracci\u00f3n parlamentaria del PRD, en voz de la diputada Elzy Camacho Pineda.<\/p>\n\n\n\n<p>Al respecto, la legisladora perredista reconoci\u00f3 que la petici\u00f3n fue escuchada y esta semana, en el Congreso del Estado ya iniciaron los trabajos de remodelaci\u00f3n del Sal\u00f3n de Plenos para construir rampas de acceso para personas discapacitadas en atenci\u00f3n a la solicitud que desde el inicio de la presente legislatur hizo ella misma, quien precisamente se mueve en silla de ruedas.<\/p>\n\n\n\n<p>La diputada local por el Distrito Electoral 17 de la regi\u00f3n de Tierra Caliente, se dijo complacida porque finalmente fue atendida su petici\u00f3n acerca de que las instalaciones del Congreso local, incluido el Sal\u00f3n de Plenos, fueran adecuadas para el acceso de las personas con discapacidad.<\/p>\n\n\n\n<p>Desde el lunes pasado iniciaron los trabajos de adaptaci\u00f3n, pero este martes los trabajadores de la emoresa constructora responsable de esas tareas empezaron a romper las escaleras y la base donde se ubica el micr\u00f3fono principal, donde diputados y diputadas hacen uso de la palabra.<\/p>\n\n\n\n<p>Por la dificultad para accesar a ese lugar, la diputada Elzy Camacho consider\u00f3 que es \u201cun logro no nada m\u00e1s m\u00edo sino de todas las personas con discapacidad que por fin vamos a ser visibles y vamos a tener la oportunidad de tener el 100 por ciento de posibilidades de ingreso al Sal\u00f3n de Plenos del Congreso, porque es la Casa del Pueblo y tenemos que garantizar que tengamos cabida todos\u201d.<\/p>\n\n\n\n<p>Sin las condiciones para subir al estrado, cuando requer\u00eda hacer uso de la palabra, la caletana deb\u00eda hacerlo desde su propia curul, lo qu consider\u00f3 choca mucho con el discurso de inclusi\u00f3n del Poder Legislativo, y record\u00f3 que el reiteradas ocasiones reproch\u00f3 esta actitud por parte de la Presidencia de la Junta de Coordinaci\u00f3n Pol\u00edtica, raz\u00f3n por la cual lleg\u00f3 a sentirse \u201ctriste, discriminada e invisibilizada\u201d.<\/p>\n\n\n\n<p>La legisladora perredista mencion\u00f3 que las adaptaciones se aceleraron quiz\u00e1 porque para el segundo a\u00f1o de ejercicio legislativo, la propia Elzy Camacho ser\u00e1 parte de la Mesa Directiva, por lo que es necesario adecuar todos los espacios de esta \u00e1rea.<\/p>\n\n\n\n<p>Lament\u00f3 que el tema de las pol\u00edticas de inclusi\u00f3n s\u00f3lo sean mero discurso en algunas dependencias, donde no hay rampas de acceso para personas con discapacidad, y que muy a pesar de que en la Ley Org\u00e1nica de los Ayuntamientos se contempla que esas instalaciones deben adecuar sus oficinas para facilitar el acceso a las personas con discapacidad, \u00abda pena que los presidentes municipales han ignorado esta disposici\u00f3n legal, en especial en los municipios de la Tierra Caliente, lo que imposibilita que una persona con discapacidad pueda llegar hasta el alcalde o alcaldesa\u00bb.<\/p>\n","protected":false},"excerpt":{"rendered":"<p>&#8212; A 10 meses de que inici\u00f3 la actual legislatura Rosario Garc\u00eda Orozco Chilpancingo, Gro., 22 de junio del 2022.- El Congreso del Estado de Guerrero realiza obras de adaptaci\u00f3n&hellip; <\/p>\n","protected":false},"author":14,"featured_media":46944,"comment_status":"open","ping_status":"open","sticky":false,"template":"","format":"standard","meta":{"fifu_image_url":"","fifu_image_alt":"","footnotes":""},"categories":[2],"tags":[],"class_list":["post-46943","post","type-post","status-publish","format-standard","has-post-thumbnail","hentry","category-congreso"],"_links":{"self":[{"href":"https:\/\/www.interaccionnoticias.com.mx\/index.php?rest_route=\/wp\/v2\/posts\/46943","targetHints":{"allow":["GET"]}}],"collection":[{"href":"https:\/\/www.interaccionnoticias.com.mx\/index.php?rest_route=\/wp\/v2\/posts"}],"about":[{"href":"https:\/\/www.interaccionnoticias.com.mx\/index.php?rest_route=\/wp\/v2\/types\/post"}],"author":[{"embeddable":true,"href":"https:\/\/www.interaccionnoticias.com.mx\/index.php?rest_route=\/wp\/v2\/users\/14"}],"replies":[{"embeddable":true,"href":"https:\/\/www.interaccionnoticias.com.mx\/index.php?rest_route=%2Fwp%2Fv2%2Fcomments&post=46943"}],"version-history":[{"count":1,"href":"https:\/\/www.interaccionnoticias.com.mx\/index.php?rest_route=\/wp\/v2\/posts\/46943\/revisions"}],"predecessor-version":[{"id":46945,"href":"https:\/\/www.interaccionnoticias.com.mx\/index.php?rest_route=\/wp\/v2\/posts\/46943\/revisions\/46945"}],"wp:featuredmedia":[{"embeddable":true,"href":"https:\/\/www.interaccionnoticias.com.mx\/index.php?rest_route=\/wp\/v2\/media\/46944"}],"wp:attachment":[{"href":"https:\/\/www.interaccionnoticias.com.mx\/index.php?rest_route=%2Fwp%2Fv2%2Fmedia&parent=46943"}],"wp:term":[{"taxonomy":"category","embeddable":true,"href":"https:\/\/www.interaccionnoticias.com.mx\/index.php?rest_route=%2Fwp%2Fv2%2Fcategories&post=46943"},{"taxonomy":"post_tag","embeddable":true,"href":"https:\/\/www.interaccionnoticias.com.mx\/index.php?rest_route=%2Fwp%2Fv2%2Ftags&post=46943"}],"curies":[{"name":"wp","href":"https:\/\/api.w.org\/{rel}","templated":true}]}}