{"id":46940,"date":"2022-06-22T18:09:09","date_gmt":"2022-06-22T23:09:09","guid":{"rendered":"https:\/\/interaccionnoticias.com.mx\/?p=46940"},"modified":"2022-06-22T18:09:10","modified_gmt":"2022-06-22T23:09:10","slug":"a-casi-4-meses-de-desaparecido-no-se-tienen-datos-sobre-el-paradero-de-jesus-antonio-moyao-guerrero","status":"publish","type":"post","link":"https:\/\/www.interaccionnoticias.com.mx\/?p=46940","title":{"rendered":"A casi 4 meses de desaparecido, no se tienen datos sobre el paradero de Jes\u00fas Antonio Moyao Guerrero"},"content":{"rendered":"\n<p><strong><em>&#8212; Otro caso m\u00e1s denunciado en Chilapa<\/em><\/strong><\/p>\n\n\n\n<p><strong>Sonia Monta\u00f1o<\/strong><\/p>\n\n\n\n<p><strong>Chilpancingo, Gro., 22 de junio de 2022. <\/strong>Desde el pasado 24 de febrero, cuando se present\u00f3 la denuncia, la familia no ha tenido ning\u00fan dato relacionado con la desaparici\u00f3n de Jes\u00fas Antonio Moyao Guerrero, denunci\u00f3 la se\u00f1ora Mar\u00eda Guerrero L\u00f3pez, mam\u00e1 del desaparecido.<\/p>\n\n\n\n<p>La madre de familia dijo tambi\u00e9n que ha tratado de respaldarse en la Comisi\u00f3n de Derechos Humanos del Estado de Guerrero (CDHEG) y por la Fiscal\u00eda General del Estado (FGE), sin embargo, no se ha logrado agilizar la b\u00fasqueda.<\/p>\n\n\n\n<p>Mar\u00eda Guerrero, se\u00f1al\u00f3 que hay informaci\u00f3n y que a pesar de las constantes peticiones, les han negado cualquier avance por parte de la FGE, pues no se les han proporcionado elementos como la s\u00e1bana de llamadas del tel\u00e9fono de su hijo.<\/p>\n\n\n\n<p>Destac\u00f3 que ha acudido personal a su domicilio irrumpiendo de manera intimidante, solicitando la informaci\u00f3n de los posibles testigos que la familia aport\u00f3 para darle fuerza a los trabajos.<\/p>\n\n\n\n<p>Ante esto, solicitaron a la FGE que les den la atenci\u00f3n correcta, \u201cEllos solamente han plasmado lo que con mi familia les hemos llevado, pero en realidad no hay avances\u201d.<\/p>\n\n\n\n<p>Sobre el veh\u00edculo de transporte p\u00fablico que manejaba Jes\u00fas Antonio, la familia inform\u00f3 que en el tramo conocido como Flor Morada, en el municipio de Chilapa de \u00c1lvarez, se tienen indicios de que fue ah\u00ed donde desapareci\u00f3 o se lo llevaron.<\/p>\n\n\n\n<p>Indic\u00f3 que por medio de llamadas y mensajes, se percataron de la desaparici\u00f3n de Jes\u00fas Moyao, lo que gener\u00f3 alerta en su familia, luego se presentaron ante el Ministerio P\u00fablico para denunciar, aunque no pudieron hacerlo porque las oficinas estaban cerradas.<\/p>\n\n\n\n<p>La familia de Jes\u00fas Antonio Moyao solicit\u00f3 la atenci\u00f3n a su caso, para dar con su paradero, los familiares manifiestan que tienen miedo y se sienten amenazados, debido a la situaci\u00f3n actual que se vive en Chilapa.<\/p>\n","protected":false},"excerpt":{"rendered":"<p>&#8212; Otro caso m\u00e1s denunciado en Chilapa Sonia Monta\u00f1o Chilpancingo, Gro., 22 de junio de 2022. Desde el pasado 24 de febrero, cuando se present\u00f3 la denuncia, la familia no&hellip; <\/p>\n","protected":false},"author":4,"featured_media":46941,"comment_status":"open","ping_status":"open","sticky":false,"template":"","format":"standard","meta":{"fifu_image_url":"","fifu_image_alt":"","footnotes":""},"categories":[27],"tags":[],"class_list":["post-46940","post","type-post","status-publish","format-standard","has-post-thumbnail","hentry","category-seguridad-publica"],"_links":{"self":[{"href":"https:\/\/www.interaccionnoticias.com.mx\/index.php?rest_route=\/wp\/v2\/posts\/46940","targetHints":{"allow":["GET"]}}],"collection":[{"href":"https:\/\/www.interaccionnoticias.com.mx\/index.php?rest_route=\/wp\/v2\/posts"}],"about":[{"href":"https:\/\/www.interaccionnoticias.com.mx\/index.php?rest_route=\/wp\/v2\/types\/post"}],"author":[{"embeddable":true,"href":"https:\/\/www.interaccionnoticias.com.mx\/index.php?rest_route=\/wp\/v2\/users\/4"}],"replies":[{"embeddable":true,"href":"https:\/\/www.interaccionnoticias.com.mx\/index.php?rest_route=%2Fwp%2Fv2%2Fcomments&post=46940"}],"version-history":[{"count":1,"href":"https:\/\/www.interaccionnoticias.com.mx\/index.php?rest_route=\/wp\/v2\/posts\/46940\/revisions"}],"predecessor-version":[{"id":46942,"href":"https:\/\/www.interaccionnoticias.com.mx\/index.php?rest_route=\/wp\/v2\/posts\/46940\/revisions\/46942"}],"wp:featuredmedia":[{"embeddable":true,"href":"https:\/\/www.interaccionnoticias.com.mx\/index.php?rest_route=\/wp\/v2\/media\/46941"}],"wp:attachment":[{"href":"https:\/\/www.interaccionnoticias.com.mx\/index.php?rest_route=%2Fwp%2Fv2%2Fmedia&parent=46940"}],"wp:term":[{"taxonomy":"category","embeddable":true,"href":"https:\/\/www.interaccionnoticias.com.mx\/index.php?rest_route=%2Fwp%2Fv2%2Fcategories&post=46940"},{"taxonomy":"post_tag","embeddable":true,"href":"https:\/\/www.interaccionnoticias.com.mx\/index.php?rest_route=%2Fwp%2Fv2%2Ftags&post=46940"}],"curies":[{"name":"wp","href":"https:\/\/api.w.org\/{rel}","templated":true}]}}