{"id":46923,"date":"2022-06-22T16:40:47","date_gmt":"2022-06-22T21:40:47","guid":{"rendered":"https:\/\/interaccionnoticias.com.mx\/?p=46923"},"modified":"2022-06-22T16:40:52","modified_gmt":"2022-06-22T21:40:52","slug":"el-congreso-de-guerrero-ausente-en-la-construccion-de-la-gobernabilidad","status":"publish","type":"post","link":"https:\/\/www.interaccionnoticias.com.mx\/?p=46923","title":{"rendered":"El Congreso de Guerrero, ausente en la construcci\u00f3n de la gobernabilidad"},"content":{"rendered":"\n<p><strong><em>&#8212; Coordinador parlamentario del PRI, advierte que se debe tener una participaci\u00f3n m\u00e1s activa en la soluci\u00f3n de conflictos<\/em><\/strong><\/p>\n\n\n\n<p><strong>Rogelio Agust\u00edn<\/strong><\/p>\n\n\n\n<p>El coordinador de la fracci\u00f3n parlamentaria del PRI, H\u00e9ctor Apreza Patr\u00f3n sostuvo que a diferencia de otros tiempos, el Congreso local ha dejado de ser un factor importante para generar gobernabilidad en Guerrero.<\/p>\n\n\n\n<p>Ante la serie de problemas que se enfrentan en diferentes municipios de la entidad, Apreza Patr\u00f3n sostuvo que los diputados locales, pr\u00e1cticamente de todos los partidos pol\u00edticos actualmente integran un poder p\u00fablico que se encuentra ausente.<\/p>\n\n\n\n<p>\u201cA diferencia de \u00e9pocas pasadas, donde la Legislatura guerrerense jugaba un papel importante en la construcci\u00f3n de la gobernabilidad, hoy nos encontramos al margen como poder p\u00fablico, lo que no es positivo\u201d, admiti\u00f3.<\/p>\n\n\n\n<p>El tambi\u00e9n ex alcalde de Olinala, se\u00f1al\u00f3 que la participaci\u00f3n de los actores de la vida p\u00fablica, siempre ser\u00e1 importante para la construcci\u00f3n de la gobernabilidad, por lo que sostuvo que el Congreso debe estar m\u00e1s presente en la atenci\u00f3n de los problemas que se presentan.<\/p>\n\n\n\n<p>Indic\u00f3 que debe generarse una mayor coordinaci\u00f3n entre los poderes p\u00fablicos, respetando la autonom\u00eda de cada uno de ellos, pero tratando de aportar e la b\u00fasqueda de soluciones.<\/p>\n\n\n\n<p>Record\u00f3 el caso de Xalpatlahuac, donde la alcaldesa Selene Sotelo desde el 25 de octubre de 2021 no puede ingresar a la cabecera municipal, pues un grupo de polic\u00edas comunitarios, alentados por actores pol\u00edticos se mantienen en la postura de no permitirle gobernar, lo que incluso ya fue sancionado por los \u00f3rganos electorales, que han establecido que ah\u00ed se ejerce violencia pol\u00edtica de g\u00e9nero.<\/p>\n\n\n\n<p>En ese asunto dijo que se tuvo que cambiar temporalmente la cabecera municipal, para que la jefa de Cabildo desempe\u00f1e su cargo desde una comunidad, lo que hasta el momento es un hecho in\u00e9dito en Xalpatlahuac.<\/p>\n\n\n\n<p>Hay otros municipios con problemas en los que el Congreso podr\u00eda abonar a la soluci\u00f3n, pero hasta el momento no sucede, porque se enfrentan situaciones internas que no se han podido resolver.<\/p>\n\n\n\n<p>\u201cDefinitivamente debe haber una mayor coordinaci\u00f3n, cada quien juega un papel importante en la construcci\u00f3n de la gobernabilidad y en muchos casos, el Congreso ha estado ausente, eso no es lo m\u00e1s adecuado\u201d, anot\u00f3.<\/p>\n","protected":false},"excerpt":{"rendered":"<p>&#8212; Coordinador parlamentario del PRI, advierte que se debe tener una participaci\u00f3n m\u00e1s activa en la soluci\u00f3n de conflictos Rogelio Agust\u00edn El coordinador de la fracci\u00f3n parlamentaria del PRI, H\u00e9ctor&hellip; <\/p>\n","protected":false},"author":21,"featured_media":45525,"comment_status":"open","ping_status":"open","sticky":false,"template":"","format":"standard","meta":{"fifu_image_url":"","fifu_image_alt":"","footnotes":""},"categories":[2],"tags":[],"class_list":["post-46923","post","type-post","status-publish","format-standard","has-post-thumbnail","hentry","category-congreso"],"_links":{"self":[{"href":"https:\/\/www.interaccionnoticias.com.mx\/index.php?rest_route=\/wp\/v2\/posts\/46923","targetHints":{"allow":["GET"]}}],"collection":[{"href":"https:\/\/www.interaccionnoticias.com.mx\/index.php?rest_route=\/wp\/v2\/posts"}],"about":[{"href":"https:\/\/www.interaccionnoticias.com.mx\/index.php?rest_route=\/wp\/v2\/types\/post"}],"author":[{"embeddable":true,"href":"https:\/\/www.interaccionnoticias.com.mx\/index.php?rest_route=\/wp\/v2\/users\/21"}],"replies":[{"embeddable":true,"href":"https:\/\/www.interaccionnoticias.com.mx\/index.php?rest_route=%2Fwp%2Fv2%2Fcomments&post=46923"}],"version-history":[{"count":1,"href":"https:\/\/www.interaccionnoticias.com.mx\/index.php?rest_route=\/wp\/v2\/posts\/46923\/revisions"}],"predecessor-version":[{"id":46924,"href":"https:\/\/www.interaccionnoticias.com.mx\/index.php?rest_route=\/wp\/v2\/posts\/46923\/revisions\/46924"}],"wp:featuredmedia":[{"embeddable":true,"href":"https:\/\/www.interaccionnoticias.com.mx\/index.php?rest_route=\/wp\/v2\/media\/45525"}],"wp:attachment":[{"href":"https:\/\/www.interaccionnoticias.com.mx\/index.php?rest_route=%2Fwp%2Fv2%2Fmedia&parent=46923"}],"wp:term":[{"taxonomy":"category","embeddable":true,"href":"https:\/\/www.interaccionnoticias.com.mx\/index.php?rest_route=%2Fwp%2Fv2%2Fcategories&post=46923"},{"taxonomy":"post_tag","embeddable":true,"href":"https:\/\/www.interaccionnoticias.com.mx\/index.php?rest_route=%2Fwp%2Fv2%2Ftags&post=46923"}],"curies":[{"name":"wp","href":"https:\/\/api.w.org\/{rel}","templated":true}]}}