{"id":46919,"date":"2022-06-22T14:01:55","date_gmt":"2022-06-22T19:01:55","guid":{"rendered":"https:\/\/interaccionnoticias.com.mx\/?p=46919"},"modified":"2022-06-22T14:02:00","modified_gmt":"2022-06-22T19:02:00","slug":"gobierno-de-guerrero-busca-acuerdo-de-paz-entre-los-civiles-armados-que-se-disputan-la-zona-rural-de-chilapa","status":"publish","type":"post","link":"https:\/\/www.interaccionnoticias.com.mx\/?p=46919","title":{"rendered":"Gobierno de Guerrero busca acuerdo de paz entre los civiles armados que se disputan la zona rural de Chilapa"},"content":{"rendered":"\n<p><strong><em>&#8212; Director de Gobernaci\u00f3n dijo que estuvo en la zona donde los reporteros quedaron a dos fuegos<\/em><\/strong><\/p>\n\n\n\n<p><strong>Rogelio Agust\u00edn<\/strong><\/p>\n\n\n\n<p>El Gobierno de Guerrero buscar\u00e1 resolver el conflicto que prevalece entre pueblos de la Monta\u00f1a baja a trav\u00e9s del dialogo, pese a que durante la \u00faltima semana se incrementaron los enfrentamientos armados, a grado tal que un grupo de reporteros quedaron en el fuego cruzado la jornada del martes.<br><br>Francisco Rodr\u00edguez Cisneros, director de Gobernaci\u00f3n estatal, sostuvo que a pesar de los se\u00f1alamientos que hay entre los grupos en pugna, todav\u00eda existe la posibilidad de encontrar una soluci\u00f3n por medio del dialogo.<br><br>Indic\u00f3 que la jornada del martes, cuando un grupo de reporteros quedaron casi en medio de una confrontaci\u00f3n a balazos, entre supuestos \u201cArdillos\u201d y miembros de la Polic\u00eda Comunitaria fracci\u00f3n Pueblos Fundadores, \u00e9l estuvo en las comunidades de Colotepec y Tula, donde se report\u00f3 que las acciones se intensificaron desde hace ya una semana.<br>Indic\u00f3 que ha promovido la participaci\u00f3n de todos, pues si bien el Gobierno del Estado ha permanecido al pendiente de lo que pasa, se has buscado los enlaces con el Gobierno de la Rep\u00fablica y el nivel municipal.<br><br>Reconoci\u00f3 que hace ya una semana cuando se gener\u00f3 una etapa de \u201cinestabilidad\u201d, derivado de la presencia en la zona de grupos de hombres armados.<br><br>Dijo que se recurri\u00f3 a la presencia en la zona de la Secretar\u00eda de Seguridad P\u00fablica (SSP) estatal, adem\u00e1s de que se ha pedido el apoyo del Ej\u00e9rcito Mexicano, para tratar de generar un \u00e1rea de estabilidad.<br><br>Indic\u00f3 que el Gobierno del Estado es respetuoso de la forma de organizaci\u00f3n que tienen los pueblos, pero enfatiz\u00f3 que lo que se busca, es construir, con base al dialogo una ruta de acuerdos.<br><br>Para hacer posible la posibilidad de alcanzar un acuerdo de paz, indic\u00f3 que ya se sum\u00f3 la Comisi\u00f3n de Derechos Humanos del Estado de Guerrero (CDHEG), adem\u00e1s de que se incorpor\u00f3 a los comisarios de los pueblos involucrados.<br><br>La causa de los enfrentamientos, dijo que es el inter\u00e9s de tener el control territorial, aunque admiti\u00f3 que para encontrar la soluci\u00f3n definitiva ha faltado motivar la comunicaci\u00f3n entre los actores.<br><br>A pregunta expresa, dijo que \u201cs\u00ed es posible\u201d que los grupos enfrentados se sienten a dialogar, para establecer acuerdos que permitan una \u201csana convivencia\u201d en la zona rural de Chilapa, as\u00ed como en el corredor que va hacia el municipio de Jos\u00e9 Joaqu\u00edn de Herrera.<br><br>\u201cTenemos que buscar un gran acuerdo, ya hay mucha violencia en las calles, quien le apueste a la violencia se est\u00e1 equivocando\u201d, asegur\u00f3 el funcionario.<\/p>\n\n\n\n<figure class=\"wp-block-gallery columns-2 is-cropped wp-block-gallery-1 is-layout-flex wp-block-gallery-is-layout-flex\"><ul class=\"blocks-gallery-grid\"><li class=\"blocks-gallery-item\"><figure><img decoding=\"async\" src=\"data:image\/gif;base64,R0lGODlhAQABAIAAAAAAAP\/\/\/ywAAAAAAQABAAACAUwAOw==\" fifu-lazy=\"1\" fifu-data-sizes=\"auto\" fifu-data-srcset=\"https:\/\/i3.wp.com\/interaccionnoticias.com.mx\/wp-content\/uploads\/2022\/06\/220622-acuerdo-de-paz-2-1024x683.jpeg?ssl=1&w=75&resize=75&ssl=1 75w, https:\/\/i3.wp.com\/interaccionnoticias.com.mx\/wp-content\/uploads\/2022\/06\/220622-acuerdo-de-paz-2-1024x683.jpeg?ssl=1&w=100&resize=100&ssl=1 100w, https:\/\/i3.wp.com\/interaccionnoticias.com.mx\/wp-content\/uploads\/2022\/06\/220622-acuerdo-de-paz-2-1024x683.jpeg?ssl=1&w=150&resize=150&ssl=1 150w, https:\/\/i3.wp.com\/interaccionnoticias.com.mx\/wp-content\/uploads\/2022\/06\/220622-acuerdo-de-paz-2-1024x683.jpeg?ssl=1&w=240&resize=240&ssl=1 240w, https:\/\/i3.wp.com\/interaccionnoticias.com.mx\/wp-content\/uploads\/2022\/06\/220622-acuerdo-de-paz-2-1024x683.jpeg?ssl=1&w=320&resize=320&ssl=1 320w, https:\/\/i3.wp.com\/interaccionnoticias.com.mx\/wp-content\/uploads\/2022\/06\/220622-acuerdo-de-paz-2-1024x683.jpeg?ssl=1&w=500&resize=500&ssl=1 500w, https:\/\/i3.wp.com\/interaccionnoticias.com.mx\/wp-content\/uploads\/2022\/06\/220622-acuerdo-de-paz-2-1024x683.jpeg?ssl=1&w=640&resize=640&ssl=1 640w, https:\/\/i3.wp.com\/interaccionnoticias.com.mx\/wp-content\/uploads\/2022\/06\/220622-acuerdo-de-paz-2-1024x683.jpeg?ssl=1&w=800&resize=800&ssl=1 800w, https:\/\/i3.wp.com\/interaccionnoticias.com.mx\/wp-content\/uploads\/2022\/06\/220622-acuerdo-de-paz-2-1024x683.jpeg?ssl=1&w=1024&resize=1024&ssl=1 1024w, https:\/\/i3.wp.com\/interaccionnoticias.com.mx\/wp-content\/uploads\/2022\/06\/220622-acuerdo-de-paz-2-1024x683.jpeg?ssl=1&w=1280&resize=1280&ssl=1 1280w, https:\/\/i3.wp.com\/interaccionnoticias.com.mx\/wp-content\/uploads\/2022\/06\/220622-acuerdo-de-paz-2-1024x683.jpeg?ssl=1&w=1600&resize=1600&ssl=1 1600w\" fifu-data-src=\"https:\/\/i3.wp.com\/interaccionnoticias.com.mx\/wp-content\/uploads\/2022\/06\/220622-acuerdo-de-paz-2-1024x683.jpeg?ssl=1\" alt=\"\" data-id=\"46921\" data-full-url=\"https:\/\/interaccionnoticias.com.mx\/wp-content\/uploads\/2022\/06\/220622-acuerdo-de-paz-2.jpeg\" data-link=\"https:\/\/interaccionnoticias.com.mx\/?attachment_id=46921\" class=\"wp-image-46921\"\/><\/figure><\/li><li class=\"blocks-gallery-item\"><figure><img decoding=\"async\" src=\"data:image\/gif;base64,R0lGODlhAQABAIAAAAAAAP\/\/\/ywAAAAAAQABAAACAUwAOw==\" fifu-lazy=\"1\" fifu-data-sizes=\"auto\" fifu-data-srcset=\"https:\/\/i2.wp.com\/interaccionnoticias.com.mx\/wp-content\/uploads\/2022\/06\/220622-acuerdo-de-paz-1-1024x683.jpeg?ssl=1&w=75&resize=75&ssl=1 75w, https:\/\/i2.wp.com\/interaccionnoticias.com.mx\/wp-content\/uploads\/2022\/06\/220622-acuerdo-de-paz-1-1024x683.jpeg?ssl=1&w=100&resize=100&ssl=1 100w, https:\/\/i2.wp.com\/interaccionnoticias.com.mx\/wp-content\/uploads\/2022\/06\/220622-acuerdo-de-paz-1-1024x683.jpeg?ssl=1&w=150&resize=150&ssl=1 150w, https:\/\/i2.wp.com\/interaccionnoticias.com.mx\/wp-content\/uploads\/2022\/06\/220622-acuerdo-de-paz-1-1024x683.jpeg?ssl=1&w=240&resize=240&ssl=1 240w, https:\/\/i2.wp.com\/interaccionnoticias.com.mx\/wp-content\/uploads\/2022\/06\/220622-acuerdo-de-paz-1-1024x683.jpeg?ssl=1&w=320&resize=320&ssl=1 320w, https:\/\/i2.wp.com\/interaccionnoticias.com.mx\/wp-content\/uploads\/2022\/06\/220622-acuerdo-de-paz-1-1024x683.jpeg?ssl=1&w=500&resize=500&ssl=1 500w, https:\/\/i2.wp.com\/interaccionnoticias.com.mx\/wp-content\/uploads\/2022\/06\/220622-acuerdo-de-paz-1-1024x683.jpeg?ssl=1&w=640&resize=640&ssl=1 640w, https:\/\/i2.wp.com\/interaccionnoticias.com.mx\/wp-content\/uploads\/2022\/06\/220622-acuerdo-de-paz-1-1024x683.jpeg?ssl=1&w=800&resize=800&ssl=1 800w, https:\/\/i2.wp.com\/interaccionnoticias.com.mx\/wp-content\/uploads\/2022\/06\/220622-acuerdo-de-paz-1-1024x683.jpeg?ssl=1&w=1024&resize=1024&ssl=1 1024w, https:\/\/i2.wp.com\/interaccionnoticias.com.mx\/wp-content\/uploads\/2022\/06\/220622-acuerdo-de-paz-1-1024x683.jpeg?ssl=1&w=1280&resize=1280&ssl=1 1280w, https:\/\/i2.wp.com\/interaccionnoticias.com.mx\/wp-content\/uploads\/2022\/06\/220622-acuerdo-de-paz-1-1024x683.jpeg?ssl=1&w=1600&resize=1600&ssl=1 1600w\" fifu-data-src=\"https:\/\/i2.wp.com\/interaccionnoticias.com.mx\/wp-content\/uploads\/2022\/06\/220622-acuerdo-de-paz-1-1024x683.jpeg?ssl=1\" alt=\"\" data-id=\"46920\" data-full-url=\"https:\/\/interaccionnoticias.com.mx\/wp-content\/uploads\/2022\/06\/220622-acuerdo-de-paz-1.jpeg\" data-link=\"https:\/\/interaccionnoticias.com.mx\/?attachment_id=46920\" class=\"wp-image-46920\"\/><\/figure><\/li><\/ul><\/figure>\n","protected":false},"excerpt":{"rendered":"<p>&#8212; Director de Gobernaci\u00f3n dijo que estuvo en la zona donde los reporteros quedaron a dos fuegos Rogelio Agust\u00edn El Gobierno de Guerrero buscar\u00e1 resolver el conflicto que prevalece entre&hellip; <\/p>\n","protected":false},"author":21,"featured_media":46920,"comment_status":"open","ping_status":"open","sticky":false,"template":"","format":"standard","meta":{"fifu_image_url":"","fifu_image_alt":"","footnotes":""},"categories":[27],"tags":[],"class_list":["post-46919","post","type-post","status-publish","format-standard","has-post-thumbnail","hentry","category-seguridad-publica"],"_links":{"self":[{"href":"https:\/\/www.interaccionnoticias.com.mx\/index.php?rest_route=\/wp\/v2\/posts\/46919","targetHints":{"allow":["GET"]}}],"collection":[{"href":"https:\/\/www.interaccionnoticias.com.mx\/index.php?rest_route=\/wp\/v2\/posts"}],"about":[{"href":"https:\/\/www.interaccionnoticias.com.mx\/index.php?rest_route=\/wp\/v2\/types\/post"}],"author":[{"embeddable":true,"href":"https:\/\/www.interaccionnoticias.com.mx\/index.php?rest_route=\/wp\/v2\/users\/21"}],"replies":[{"embeddable":true,"href":"https:\/\/www.interaccionnoticias.com.mx\/index.php?rest_route=%2Fwp%2Fv2%2Fcomments&post=46919"}],"version-history":[{"count":1,"href":"https:\/\/www.interaccionnoticias.com.mx\/index.php?rest_route=\/wp\/v2\/posts\/46919\/revisions"}],"predecessor-version":[{"id":46922,"href":"https:\/\/www.interaccionnoticias.com.mx\/index.php?rest_route=\/wp\/v2\/posts\/46919\/revisions\/46922"}],"wp:featuredmedia":[{"embeddable":true,"href":"https:\/\/www.interaccionnoticias.com.mx\/index.php?rest_route=\/wp\/v2\/media\/46920"}],"wp:attachment":[{"href":"https:\/\/www.interaccionnoticias.com.mx\/index.php?rest_route=%2Fwp%2Fv2%2Fmedia&parent=46919"}],"wp:term":[{"taxonomy":"category","embeddable":true,"href":"https:\/\/www.interaccionnoticias.com.mx\/index.php?rest_route=%2Fwp%2Fv2%2Fcategories&post=46919"},{"taxonomy":"post_tag","embeddable":true,"href":"https:\/\/www.interaccionnoticias.com.mx\/index.php?rest_route=%2Fwp%2Fv2%2Ftags&post=46919"}],"curies":[{"name":"wp","href":"https:\/\/api.w.org\/{rel}","templated":true}]}}