{"id":46916,"date":"2022-06-22T13:57:38","date_gmt":"2022-06-22T18:57:38","guid":{"rendered":"https:\/\/interaccionnoticias.com.mx\/?p=46916"},"modified":"2022-06-22T13:57:45","modified_gmt":"2022-06-22T18:57:45","slug":"suspenden-clases-para-750-mil-alumnos","status":"publish","type":"post","link":"https:\/\/www.interaccionnoticias.com.mx\/?p=46916","title":{"rendered":"Suspenden clases para 750 mil alumnos"},"content":{"rendered":"\n<p><strong><em>&#8212; Sin clases cinco de las siete regiones y la sierra del estado<\/em><\/strong><\/p>\n\n\n\n<p><strong>Javier Trujillo<\/strong><\/p>\n\n\n\n<p>Acapulco, Gro.- M\u00e1s de 750 mil alumnos del nivel b\u00e1sico, medio y superior, de cinco de las siete regiones del estado de Guerrero, suspendieron clases debido a las intensas lluvias por el fen\u00f3meno meteorol\u00f3gico de la depresi\u00f3n tropical \u00abCelia\u00bb.<\/p>\n\n\n\n<p>\u00abLa determinaci\u00f3n de suspender las clases en todos los niveles educativos, no es una decisi\u00f3n solamente de la Secretaria de Educaci\u00f3n, sino de la Secretaria de Protecci\u00f3n Civil Guerrero.<\/p>\n\n\n\n<p>\u00abDesde ayer, hemos estado monitoreando y tenemos una constante comunicaci\u00f3n con los integrantes del Consejo Estatal de Protecci\u00f3n Civil, que tiene un equipo de expertos y cuando ellos, decidieron suspender las clases nosotros acatamos la medida\u00bb, explic\u00f3 el secretario de educaci\u00f3n Guerrero, Marcial Rodr\u00edguez Salda\u00f1a.<\/p>\n\n\n\n<p>Dijo que la suspensi\u00f3n de las clases del turno vespertino es para cinco de las siete regiones y la parte alta de la zona serrana de la entidad.<\/p>\n\n\n\n<p>El titular de la SEG en la entidad, explico que por este d\u00eda \u00fanicamente ser\u00e1 en el turnos vespertino, pero en caso de ser necesario se ampliar\u00eda la suspensi\u00f3n al d\u00eda de ma\u00f1ana jueves, con la finalidad de no poner en riesgo la integridad de alumnos y personal docente.<\/p>\n\n\n\n<p>La SPC en la entidad, alert\u00f3 sobre las fuertes lluvias que podr\u00eda generar la Tormenta Tropical \u201cCelia\u201d en las regiones Costa Chica, Acapulco, Costa Grande, Centro, Monta\u00f1a y la parte alta de la Sierra.<\/p>\n","protected":false},"excerpt":{"rendered":"<p>&#8212; Sin clases cinco de las siete regiones y la sierra del estado Javier Trujillo Acapulco, Gro.- M\u00e1s de 750 mil alumnos del nivel b\u00e1sico, medio y superior, de cinco&hellip; <\/p>\n","protected":false},"author":3,"featured_media":46917,"comment_status":"open","ping_status":"open","sticky":false,"template":"","format":"standard","meta":{"fifu_image_url":"","fifu_image_alt":"","footnotes":""},"categories":[6],"tags":[],"class_list":["post-46916","post","type-post","status-publish","format-standard","has-post-thumbnail","hentry","category-educacion"],"_links":{"self":[{"href":"https:\/\/www.interaccionnoticias.com.mx\/index.php?rest_route=\/wp\/v2\/posts\/46916","targetHints":{"allow":["GET"]}}],"collection":[{"href":"https:\/\/www.interaccionnoticias.com.mx\/index.php?rest_route=\/wp\/v2\/posts"}],"about":[{"href":"https:\/\/www.interaccionnoticias.com.mx\/index.php?rest_route=\/wp\/v2\/types\/post"}],"author":[{"embeddable":true,"href":"https:\/\/www.interaccionnoticias.com.mx\/index.php?rest_route=\/wp\/v2\/users\/3"}],"replies":[{"embeddable":true,"href":"https:\/\/www.interaccionnoticias.com.mx\/index.php?rest_route=%2Fwp%2Fv2%2Fcomments&post=46916"}],"version-history":[{"count":1,"href":"https:\/\/www.interaccionnoticias.com.mx\/index.php?rest_route=\/wp\/v2\/posts\/46916\/revisions"}],"predecessor-version":[{"id":46918,"href":"https:\/\/www.interaccionnoticias.com.mx\/index.php?rest_route=\/wp\/v2\/posts\/46916\/revisions\/46918"}],"wp:featuredmedia":[{"embeddable":true,"href":"https:\/\/www.interaccionnoticias.com.mx\/index.php?rest_route=\/wp\/v2\/media\/46917"}],"wp:attachment":[{"href":"https:\/\/www.interaccionnoticias.com.mx\/index.php?rest_route=%2Fwp%2Fv2%2Fmedia&parent=46916"}],"wp:term":[{"taxonomy":"category","embeddable":true,"href":"https:\/\/www.interaccionnoticias.com.mx\/index.php?rest_route=%2Fwp%2Fv2%2Fcategories&post=46916"},{"taxonomy":"post_tag","embeddable":true,"href":"https:\/\/www.interaccionnoticias.com.mx\/index.php?rest_route=%2Fwp%2Fv2%2Ftags&post=46916"}],"curies":[{"name":"wp","href":"https:\/\/api.w.org\/{rel}","templated":true}]}}