{"id":46910,"date":"2022-06-22T11:20:44","date_gmt":"2022-06-22T16:20:44","guid":{"rendered":"https:\/\/interaccionnoticias.com.mx\/?p=46910"},"modified":"2022-06-22T11:20:48","modified_gmt":"2022-06-22T16:20:48","slug":"ceteg-protestara-en-gira-de-amlo-por-guerrero","status":"publish","type":"post","link":"https:\/\/www.interaccionnoticias.com.mx\/?p=46910","title":{"rendered":"CETEG protestar\u00e1 en gira de AMLO por Guerrero"},"content":{"rendered":"\n<p><strong><em>&#8212; Los maestros disidentes estar\u00e1n en la Monta\u00f1a alta y el puerto de Acapulco<\/em><\/strong><\/p>\n\n\n\n<p><strong>Jes\u00fas Dorantes<\/strong><\/p>\n\n\n\n<p>Chilpancingo, Gro.- La Coordinadora Estatal de Trabajadores de la Educaci\u00f3n en Guerrero (CETEG) anunci\u00f3 que por acuerdo de su asamblea de bases, realizar\u00e1n protestas durante el fin de semana en la visita del presidente de la Rep\u00fablica, Andr\u00e9s Manuel L\u00f3pez Obrador.<\/p>\n\n\n\n<p>Durante el segundo d\u00eda de la toma del edificio Juan \u00c1lvarez, en el centro de Chilpancingo, el l\u00edder de la CETEG, H\u00e9ctor Torres Solano inform\u00f3 que no existe respuesta del gobierno para reabrir las mesas de di\u00e1logo con el magisterio disidente.<\/p>\n\n\n\n<p>Por esa raz\u00f3n, mediante una asamblea de bases realizada la tarde del martes, se acord\u00f3 trasladar su jornada de lucha a la Monta\u00f1a y el puerto de Acapulco, esto luego de que se confirmara la visita de L\u00f3pez Obrador a la entidad.<\/p>\n\n\n\n<p>El pr\u00f3ximo viernes inform\u00f3 Torres Solano se trasladar\u00e1n primero al municipio de Tlapa, luego acompa\u00f1ar\u00e1n el recorrido con el que revisar\u00e1n el avance que registran los caminos artesanales.<\/p>\n\n\n\n<p>El domingo estar\u00e1n en el puerto Acapulco, donde cerrar\u00e1 la gira presidencial<\/p>\n\n\n\n<p>La CETEG tambi\u00e9n anunci\u00f3 una nueva movilizaci\u00f3n en la capital del estado el d\u00eda lunes 27 de junio.<\/p>\n\n\n\n<p>Cuestionado sobre las declaraciones del secretario de Educaci\u00f3n, Marcial Rodr\u00edguez Salda\u00f1a, quien acusa a los integrantes de la CETEG de violar la normatividad de adscripci\u00f3n, el representante del magisterio disidente asegur\u00f3 que los \u00fanico que atentan contra la normatividad es el mismo gobierno que presenta anomal\u00edas en los cambios de adscripci\u00f3n.<\/p>\n","protected":false},"excerpt":{"rendered":"<p>&#8212; Los maestros disidentes estar\u00e1n en la Monta\u00f1a alta y el puerto de Acapulco Jes\u00fas Dorantes Chilpancingo, Gro.- La Coordinadora Estatal de Trabajadores de la Educaci\u00f3n en Guerrero (CETEG) anunci\u00f3&hellip; <\/p>\n","protected":false},"author":8,"featured_media":46911,"comment_status":"open","ping_status":"open","sticky":false,"template":"","format":"standard","meta":{"fifu_image_url":"","fifu_image_alt":"","footnotes":""},"categories":[6],"tags":[],"class_list":["post-46910","post","type-post","status-publish","format-standard","has-post-thumbnail","hentry","category-educacion"],"_links":{"self":[{"href":"https:\/\/www.interaccionnoticias.com.mx\/index.php?rest_route=\/wp\/v2\/posts\/46910","targetHints":{"allow":["GET"]}}],"collection":[{"href":"https:\/\/www.interaccionnoticias.com.mx\/index.php?rest_route=\/wp\/v2\/posts"}],"about":[{"href":"https:\/\/www.interaccionnoticias.com.mx\/index.php?rest_route=\/wp\/v2\/types\/post"}],"author":[{"embeddable":true,"href":"https:\/\/www.interaccionnoticias.com.mx\/index.php?rest_route=\/wp\/v2\/users\/8"}],"replies":[{"embeddable":true,"href":"https:\/\/www.interaccionnoticias.com.mx\/index.php?rest_route=%2Fwp%2Fv2%2Fcomments&post=46910"}],"version-history":[{"count":1,"href":"https:\/\/www.interaccionnoticias.com.mx\/index.php?rest_route=\/wp\/v2\/posts\/46910\/revisions"}],"predecessor-version":[{"id":46912,"href":"https:\/\/www.interaccionnoticias.com.mx\/index.php?rest_route=\/wp\/v2\/posts\/46910\/revisions\/46912"}],"wp:featuredmedia":[{"embeddable":true,"href":"https:\/\/www.interaccionnoticias.com.mx\/index.php?rest_route=\/wp\/v2\/media\/46911"}],"wp:attachment":[{"href":"https:\/\/www.interaccionnoticias.com.mx\/index.php?rest_route=%2Fwp%2Fv2%2Fmedia&parent=46910"}],"wp:term":[{"taxonomy":"category","embeddable":true,"href":"https:\/\/www.interaccionnoticias.com.mx\/index.php?rest_route=%2Fwp%2Fv2%2Fcategories&post=46910"},{"taxonomy":"post_tag","embeddable":true,"href":"https:\/\/www.interaccionnoticias.com.mx\/index.php?rest_route=%2Fwp%2Fv2%2Ftags&post=46910"}],"curies":[{"name":"wp","href":"https:\/\/api.w.org\/{rel}","templated":true}]}}