{"id":46895,"date":"2022-06-21T17:47:50","date_gmt":"2022-06-21T22:47:50","guid":{"rendered":"https:\/\/interaccionnoticias.com.mx\/?p=46895"},"modified":"2022-06-21T17:47:55","modified_gmt":"2022-06-21T22:47:55","slug":"reconocen-diferendo-entre-el-congreso-y-el-ejecutivo-local-de-guerrero","status":"publish","type":"post","link":"https:\/\/www.interaccionnoticias.com.mx\/?p=46895","title":{"rendered":"Reconocen diferendo entre el Congreso y el Ejecutivo local de Guerrero"},"content":{"rendered":"\n<p><strong><em>&#8212; Por las \u201cobservaciones totales\u201d hechas a la Ley 701, sobre Derechos y Cultura de los Pueblos Ind\u00edgenas<\/em><\/strong><\/p>\n\n\n\n<p><strong>Rogelio Agust\u00edn<\/strong><\/p>\n\n\n\n<p>La presidenta de la Mesa Directiva del Congreso local, Flor A\u00f1orve Ocampo reconoci\u00f3 que lamentablemente, las \u201cobservaciones totales\u201d a la Ley 701, en materia de Derechos y Cultura de los Pueblos Ind\u00edgenas, han generado un diferendo in\u00e9dito entre los poderes Ejecutivo y Legislativo del estado de Guerrero.<\/p>\n\n\n\n<p>A\u00f1orve Ocampo se\u00f1al\u00f3 que entre el 27 y 28 de junio, se estar\u00e1 convocando a un periodo extraordinario de sesiones para emitir un dictamen respecto al documento emitido por la gobernadora Evelyn Salgado Pineda.<\/p>\n\n\n\n<p>El pasado viernes, dicho documento fue turnado a las comisiones unidas de Asuntos Ind\u00edgenas y de Seguridad P\u00fablica, cuyos integrantes deben estar en el proceso de hacer algunas modificaciones, para puestas a consideraci\u00f3n del Pleno.<\/p>\n\n\n\n<p>La representante popular, sostuvo que en toda la experiencia que tiene como legisladora, no hab\u00eda conocido una situaci\u00f3n como la que actualmente se vive, cuando el Ejecutivo local env\u00eda una \u201cobservaci\u00f3n total\u201d a una ley aprobada por el Congreso local.<\/p>\n\n\n\n<p>De hecho asumi\u00f3: \u201cEso es in\u00e9dito, como lo ha sido todo lo que ha sucedido en este Congreso, la verdad es que a veces mi capacidad de asombro no tiene l\u00edmite, pero afortunadamente hemos ido saliendo poco a poco\u201d.<\/p>\n\n\n\n<p>Sin embargo, dijo que seguramente el Congreso habr\u00e1 de presentar los argumentos necesarios para defender su reforma.<\/p>\n\n\n\n<p>\u201cPorque hicimos un gran trabajo en estas consultas, ah\u00ed est\u00e1n los documentos y lamento que todav\u00eda no se pronuncie la Suprema Corte de Justicia de la Naci\u00f3n (SCJN), pero seguramente avalar\u00e1 todo el trabajo que se hizo en cada comunidad ind\u00edgena, en cada pueblo afro, creo que el trabajo que se hizo fue de una gran envergadura y en Congreso hicimos bien las cosas, eso seguramente lo ratificar\u00e1 la Corte\u201d, destac\u00f3.<\/p>\n\n\n\n<p>A\u00f1orve Ocampo reconoci\u00f3 que a los diputados de Guerrero se les pueden hacer muchas observaciones, pero destac\u00f3 que nunca se hab\u00eda realizado un proceso de consulta como el que recientemente culmin\u00f3, derivado de una sentencia emitida por la SCJN.<\/p>\n\n\n\n<p>Respecto al silencio que la SCJN ha guardado en torno al trabajo de los diputados, dijo que probablemente se debe a que son muchas las cajas con informaci\u00f3n aportada por los diputados, de tal suerte que el personal del m\u00e1ximo tribunal del pa\u00eds seguramente estar\u00e1 saturado de trabajo realizando la revisi\u00f3n correspondiente.<\/p>\n\n\n\n<p>Sin embargo, sostuvo que los diputados de Guerrero s\u00ed hicieron lo necesario para cumplir con los par\u00e1metros que impuso la SCJN en el tema de la consulta a los pueblos ind\u00edgenas y afromexicanos, pues se promovi\u00f3 la participaci\u00f3n de las comunidades y se desarroll\u00f3 de manera informada y de buena fe.<\/p>\n\n\n\n<p>Respecto al oficio enviado por el Ejecutivo local, donde se plantean observaciones totales a la Ley 701, dijo que seguramente lo redact\u00f3 \u201calguien que no estuvo inmerso en ese asunto, que me parece poco confiable\u201d.<\/p>\n\n\n\n<p>Lo anterior, porque en el proceso de consulta, hubo colaboradores del Gobierno de Guerrero, particularmente de dependencias como la Secretar\u00eda de Asuntos Ind\u00edgenas y la Secretar\u00eda de la Mujer, adem\u00e1s de organismos de derechos humanos y los \u00f3rganos electorales.<\/p>\n\n\n\n<p>\u201cSi todos estuvimos trabajando y avalamos la consulta, no podemos decir que alguien que estuvo inmerso hoy no la avale, es incongruente\u201d, refiri\u00f3.<\/p>\n\n\n\n<p>Cuando se le pregunta si existe un diferendo entre los poderes Ejecutivo y Legislativo del estado de Guerrero, a partir de las observaciones hechas a la Ley 701, la presidenta de la Mesa Directiva del Congreso local asume: \u201cLamentablemente as\u00ed es\u201d.<\/p>\n\n\n\n<p>Y reconoci\u00f3 que mucho de lo que sucede en la 63 legislatura local es in\u00e9dito, en algunos casos no para bien.<\/p>\n","protected":false},"excerpt":{"rendered":"<p>&#8212; Por las \u201cobservaciones totales\u201d hechas a la Ley 701, sobre Derechos y Cultura de los Pueblos Ind\u00edgenas Rogelio Agust\u00edn La presidenta de la Mesa Directiva del Congreso local, Flor&hellip; <\/p>\n","protected":false},"author":21,"featured_media":46896,"comment_status":"open","ping_status":"open","sticky":false,"template":"","format":"standard","meta":{"fifu_image_url":"","fifu_image_alt":"","footnotes":""},"categories":[2],"tags":[],"class_list":["post-46895","post","type-post","status-publish","format-standard","has-post-thumbnail","hentry","category-congreso"],"_links":{"self":[{"href":"https:\/\/www.interaccionnoticias.com.mx\/index.php?rest_route=\/wp\/v2\/posts\/46895","targetHints":{"allow":["GET"]}}],"collection":[{"href":"https:\/\/www.interaccionnoticias.com.mx\/index.php?rest_route=\/wp\/v2\/posts"}],"about":[{"href":"https:\/\/www.interaccionnoticias.com.mx\/index.php?rest_route=\/wp\/v2\/types\/post"}],"author":[{"embeddable":true,"href":"https:\/\/www.interaccionnoticias.com.mx\/index.php?rest_route=\/wp\/v2\/users\/21"}],"replies":[{"embeddable":true,"href":"https:\/\/www.interaccionnoticias.com.mx\/index.php?rest_route=%2Fwp%2Fv2%2Fcomments&post=46895"}],"version-history":[{"count":1,"href":"https:\/\/www.interaccionnoticias.com.mx\/index.php?rest_route=\/wp\/v2\/posts\/46895\/revisions"}],"predecessor-version":[{"id":46897,"href":"https:\/\/www.interaccionnoticias.com.mx\/index.php?rest_route=\/wp\/v2\/posts\/46895\/revisions\/46897"}],"wp:featuredmedia":[{"embeddable":true,"href":"https:\/\/www.interaccionnoticias.com.mx\/index.php?rest_route=\/wp\/v2\/media\/46896"}],"wp:attachment":[{"href":"https:\/\/www.interaccionnoticias.com.mx\/index.php?rest_route=%2Fwp%2Fv2%2Fmedia&parent=46895"}],"wp:term":[{"taxonomy":"category","embeddable":true,"href":"https:\/\/www.interaccionnoticias.com.mx\/index.php?rest_route=%2Fwp%2Fv2%2Fcategories&post=46895"},{"taxonomy":"post_tag","embeddable":true,"href":"https:\/\/www.interaccionnoticias.com.mx\/index.php?rest_route=%2Fwp%2Fv2%2Ftags&post=46895"}],"curies":[{"name":"wp","href":"https:\/\/api.w.org\/{rel}","templated":true}]}}