{"id":46870,"date":"2022-06-21T14:03:36","date_gmt":"2022-06-21T19:03:36","guid":{"rendered":"https:\/\/interaccionnoticias.com.mx\/?p=46870"},"modified":"2022-06-21T14:03:40","modified_gmt":"2022-06-21T19:03:40","slug":"nos-sentimos-utilizados-justifica-ceteg-la-irrupcion-en-el-auditorio-sentimientos-de-la-nacion","status":"publish","type":"post","link":"https:\/\/www.interaccionnoticias.com.mx\/?p=46870","title":{"rendered":"\u201cNos sentimos utilizados\u201d, justifica CETEG la irrupci\u00f3n en el auditorio Sentimientos de la Naci\u00f3n"},"content":{"rendered":"\n<p><em><strong>&#8212; Habla el secretario general del magisterio disidente, sobre los hechos del lunes 20 de junio<\/strong><\/em><\/p>\n\n\n\n<p><strong>Rogelio Agust\u00edn<\/strong><\/p>\n\n\n\n<p>El secretario general de la Coordinadora Estatal de Trabajadores de la Educaci\u00f3n de Guerrero (CETEG), H\u00e9ctor Torres Solano justific\u00f3 la destrucci\u00f3n de las puertas de cristal del auditorio Sentimientos de la Naci\u00f3n, bajo el argumento de que sus compa\u00f1eros se sintieron \u201cutilizados\u201d por el Gobierno del Estado.<\/p>\n\n\n\n<p>V\u00eda telef\u00f3nica, el dirigente magisterial reconoci\u00f3 que fueron sus compa\u00f1eros quienes la tarde del lunes 20 de junio decidieron romper la mesa de trabajo que se realizaba en el recinto oficial del Poder Legislativo.<\/p>\n\n\n\n<p>La inconformidad, explic\u00f3 el dirigente, se debi\u00f3 a que los funcionarios de la administraci\u00f3n estatal no mostraban disposici\u00f3n para cumplir los acuerdos plasmados en minutas, lo que representa una falta de respeto.<\/p>\n\n\n\n<p>Por esa raz\u00f3n, indic\u00f3 que los profesores se retiraron molestos de las instalaciones del recinto oficial del Poder Legislativo y se lanzaron en contra de las puertas del auditorio Sentimientos de la Naci\u00f3n.<\/p>\n\n\n\n<p>\u201cSi es cierto, los compa\u00f1eros tomaron otras acciones, pero fue porque se sienten utilizados, pues nada m\u00e1s nos enga\u00f1aron\u201d, asever\u00f3.<\/p>\n\n\n\n<p>Sin embargo, dijo que la CETEG se mantiene en la b\u00fasqueda de la reanudaci\u00f3n del dialogo, aunque se\u00f1al\u00f3 que en la pr\u00f3xima mesa deber\u00eda estar la gobernadora Evelyn Salgado Pineda y el secretario de Gobierno, Ludwid Marcial Reynoso N\u00fa\u00f1ez.<\/p>\n\n\n\n<p>No hizo comentario respecto a la posibilidad de que a la mesa de dialogo se incorpore el titular de la SEG, Marcial Rodr\u00edguez Salda\u00f1a.<\/p>\n\n\n\n<p>Este martes, dijo que solamente se moviliz\u00f3 una comisi\u00f3n de maestros que pertenecen a la zona Centro, mientras que el resto se dispers\u00f3 en las siete regiones del estado para realizar trabajo de brigadeo en las escuelas, con la intenci\u00f3n de movilizar a las bases de la ceteg hacia la capital del estado.<\/p>\n\n\n\n<p>Eso implica, que en el transcurso de la semana se pueden desarrollar movilizaciones m\u00e1s nutridas y con m\u00e1s fuerza de lo que se ha visto durante las jornadas de lunes y martes.<\/p>\n\n\n\n<p>Sin embargo, admiti\u00f3 que se mantiene abierta la posibilidad de retomar el dialogo.<\/p>\n","protected":false},"excerpt":{"rendered":"<p>&#8212; Habla el secretario general del magisterio disidente, sobre los hechos del lunes 20 de junio Rogelio Agust\u00edn El secretario general de la Coordinadora Estatal de Trabajadores de la Educaci\u00f3n&hellip; <\/p>\n","protected":false},"author":21,"featured_media":46871,"comment_status":"open","ping_status":"open","sticky":false,"template":"","format":"standard","meta":{"fifu_image_url":"","fifu_image_alt":"","footnotes":""},"categories":[6],"tags":[],"class_list":["post-46870","post","type-post","status-publish","format-standard","has-post-thumbnail","hentry","category-educacion"],"_links":{"self":[{"href":"https:\/\/www.interaccionnoticias.com.mx\/index.php?rest_route=\/wp\/v2\/posts\/46870","targetHints":{"allow":["GET"]}}],"collection":[{"href":"https:\/\/www.interaccionnoticias.com.mx\/index.php?rest_route=\/wp\/v2\/posts"}],"about":[{"href":"https:\/\/www.interaccionnoticias.com.mx\/index.php?rest_route=\/wp\/v2\/types\/post"}],"author":[{"embeddable":true,"href":"https:\/\/www.interaccionnoticias.com.mx\/index.php?rest_route=\/wp\/v2\/users\/21"}],"replies":[{"embeddable":true,"href":"https:\/\/www.interaccionnoticias.com.mx\/index.php?rest_route=%2Fwp%2Fv2%2Fcomments&post=46870"}],"version-history":[{"count":1,"href":"https:\/\/www.interaccionnoticias.com.mx\/index.php?rest_route=\/wp\/v2\/posts\/46870\/revisions"}],"predecessor-version":[{"id":46872,"href":"https:\/\/www.interaccionnoticias.com.mx\/index.php?rest_route=\/wp\/v2\/posts\/46870\/revisions\/46872"}],"wp:featuredmedia":[{"embeddable":true,"href":"https:\/\/www.interaccionnoticias.com.mx\/index.php?rest_route=\/wp\/v2\/media\/46871"}],"wp:attachment":[{"href":"https:\/\/www.interaccionnoticias.com.mx\/index.php?rest_route=%2Fwp%2Fv2%2Fmedia&parent=46870"}],"wp:term":[{"taxonomy":"category","embeddable":true,"href":"https:\/\/www.interaccionnoticias.com.mx\/index.php?rest_route=%2Fwp%2Fv2%2Fcategories&post=46870"},{"taxonomy":"post_tag","embeddable":true,"href":"https:\/\/www.interaccionnoticias.com.mx\/index.php?rest_route=%2Fwp%2Fv2%2Ftags&post=46870"}],"curies":[{"name":"wp","href":"https:\/\/api.w.org\/{rel}","templated":true}]}}