{"id":46864,"date":"2022-06-21T13:41:18","date_gmt":"2022-06-21T18:41:18","guid":{"rendered":"https:\/\/interaccionnoticias.com.mx\/?p=46864"},"modified":"2022-06-21T13:41:24","modified_gmt":"2022-06-21T18:41:24","slug":"gobierno-de-guerrero-no-considera-adelantar-el-fin-del-curso-escolar-por-el-tema-del-covid-19","status":"publish","type":"post","link":"https:\/\/www.interaccionnoticias.com.mx\/?p=46864","title":{"rendered":"Gobierno de Guerrero no considera adelantar el fin del curso escolar, por el tema del Covid-19"},"content":{"rendered":"\n<p><strong><em>&#8212; La SEG est\u00e1 atenta a lo que determinen las autoridades sanitarias<\/em><\/strong><\/p>\n\n\n\n<p><strong>Rogelio Agust\u00edn<\/strong><\/p>\n\n\n\n<p>En el estado de Guerrero todav\u00eda c si se adelantar\u00e1 el fin del curso escolar, a consecuencia del repunte que se registra a nivel nacional en materia de contagios de Covid-19.<\/p>\n\n\n\n<p>Marcial Rodr\u00edguez Salda\u00f1a, titular de la Secretar\u00eda de Educaci\u00f3n Guerrero (SEG), coment\u00f3 que hasta el momento, no se tienen datos que apunten hacia contagios registrados en los planteles educativos.<\/p>\n\n\n\n<p>Tal y como lo han dispuesto las autoridades sanitarias a nivel estatal y en el pa\u00eds, dijo que se pide a los maestros y directores no bajar la guardia en torno a mantener vigentes las medidas de prevenci\u00f3n, particularmente el uso de gel antibacterial y lavado de manos recurrente.<\/p>\n\n\n\n<p>Hasta el momento, dijo que no se considera la posibilidad de anticipar el fin de cursos escolar, aunque manifest\u00f3 que se encuentra pendiente de lo que determinen las autoridades sanitarias a nivel nacional.<\/p>\n","protected":false},"excerpt":{"rendered":"<p>&#8212; La SEG est\u00e1 atenta a lo que determinen las autoridades sanitarias Rogelio Agust\u00edn En el estado de Guerrero todav\u00eda c si se adelantar\u00e1 el fin del curso escolar, a&hellip; <\/p>\n","protected":false},"author":21,"featured_media":46865,"comment_status":"open","ping_status":"open","sticky":false,"template":"","format":"standard","meta":{"fifu_image_url":"","fifu_image_alt":"","footnotes":""},"categories":[6],"tags":[],"class_list":["post-46864","post","type-post","status-publish","format-standard","has-post-thumbnail","hentry","category-educacion"],"_links":{"self":[{"href":"https:\/\/www.interaccionnoticias.com.mx\/index.php?rest_route=\/wp\/v2\/posts\/46864","targetHints":{"allow":["GET"]}}],"collection":[{"href":"https:\/\/www.interaccionnoticias.com.mx\/index.php?rest_route=\/wp\/v2\/posts"}],"about":[{"href":"https:\/\/www.interaccionnoticias.com.mx\/index.php?rest_route=\/wp\/v2\/types\/post"}],"author":[{"embeddable":true,"href":"https:\/\/www.interaccionnoticias.com.mx\/index.php?rest_route=\/wp\/v2\/users\/21"}],"replies":[{"embeddable":true,"href":"https:\/\/www.interaccionnoticias.com.mx\/index.php?rest_route=%2Fwp%2Fv2%2Fcomments&post=46864"}],"version-history":[{"count":1,"href":"https:\/\/www.interaccionnoticias.com.mx\/index.php?rest_route=\/wp\/v2\/posts\/46864\/revisions"}],"predecessor-version":[{"id":46866,"href":"https:\/\/www.interaccionnoticias.com.mx\/index.php?rest_route=\/wp\/v2\/posts\/46864\/revisions\/46866"}],"wp:featuredmedia":[{"embeddable":true,"href":"https:\/\/www.interaccionnoticias.com.mx\/index.php?rest_route=\/wp\/v2\/media\/46865"}],"wp:attachment":[{"href":"https:\/\/www.interaccionnoticias.com.mx\/index.php?rest_route=%2Fwp%2Fv2%2Fmedia&parent=46864"}],"wp:term":[{"taxonomy":"category","embeddable":true,"href":"https:\/\/www.interaccionnoticias.com.mx\/index.php?rest_route=%2Fwp%2Fv2%2Fcategories&post=46864"},{"taxonomy":"post_tag","embeddable":true,"href":"https:\/\/www.interaccionnoticias.com.mx\/index.php?rest_route=%2Fwp%2Fv2%2Ftags&post=46864"}],"curies":[{"name":"wp","href":"https:\/\/api.w.org\/{rel}","templated":true}]}}