{"id":46852,"date":"2022-06-20T20:33:38","date_gmt":"2022-06-21T01:33:38","guid":{"rendered":"https:\/\/interaccionnoticias.com.mx\/?p=46852"},"modified":"2022-06-20T20:33:43","modified_gmt":"2022-06-21T01:33:43","slug":"realiza-la-secretaria-de-salud-guerrero-jornada-de-deteccion-gratuita-de-asma-y-epoc-en-chilpancingo","status":"publish","type":"post","link":"https:\/\/www.interaccionnoticias.com.mx\/?p=46852","title":{"rendered":"Realiza la Secretar\u00eda de Salud Guerrero jornada de detecci\u00f3n gratuita de asma y EPOC, en Chilpancingo"},"content":{"rendered":"\n<p><strong><em>&#8212; Ambas enfermedades pueden ser prevenibles controlando los factores de riesgo, se\u00f1al\u00f3 a secretaria de Salud, Aid\u00e9 Ibarez Castro<\/em><\/strong><\/p>\n\n\n\n<p><strong>Chilpancingo, Gro., 20 de junio del 2022.-<\/strong> La ma\u00f1ana de este lunes, en la explanada de la oficina central, la Secretar\u00eda de Salud, a trav\u00e9s del Programa de Enfermedades Respiratorias Cr\u00f3nicas e Infecciosas, realiz\u00f3 una jornada de tamizaje por espirometr\u00eda, dirigida a pacientes con problemas respiratorios, referidos de los Centros de Salud de Chilpancingo.<\/p>\n\n\n\n<p>La espirometr\u00eda es una herramienta \u00fatil en el diagn\u00f3stico de asma y EPOC, que mide el volumen de espiraci\u00f3n efectuada con un m\u00e1ximo esfuerzo y rapidez con que se espira el aire, con un costo aproximado de mil 500 pesos, mismo que en esta ocasi\u00f3n se otorg\u00f3 de manera gratuita a 80 pacientes referidos.<\/p>\n\n\n\n<p>La Enfermedad Pulmonar Obstructiva Cr\u00f3nica (EPOC) y el asma son padecimientos que afectan al sistema respiratorio, generando a quien lo padece afectaciones que merman su calidad de vida y la de sus familias. Se\u00f1al\u00f3 la titular de la Secretar\u00eda de Salud en Guerrero, Aid\u00e9 Ibarez Castro, quien explic\u00f3 que ambas enfermedades pueden ser prevenibles controlando los factores de riesgo que est\u00e1n implicados en el desarrollo de las mismas como son: El tabaquismo, la contaminaci\u00f3n del aire interior y exterior, y la exposici\u00f3n a riesgos laborales, principalmente polvos y productos qu\u00edmicos.<\/p>\n\n\n\n<p>Ibarez Castro insisti\u00f3 que la atenci\u00f3n oportuna a la poblaci\u00f3n en las unidades es muy importante, as\u00ed como el compromiso por el autocuidado de la salud de cada uno de los habitantes del estado, para impactar en la carga de enfermedades cr\u00f3nicas y contribuir en mejorar la calidad de vida de los guerrerenses.<\/p>\n\n\n\n<p>Manifest\u00f3 que por parte de la base trabajadora existe el compromiso por servir, pero pidi\u00f3 reciprocidad para que se logre el cambio anhelado en el sistema de salud.<\/p>\n\n\n\n<p>La titular de la Secretar\u00eda de Salud explic\u00f3 que la pandemia por COVID vino a sumar a m\u00e1s poblaci\u00f3n con un grado de afectaci\u00f3n pulmonar, constituyendo un problema de salud p\u00fablica en el pa\u00eds y tambi\u00e9n en Guerrero.<\/p>\n\n\n\n<p>Agreg\u00f3 que el EPOC ocupa el noveno lugar dentro de las principales causas de muertes en M\u00e9xico y que el 14% de las defunciones se registraron en municipios de alto y muy alto grado de migraci\u00f3n.<\/p>\n\n\n\n<p>Asistieron al evento el subsecretario de Prevenci\u00f3n y Control de Enfermedades, Jes\u00fas Ulises Adame Reyna y los subsecretarios de Planeaci\u00f3n, Roberto N\u00fa\u00f1ez Hern\u00e1ndez, y de Administraci\u00f3n y Finanzas, Humberto Soto L\u00f3pez, el director de Epidemiolog\u00eda y Medicina Preventiva, Rufino Silva Dom\u00ednguez, el director de Servicios de Salud, Ra\u00fal L\u00f3pez Roque y el subdirector de Salud P\u00fablica, Daniel Olvera Rodr\u00edguez.<\/p>\n","protected":false},"excerpt":{"rendered":"<p>&#8212; Ambas enfermedades pueden ser prevenibles controlando los factores de riesgo, se\u00f1al\u00f3 a secretaria de Salud, Aid\u00e9 Ibarez Castro Chilpancingo, Gro., 20 de junio del 2022.- La ma\u00f1ana de este&hellip; <\/p>\n","protected":false},"author":19,"featured_media":46853,"comment_status":"open","ping_status":"open","sticky":false,"template":"","format":"standard","meta":{"fifu_image_url":"","fifu_image_alt":"","footnotes":""},"categories":[26],"tags":[],"class_list":["post-46852","post","type-post","status-publish","format-standard","has-post-thumbnail","hentry","category-salud"],"_links":{"self":[{"href":"https:\/\/www.interaccionnoticias.com.mx\/index.php?rest_route=\/wp\/v2\/posts\/46852","targetHints":{"allow":["GET"]}}],"collection":[{"href":"https:\/\/www.interaccionnoticias.com.mx\/index.php?rest_route=\/wp\/v2\/posts"}],"about":[{"href":"https:\/\/www.interaccionnoticias.com.mx\/index.php?rest_route=\/wp\/v2\/types\/post"}],"author":[{"embeddable":true,"href":"https:\/\/www.interaccionnoticias.com.mx\/index.php?rest_route=\/wp\/v2\/users\/19"}],"replies":[{"embeddable":true,"href":"https:\/\/www.interaccionnoticias.com.mx\/index.php?rest_route=%2Fwp%2Fv2%2Fcomments&post=46852"}],"version-history":[{"count":1,"href":"https:\/\/www.interaccionnoticias.com.mx\/index.php?rest_route=\/wp\/v2\/posts\/46852\/revisions"}],"predecessor-version":[{"id":46854,"href":"https:\/\/www.interaccionnoticias.com.mx\/index.php?rest_route=\/wp\/v2\/posts\/46852\/revisions\/46854"}],"wp:featuredmedia":[{"embeddable":true,"href":"https:\/\/www.interaccionnoticias.com.mx\/index.php?rest_route=\/wp\/v2\/media\/46853"}],"wp:attachment":[{"href":"https:\/\/www.interaccionnoticias.com.mx\/index.php?rest_route=%2Fwp%2Fv2%2Fmedia&parent=46852"}],"wp:term":[{"taxonomy":"category","embeddable":true,"href":"https:\/\/www.interaccionnoticias.com.mx\/index.php?rest_route=%2Fwp%2Fv2%2Fcategories&post=46852"},{"taxonomy":"post_tag","embeddable":true,"href":"https:\/\/www.interaccionnoticias.com.mx\/index.php?rest_route=%2Fwp%2Fv2%2Ftags&post=46852"}],"curies":[{"name":"wp","href":"https:\/\/api.w.org\/{rel}","templated":true}]}}