{"id":46818,"date":"2022-06-20T14:56:54","date_gmt":"2022-06-20T19:56:54","guid":{"rendered":"https:\/\/interaccionnoticias.com.mx\/?p=46818"},"modified":"2022-06-20T14:57:00","modified_gmt":"2022-06-20T19:57:00","slug":"confirma-lider-del-congreso-rechazo-a-las-observaciones-totales-del-ejecutivo-en-la-ley-701","status":"publish","type":"post","link":"https:\/\/www.interaccionnoticias.com.mx\/?p=46818","title":{"rendered":"Confirma l\u00edder del Congreso rechazo a las \u201cobservaciones totales\u201d del Ejecutivo en la Ley 701"},"content":{"rendered":"\n<p><strong><em>&#8212; Niega el presidente de la Jucopo, Alfredo S\u00e1nchez que se haya trabajado con base a la ley que invalid\u00f3 la SCJN<br>&#8212; El 28 de junio, la sesi\u00f3n extraordinaria para sesionar en Pleno<\/em><\/strong><\/p>\n\n\n\n<p><strong>Rogelio Agust\u00edn<\/strong><\/p>\n\n\n\n<p>El presidente de la Junta de Coordinaci\u00f3n Pol\u00edtica (Jucopo) del Congreso local, Alfredo S\u00e1nchez Esquivel confirm\u00f3 que el pr\u00f3ximo 28 de junio, el Pleno sesionar\u00e1 de manera extraordinaria para rechazar las observaciones totales emitidas por la gobernadora Evelyn Salgado Pineda, al decreto que integra la Ley 701, pues neg\u00f3 que las comisiones de Seguridad P\u00fablica y de Asuntos Ind\u00edgenas hayan trabajado con base a una legislaci\u00f3n ya invalidada por la Suprema Corte de Justicia de la Naci\u00f3n (SCJN).<\/p>\n\n\n\n<p>La noche del 24 de mayo, el Congreso de Guerrero aprob\u00f3 un dictamen presentado por las comisiones unidas de Seguridad P\u00fablica y Asuntos Ind\u00edgenas, para aprobar diversas modificaciones y adiciones a Ley 701, sobre Derecho y Cultura de los Pueblos Ind\u00edgenas del Estado de Guerrero.<\/p>\n\n\n\n<p>El 13 de junio pasado, la gobernadora Salgado Pineda entreg\u00f3 al Congreso un oficio con el que remite la \u201cobservaci\u00f3n total\u201d al decreto 188, que contiene las reformas a la Ley 701, en materia de Derechos y Cultura de los Pueblos Ind\u00edgenas de Guerrero, lo que abre un espacio de diez d\u00edas para que los diputados de Guerrero emitan la respuesta correspondiente.<\/p>\n\n\n\n<p>El pasado viernes 17 de junio, el coordinador de la fracci\u00f3n parlamentaria del PRI, H\u00e9ctor Apreza Patr\u00f3n sostuvo que entre los coordinadores de fracci\u00f3n y representantes de partido, existe un consenso casi general que apunta hacia el rechazo a las observaciones emitidas por la titular del Ejecutivo local.<\/p>\n\n\n\n<p>La ma\u00f1ana del lunes 20, el presidente de la Jucopo y coordinador de la fracci\u00f3n parlamentaria de Morena, sostuvo que los diputados locales \u201ccumplieron su labor a cabalidad\u201d cuando aprobaron la reforma a la 701.<\/p>\n\n\n\n<p>Dijo que ha le\u00eddo ya en varias ocasiones el oficio que envi\u00f3 el Poder Ejecutivo local, \u201cl\u00ednea por l\u00ednea\u201d, por lo que ya tiene una postura clara; \u201csomos respetuosos, pero no las compartimos\u201d, en referencia a las \u201cobservaciones totales\u201d.<\/p>\n\n\n\n<p>Sostuvo que para llegar a la redacci\u00f3n de la Ley 701, se integraron equipos interdisciplinarios y se construy\u00f3 una iniciativa distinta a la aprobada en 2018 por la 61 Legislatura local, que fue la que invalid\u00f3 la Suprema Corte de Justicia de la Naci\u00f3n (SCJN) a partir de un juicio de inconstitucionalidad promovido por la Comisi\u00f3n Nacional de Derechos Humanos (CNDH).<\/p>\n\n\n\n<p>Hizo hincapi\u00e9 en el hecho de que la iniciativa se llev\u00f3 a consulta, por lo que incluso, en declaraciones recientes el secretario general de Gobierno, se\u00f1al\u00f3 que la reforma a la 701 delimita muy bien bajo que condiciones se puede identificar a un verdadero grupo de polic\u00edas comunitarios.<\/p>\n\n\n\n<p>De acuerdo con el presidente de la Jucopo, la reforma a la 701 garantiza la vigencia del Estado de Derecho y genera condiciones de gobernabilidad, por lo que puede sostener que es pertinente y necesaria.<\/p>\n\n\n\n<p>Adem\u00e1s, dijo que en su momento, el Congreso entreg\u00f3 a la Suprema Corte de Justicia de la Naci\u00f3n (SCJN) un informe muy completo de las reformas aprobadas tras el proceso de consulta a los pueblos ind\u00edgenas y afromexicanos, de tal manera que se est\u00e1 a la espera de que el m\u00e1ximo tribunal del pa\u00eds emita la respuesta correspondiente.<\/p>\n\n\n\n<p>A pregunta expresa, dijo que casi es un hecho que el Pleno del Congreso sesionar\u00e1 el pr\u00f3ximo 28 de junio para responder a las observaciones totales hechas al decreto que integra la reforma a la Ley 701, el cual anticipa que ser\u00e1 de rechazo.<\/p>\n\n\n\n<p><\/p>\n","protected":false},"excerpt":{"rendered":"<p>&#8212; Niega el presidente de la Jucopo, Alfredo S\u00e1nchez que se haya trabajado con base a la ley que invalid\u00f3 la SCJN&#8212; El 28 de junio, la sesi\u00f3n extraordinaria para&hellip; <\/p>\n","protected":false},"author":21,"featured_media":46819,"comment_status":"open","ping_status":"open","sticky":false,"template":"","format":"standard","meta":{"fifu_image_url":"","fifu_image_alt":"","footnotes":""},"categories":[2],"tags":[],"class_list":["post-46818","post","type-post","status-publish","format-standard","has-post-thumbnail","hentry","category-congreso"],"_links":{"self":[{"href":"https:\/\/www.interaccionnoticias.com.mx\/index.php?rest_route=\/wp\/v2\/posts\/46818","targetHints":{"allow":["GET"]}}],"collection":[{"href":"https:\/\/www.interaccionnoticias.com.mx\/index.php?rest_route=\/wp\/v2\/posts"}],"about":[{"href":"https:\/\/www.interaccionnoticias.com.mx\/index.php?rest_route=\/wp\/v2\/types\/post"}],"author":[{"embeddable":true,"href":"https:\/\/www.interaccionnoticias.com.mx\/index.php?rest_route=\/wp\/v2\/users\/21"}],"replies":[{"embeddable":true,"href":"https:\/\/www.interaccionnoticias.com.mx\/index.php?rest_route=%2Fwp%2Fv2%2Fcomments&post=46818"}],"version-history":[{"count":1,"href":"https:\/\/www.interaccionnoticias.com.mx\/index.php?rest_route=\/wp\/v2\/posts\/46818\/revisions"}],"predecessor-version":[{"id":46820,"href":"https:\/\/www.interaccionnoticias.com.mx\/index.php?rest_route=\/wp\/v2\/posts\/46818\/revisions\/46820"}],"wp:featuredmedia":[{"embeddable":true,"href":"https:\/\/www.interaccionnoticias.com.mx\/index.php?rest_route=\/wp\/v2\/media\/46819"}],"wp:attachment":[{"href":"https:\/\/www.interaccionnoticias.com.mx\/index.php?rest_route=%2Fwp%2Fv2%2Fmedia&parent=46818"}],"wp:term":[{"taxonomy":"category","embeddable":true,"href":"https:\/\/www.interaccionnoticias.com.mx\/index.php?rest_route=%2Fwp%2Fv2%2Fcategories&post=46818"},{"taxonomy":"post_tag","embeddable":true,"href":"https:\/\/www.interaccionnoticias.com.mx\/index.php?rest_route=%2Fwp%2Fv2%2Ftags&post=46818"}],"curies":[{"name":"wp","href":"https:\/\/api.w.org\/{rel}","templated":true}]}}