{"id":46795,"date":"2022-06-19T23:08:15","date_gmt":"2022-06-20T04:08:15","guid":{"rendered":"https:\/\/interaccionnoticias.com.mx\/?p=46795"},"modified":"2022-06-19T23:08:20","modified_gmt":"2022-06-20T04:08:20","slug":"el-futuro-es-naranja-y-al-pais-y-a-guerrero-le-ira-bien-con-la-llegada-de-nuestro-movimiento-julian-lopez-galena","status":"publish","type":"post","link":"https:\/\/www.interaccionnoticias.com.mx\/?p=46795","title":{"rendered":"\u201cEl Futuro es Naranja y al pa\u00eds y a Guerrero, le ir\u00e1 bien con la llegada de nuestro movimiento\u201d: Juli\u00e1n L\u00f3pez Galena."},"content":{"rendered":"\n<p><strong><em>&#8212; \u201cA Guerrero le ir\u00e1 bien con personajes como Luis Donaldo Colosio y Juli\u00e1n Galena\u201d: expresaron simpatizantes en Iguala.<\/em><\/strong><\/p>\n\n\n\n<p><strong>Iguala, Gro., junio 19 del 2022.\u2013<\/strong> \u201cEl Futuro es Naranja en el pa\u00eds y en Guerrero\u201d, sostuvo Juli\u00e1n L\u00f3pez Galena, dirigente estatal de Autoridades Municipales de MC, luego de encabezar la adhesi\u00f3n de cientos de personas del municipio de Iguala a las filas de Movimiento Ciudadano.<\/p>\n\n\n\n<p>Este fin de semana se llev\u00f3 a cabo un acto pol\u00edtico en el que cientos de personas del famoso Movimiento Pol\u00edtico Social (MOPOSO), anunciaron su afiliaci\u00f3n a las filas del Partido Movimiento Ciudadano, porque aseguraron que es el futuro pinta de color naranja en el pa\u00eds.<\/p>\n\n\n\n<p>\u201cA Guerrero, le ir\u00e1 bien, porque necesitamos personajes como Luis Donaldo Colosio y como Juli\u00e1n L\u00f3pez Galeana\u201d, expresaron las personas durante el acto de adhesi\u00f3n de personas del Movimiento Pol\u00edtico Social a Movimiento Ciudadano en el municipio de Iguala de la Independencia.<\/p>\n\n\n\n<p>En su mensaje, el coordinador estatal de Autoridades Municipales de MC, Juli\u00e1n L\u00f3pez Galeana, se\u00f1al\u00f3 que no hay duda alguna en que el futuro es Movimiento Ciudadano, y que por ello cada d\u00eda son m\u00e1s los que comienzan a creer en el partido naranja y se est\u00e1n sumando a sus filas.<\/p>\n\n\n\n<p>\u201cLa caravana naranja, Guerrero en Movimiento, busca expresar a los guerrerenses que aqu\u00ed somos hombres con valor y valores que llevamos un mensaje de experiencia como el que representa nuestro l\u00edder nacional el senador Dante Delgado, pero tambi\u00e9n llevamos un mensaje de esperanza, evoluci\u00f3n y revoluci\u00f3n, que representa Luis Donaldo Colosio Rojas, alcalde de Monterrey e hijo de Luis Donaldo Colosio Murrueta, quien fuera asesinado por un sistema pol\u00edtico que no estaba preparado para sus ideales\u201d, apunt\u00f3.<\/p>\n\n\n\n<p>En su discurso asegur\u00f3 que Movimiento Ciudadano, representa gobiernos y personas diferentes y que ello lo ha demostrado en los lugares que han logrado ganar y que ello ha sido gracias que no ha quedado solamente en discursos y palabras baratas como ha sucedido con otros gobiernos en los que la desilusi\u00f3n y la desesperanza persiste ante el enga\u00f1o de algunos personajes.<\/p>\n\n\n\n<p>Finalmente, dijo que la adhesi\u00f3n de cientos de personas a MC en el municipio de Iguala, es el inicio de una gira que mantendr\u00e1 su partido en todo el estado en el que personajes importante de la sociedad civil y miles de simpatizantes se ir\u00e1n adhiriendo al movimiento naranja en Guerrero.<\/p>\n\n\n\n<p>Insisti\u00f3 en que el futuro es naranja y que la ciudadan\u00eda del pa\u00eds y en Guerrero, est\u00e1n conscientes en que la opci\u00f3n para el 2024, ser\u00e1 MC, porque contar\u00e1 con candidatos competitivos, probados y queridos por la gente en M\u00e9xico.<\/p>\n\n\n\n<p>En el evento estuvieron presentes el Dr. Adri\u00e1n Wences Carrasco, coordinador de la Comisi\u00f3n Operativa Estatal de MC; el Dr. Erick Ulises Ram\u00edrez Crespo, dirigente de MC en el municipio de Iguala; el Lic. Crescencio Almaz\u00e1n Tolentino, secretario de Organizaci\u00f3n y Acci\u00f3n Pol\u00edtica y Evelia Bahena, dirigente municipal de Guerrero en Lucha.<\/p>\n","protected":false},"excerpt":{"rendered":"<p>&#8212; \u201cA Guerrero le ir\u00e1 bien con personajes como Luis Donaldo Colosio y Juli\u00e1n Galena\u201d: expresaron simpatizantes en Iguala. Iguala, Gro., junio 19 del 2022.\u2013 \u201cEl Futuro es Naranja en&hellip; <\/p>\n","protected":false},"author":19,"featured_media":46796,"comment_status":"open","ping_status":"open","sticky":false,"template":"","format":"standard","meta":{"fifu_image_url":"","fifu_image_alt":"","footnotes":""},"categories":[18],"tags":[],"class_list":["post-46795","post","type-post","status-publish","format-standard","has-post-thumbnail","hentry","category-partidos-politicos"],"_links":{"self":[{"href":"https:\/\/www.interaccionnoticias.com.mx\/index.php?rest_route=\/wp\/v2\/posts\/46795","targetHints":{"allow":["GET"]}}],"collection":[{"href":"https:\/\/www.interaccionnoticias.com.mx\/index.php?rest_route=\/wp\/v2\/posts"}],"about":[{"href":"https:\/\/www.interaccionnoticias.com.mx\/index.php?rest_route=\/wp\/v2\/types\/post"}],"author":[{"embeddable":true,"href":"https:\/\/www.interaccionnoticias.com.mx\/index.php?rest_route=\/wp\/v2\/users\/19"}],"replies":[{"embeddable":true,"href":"https:\/\/www.interaccionnoticias.com.mx\/index.php?rest_route=%2Fwp%2Fv2%2Fcomments&post=46795"}],"version-history":[{"count":1,"href":"https:\/\/www.interaccionnoticias.com.mx\/index.php?rest_route=\/wp\/v2\/posts\/46795\/revisions"}],"predecessor-version":[{"id":46797,"href":"https:\/\/www.interaccionnoticias.com.mx\/index.php?rest_route=\/wp\/v2\/posts\/46795\/revisions\/46797"}],"wp:featuredmedia":[{"embeddable":true,"href":"https:\/\/www.interaccionnoticias.com.mx\/index.php?rest_route=\/wp\/v2\/media\/46796"}],"wp:attachment":[{"href":"https:\/\/www.interaccionnoticias.com.mx\/index.php?rest_route=%2Fwp%2Fv2%2Fmedia&parent=46795"}],"wp:term":[{"taxonomy":"category","embeddable":true,"href":"https:\/\/www.interaccionnoticias.com.mx\/index.php?rest_route=%2Fwp%2Fv2%2Fcategories&post=46795"},{"taxonomy":"post_tag","embeddable":true,"href":"https:\/\/www.interaccionnoticias.com.mx\/index.php?rest_route=%2Fwp%2Fv2%2Ftags&post=46795"}],"curies":[{"name":"wp","href":"https:\/\/api.w.org\/{rel}","templated":true}]}}