{"id":4675,"date":"2017-05-26T21:56:09","date_gmt":"2017-05-27T02:56:09","guid":{"rendered":"http:\/\/www.inter-accion.com.mx\/?p=4675"},"modified":"2017-05-26T21:56:09","modified_gmt":"2017-05-27T02:56:09","slug":"astudillo-a-favor-de-que-la-federacion-controle-nominas-en-la-secretaria-de-salud","status":"publish","type":"post","link":"https:\/\/www.interaccionnoticias.com.mx\/?p=4675","title":{"rendered":"Astudillo, a favor de que la federaci\u00f3n controle n\u00f3minas en la Secretar\u00eda de Salud"},"content":{"rendered":"<p>El gobernador H\u00e9ctor Astudillo Flores, manifest\u00f3 que es el principal promotor de que la federaci\u00f3n se haga cargo de la n\u00f3mina de la Secretar\u00eda de Salud, ante el excedente de trabajadores administrativos de la dependencia.<br \/>\n\u00abSoy el promotor n\u00famero uno de que la federaci\u00f3n asuma el control de las n\u00f3minas de la Secretar\u00eda de Salud, porque de esa manera vamos a poder poner control absoluto, de que no vuelva a crecer como ha crecido la Secretar\u00eda de Salud, y que estemos privilegiando, que no es malo, un sueldo de un trabajador, sobre comprar gasas, medicinas e insumos, que principalmente es la queja en todo el estado\u00bb, argument\u00f3.<br \/>\nEste viernes, durante la presentaci\u00f3n del libro \u00abGlosario sobre Administraci\u00f3n y Calidad de la Atenci\u00f3n a la Salud\u00bb en la Sala de la Rep\u00fablica de la residencia oficial de Casa Guerrero, Astudillo Flores reconoci\u00f3 que el segundo problema en la entidad despu\u00e9s del tema de seguridad p\u00fablica, es el aspecto de salud.<br \/>\n\u00abSe contrataron a demasiados empleados en la Secretar\u00eda de Salud, de una manera desmedida y hoy se tiene que tomar una determinaci\u00f3n, atender las necesidades de los hospitales o resolver el problema de las n\u00f3minas quincenales\u00bb, refiri\u00f3 Astudillo.<br \/>\nIndic\u00f3 que los servicios de salud, se ofrecen a pesar de que no haya recursos econ\u00f3micos y humanos para dar atenci\u00f3n integral y completa a los guerrerenses.<br \/>\nEl problema administrativo en la SSA, se visibiliz\u00f3 cuando el gobernador Astudillo se\u00f1al\u00f3 que su administraci\u00f3n privilegi\u00f3 el pago de un bono anual que reciben anualmente los trabajadores de la Secretar\u00eda, por encima de adquirir medicamentos y equipos para los hospitales.<br \/>\nEl mandatario estatal dijo que a diferencia de otras administraciones que intentan descalificar el trabajo de anteriores gestiones, su gobierno no intenta ni \u00abperseguir\u00e1\u00bb a nadie.<br \/>\n\u00abNo llegu\u00e9 para perseguir a nadie, el problema de los gobernadores que llegan, y hay muchos ejemplos en este momento, es que se obsesionan en perseguir a los que se van&#8230; yo no tengo obsesi\u00f3n de perseguir a los que se fueron\u00bb, concluy\u00f3 Astudillo Flores.<\/p>\n","protected":false},"excerpt":{"rendered":"<p>El gobernador H\u00e9ctor Astudillo Flores, manifest\u00f3 que es el principal promotor de que la federaci\u00f3n se haga cargo de la n\u00f3mina de la Secretar\u00eda de Salud, ante el excedente de&hellip; <\/p>\n","protected":false},"author":1,"featured_media":0,"comment_status":"closed","ping_status":"open","sticky":false,"template":"","format":"standard","meta":{"fifu_image_url":"","fifu_image_alt":"","footnotes":""},"categories":[8,11],"tags":[],"class_list":["post-4675","post","type-post","status-publish","format-standard","hentry","category-featured","category-guerrero"],"_links":{"self":[{"href":"https:\/\/www.interaccionnoticias.com.mx\/index.php?rest_route=\/wp\/v2\/posts\/4675","targetHints":{"allow":["GET"]}}],"collection":[{"href":"https:\/\/www.interaccionnoticias.com.mx\/index.php?rest_route=\/wp\/v2\/posts"}],"about":[{"href":"https:\/\/www.interaccionnoticias.com.mx\/index.php?rest_route=\/wp\/v2\/types\/post"}],"author":[{"embeddable":true,"href":"https:\/\/www.interaccionnoticias.com.mx\/index.php?rest_route=\/wp\/v2\/users\/1"}],"replies":[{"embeddable":true,"href":"https:\/\/www.interaccionnoticias.com.mx\/index.php?rest_route=%2Fwp%2Fv2%2Fcomments&post=4675"}],"version-history":[{"count":0,"href":"https:\/\/www.interaccionnoticias.com.mx\/index.php?rest_route=\/wp\/v2\/posts\/4675\/revisions"}],"wp:attachment":[{"href":"https:\/\/www.interaccionnoticias.com.mx\/index.php?rest_route=%2Fwp%2Fv2%2Fmedia&parent=4675"}],"wp:term":[{"taxonomy":"category","embeddable":true,"href":"https:\/\/www.interaccionnoticias.com.mx\/index.php?rest_route=%2Fwp%2Fv2%2Fcategories&post=4675"},{"taxonomy":"post_tag","embeddable":true,"href":"https:\/\/www.interaccionnoticias.com.mx\/index.php?rest_route=%2Fwp%2Fv2%2Ftags&post=4675"}],"curies":[{"name":"wp","href":"https:\/\/api.w.org\/{rel}","templated":true}]}}