{"id":4669,"date":"2017-05-26T21:51:45","date_gmt":"2017-05-27T02:51:45","guid":{"rendered":"http:\/\/www.inter-accion.com.mx\/?p=4669"},"modified":"2017-05-26T21:51:45","modified_gmt":"2017-05-27T02:51:45","slug":"cuestiona-congreso-que-autodefensas-porten-armas-de-uso-exclusivo-del-ejercito","status":"publish","type":"post","link":"https:\/\/www.interaccionnoticias.com.mx\/?p=4669","title":{"rendered":"Cuestiona Congreso que autodefensas porten armas de uso exclusivo del ejercito"},"content":{"rendered":"<p>El presidente de la Comisi\u00f3n de Seguridad P\u00fablica del Congreso local, Ricardo Mej\u00eda Berdeja cuestion\u00f3 el hecho de que las autodefensas de la Uni\u00f3n de Pueblos y Organizaciones del Estado de Guerrero (UPOEG) utilicen armas de grueso calibre.<br \/>\nEn un primer instante, Mej\u00eda Berdeja coment\u00f3 que en el proceso de an\u00e1lisis de la Ley 701, lo que busca el Congreso es fortalecer el sistema comunitario, a partir de los resultados&nbsp;positivos que en materia de seguridad y recuperaci\u00f3n del tejido social, ha dado la existencia de la Coordinadora Regional de Autoridades Comunitarias (CRAC) en la Costa-Monta\u00f1a.<br \/>\nSe trata, de garantizar que ese tipo de organizaci\u00f3n no se vea infiltrada por la delincuencia, tampoco que existan grupos delictivos que traten de encubrir sus acciones il\u00edcitas a partir de que usurpen las funciones de las verdaderas polic\u00edas comunitarias.<br \/>\nEn esa parte, dijo que las polic\u00edas ciudadanas como la UPOEG, si en realidad pretenden coadyuvar positivamente en el \u00e1mbito de la seguridad, deben sujetarse a la Ley de Armas de Fuego, pero adem\u00e1s sujetarse a los ordenamientos que se manejan a nivel estatal y municipal, para no tratar de manejarse completamente al margen de la ley.<br \/>\nLo anterior, luego de que el dirigente de la Uni\u00f3n de Pueblos, Bruno Placido Valerio defendiera que sus polic\u00edas ciudadanos utilicen rifles de asalto tipo AK-47 y R-15.<br \/>\n\u201cSi en realidad pretenden ayudar deben respetar la ley, no actuar conforme a su libre criterio, si act\u00faan solo de acuerdo con su forma de pensar, entonces desde ah\u00ed estamos mal\u201d, dijo el coordinador de la fracci\u00f3n parlamentaria del Movimiento Ciudadano (MC).<br \/>\n&nbsp;<\/p>\n","protected":false},"excerpt":{"rendered":"<p>El presidente de la Comisi\u00f3n de Seguridad P\u00fablica del Congreso local, Ricardo Mej\u00eda Berdeja cuestion\u00f3 el hecho de que las autodefensas de la Uni\u00f3n de Pueblos y Organizaciones del Estado&hellip; <\/p>\n","protected":false},"author":1,"featured_media":0,"comment_status":"closed","ping_status":"open","sticky":false,"template":"","format":"standard","meta":{"fifu_image_url":"","fifu_image_alt":"","footnotes":""},"categories":[2,8],"tags":[],"class_list":["post-4669","post","type-post","status-publish","format-standard","hentry","category-congreso","category-featured"],"_links":{"self":[{"href":"https:\/\/www.interaccionnoticias.com.mx\/index.php?rest_route=\/wp\/v2\/posts\/4669","targetHints":{"allow":["GET"]}}],"collection":[{"href":"https:\/\/www.interaccionnoticias.com.mx\/index.php?rest_route=\/wp\/v2\/posts"}],"about":[{"href":"https:\/\/www.interaccionnoticias.com.mx\/index.php?rest_route=\/wp\/v2\/types\/post"}],"author":[{"embeddable":true,"href":"https:\/\/www.interaccionnoticias.com.mx\/index.php?rest_route=\/wp\/v2\/users\/1"}],"replies":[{"embeddable":true,"href":"https:\/\/www.interaccionnoticias.com.mx\/index.php?rest_route=%2Fwp%2Fv2%2Fcomments&post=4669"}],"version-history":[{"count":0,"href":"https:\/\/www.interaccionnoticias.com.mx\/index.php?rest_route=\/wp\/v2\/posts\/4669\/revisions"}],"wp:attachment":[{"href":"https:\/\/www.interaccionnoticias.com.mx\/index.php?rest_route=%2Fwp%2Fv2%2Fmedia&parent=4669"}],"wp:term":[{"taxonomy":"category","embeddable":true,"href":"https:\/\/www.interaccionnoticias.com.mx\/index.php?rest_route=%2Fwp%2Fv2%2Fcategories&post=4669"},{"taxonomy":"post_tag","embeddable":true,"href":"https:\/\/www.interaccionnoticias.com.mx\/index.php?rest_route=%2Fwp%2Fv2%2Ftags&post=4669"}],"curies":[{"name":"wp","href":"https:\/\/api.w.org\/{rel}","templated":true}]}}