{"id":46644,"date":"2022-06-15T16:45:02","date_gmt":"2022-06-15T21:45:02","guid":{"rendered":"https:\/\/interaccionnoticias.com.mx\/?p=46644"},"modified":"2022-06-15T16:45:07","modified_gmt":"2022-06-15T21:45:07","slug":"alerta-en-costa-guerrerense","status":"publish","type":"post","link":"https:\/\/www.interaccionnoticias.com.mx\/?p=46644","title":{"rendered":"Alerta en Costa guerrerense"},"content":{"rendered":"\n<p>&#8212; Sin da\u00f1os pasa Blas por Guerrero<\/p>\n\n\n\n<p>Javier Trujillo<\/p>\n\n\n\n<p>Acapulco, Gro.- Dos de las siete regiones del estado de Guerrero, Acapulco y Costa Grande, permanecen en alerta por los efectos de las lluvias, vientos y oleaje de 3 y 4 metros de altura es lo que deja a su paso el hurac\u00e1n \u00abBlas\u00bb de categor\u00eda I, en la escala Saffir-Simpson.<\/p>\n\n\n\n<p>Son los nueve municipios de la Costa Grande, d\u00f3nde adem\u00e1s se mantiene cerrado el puerto a la navegaci\u00f3n de embarcaciones menores por los efectos del hurac\u00e1n y el Mar de Fondo en Zihuatanejo y Acapulco.<\/p>\n\n\n\n<p>Esta ma\u00f1ana \u201cBlas\u201d se intensific\u00f3 a Hurac\u00e1n categor\u00eda I en la escala Saffir-Simpson, y se localiza aproximadamente a 345 kil\u00f3metros al sur de L\u00e1zaro C\u00e1rdenas, en el estado de Michoac\u00e1n y 485 al sur-sureste de Manzanillo, en Colima.<br>Hasta el momento, el fen\u00f3meno meteorol\u00f3gico no ha dejado da\u00f1os de consideraci\u00f3n en la Costa Grande de la entidad, solamente lluvias con afectaci\u00f3n leves.<\/p>\n\n\n\n<p>El hurac\u00e1n presenta vientos m\u00e1ximos sostenidos de 120 kil\u00f3metros por hora y rachas de 150, y tiene un desplazamiento hacia el oeste-noroeste a 7 kil\u00f3metros por hora; aunque su centro se encuentre lejos de las costas de Guerrero, las bandas nubosas continuar\u00e1n favoreciendo las lluvias en la regi\u00f3n de la Costa Grande, provocando el crecimiento en los niveles de arroyos, r\u00edos, inundaciones en zonas bajas, reblandecimiento de laderas y derrumbes.<\/p>\n\n\n\n<p>Por lo anterior, la SPC Guerrero recomienda mantenerse informados mediante los canales oficiales.<\/p>\n","protected":false},"excerpt":{"rendered":"<p>&#8212; Sin da\u00f1os pasa Blas por Guerrero Javier Trujillo Acapulco, Gro.- Dos de las siete regiones del estado de Guerrero, Acapulco y Costa Grande, permanecen en alerta por los efectos&hellip; <\/p>\n","protected":false},"author":3,"featured_media":46645,"comment_status":"open","ping_status":"open","sticky":false,"template":"","format":"standard","meta":{"fifu_image_url":"","fifu_image_alt":"","footnotes":""},"categories":[9],"tags":[],"class_list":["post-46644","post","type-post","status-publish","format-standard","has-post-thumbnail","hentry","category-fenomenos-naturales"],"_links":{"self":[{"href":"https:\/\/www.interaccionnoticias.com.mx\/index.php?rest_route=\/wp\/v2\/posts\/46644","targetHints":{"allow":["GET"]}}],"collection":[{"href":"https:\/\/www.interaccionnoticias.com.mx\/index.php?rest_route=\/wp\/v2\/posts"}],"about":[{"href":"https:\/\/www.interaccionnoticias.com.mx\/index.php?rest_route=\/wp\/v2\/types\/post"}],"author":[{"embeddable":true,"href":"https:\/\/www.interaccionnoticias.com.mx\/index.php?rest_route=\/wp\/v2\/users\/3"}],"replies":[{"embeddable":true,"href":"https:\/\/www.interaccionnoticias.com.mx\/index.php?rest_route=%2Fwp%2Fv2%2Fcomments&post=46644"}],"version-history":[{"count":1,"href":"https:\/\/www.interaccionnoticias.com.mx\/index.php?rest_route=\/wp\/v2\/posts\/46644\/revisions"}],"predecessor-version":[{"id":46646,"href":"https:\/\/www.interaccionnoticias.com.mx\/index.php?rest_route=\/wp\/v2\/posts\/46644\/revisions\/46646"}],"wp:featuredmedia":[{"embeddable":true,"href":"https:\/\/www.interaccionnoticias.com.mx\/index.php?rest_route=\/wp\/v2\/media\/46645"}],"wp:attachment":[{"href":"https:\/\/www.interaccionnoticias.com.mx\/index.php?rest_route=%2Fwp%2Fv2%2Fmedia&parent=46644"}],"wp:term":[{"taxonomy":"category","embeddable":true,"href":"https:\/\/www.interaccionnoticias.com.mx\/index.php?rest_route=%2Fwp%2Fv2%2Fcategories&post=46644"},{"taxonomy":"post_tag","embeddable":true,"href":"https:\/\/www.interaccionnoticias.com.mx\/index.php?rest_route=%2Fwp%2Fv2%2Ftags&post=46644"}],"curies":[{"name":"wp","href":"https:\/\/api.w.org\/{rel}","templated":true}]}}