{"id":46640,"date":"2022-06-15T15:45:16","date_gmt":"2022-06-15T20:45:16","guid":{"rendered":"https:\/\/interaccionnoticias.com.mx\/?p=46640"},"modified":"2022-06-15T15:45:22","modified_gmt":"2022-06-15T20:45:22","slug":"asesinan-a-taxista-en-acapulco","status":"publish","type":"post","link":"https:\/\/www.interaccionnoticias.com.mx\/?p=46640","title":{"rendered":"Asesinan a taxista en Acapulco"},"content":{"rendered":"\n<p><strong><em>&#8212; Le dispararon en varias ocasiones<\/em><\/strong><\/p>\n\n\n\n<p><strong>Javier Trujillo<\/strong><\/p>\n\n\n\n<p><strong>Acapulco, Gro.-<\/strong> En dos hechos de violencia, dos hombres fueron privados de la vida. En el primero se trat\u00f3 de un taxista que fue ultimado de siete disparos.<\/p>\n\n\n\n<p>El segundo, hombre fue abatido a balazos, en un enfrentamiento con agentes de la Polic\u00eda Investigadora Ministerial, cuando trataban de cometer un asalto en una empresa embotelladora en la zona suburbana del puerto.<\/p>\n\n\n\n<p>Del primer hecho de sangre, ocurri\u00f3 en la colonia Praderas de Costa Azul, d\u00f3nde un taxista de ruta alimentadora fue asesinado a balazos, con m\u00faltiples disparos en el cuerpo y la cabeza.<\/p>\n\n\n\n<p>El trabajador del volante, cubr\u00eda la ruta Cici-Praderas en la colonia del mismo nombre en el fraccionamiento Costa Azul, ubicado en la zona urbana de Acapulco, la ma\u00f1ana de este mi\u00e9rcoles.<\/p>\n\n\n\n<p>Los hechos se registraron en la calle Monte Verde, muy cerca de la zona residencial de Costa Azul, una de las \u00e1reas con mayor vigilancia del puerto y que frecuentemente cuenta con presencia de personal de la Secretaria de Seguridad P\u00fablica del puerto.<\/p>\n\n\n\n<p>En la escena del crimen, fue encontrado un veh\u00edculo del Servicio P\u00fablico, de la marca Nissan tipo Tsuru, con placas de circulaci\u00f3n A-350-FGE, del Estado de Guerrero.<\/p>\n\n\n\n<p>Al interior de la unidad, en el asiento del conductor qued\u00f3, el cuerpo sin vida de un hombre de aproximadamente 35 a\u00f1os de edad.<\/p>\n\n\n\n<p>La v\u00edctima presentaba en forma visible varios impactos de proyectil de un arma de grueso calibre, en diversas partes del cuerpo.<\/p>\n\n\n\n<p>M\u00e1s tarde, en la colonia Arroyo Seco, entre las calles Vicente Jim\u00e9nez y Eutimio Pinz\u00f3n, un hombre se enfrent\u00f3 a balazos tras intentar con otros tres hombres cometer un asalto a una empresa de la zona.<\/p>\n\n\n\n<p>Tras el reporte, hasta el lugar arribaron efectivos de la PIM que frustraron el atraco y se enfrentaron a blazos contra los cuatro presuntos asaltantes, ah\u00ed cay\u00f3 uno abatido.<\/p>\n\n\n\n<p>En otra camioneta, una de la marca Volkswagen, tipo Tiguan blanca, con placas de circulaci\u00f3n GZE-103-D, qued\u00f3 chocada dos calles atr\u00e1s y sus ocupantes huyeron.<\/p>\n\n\n\n<p>En ambos casos a la escena del crimen acudi\u00f3 personal de Servicios Periciales, del Ministerio P\u00fablico, y tras realizar las diligencias se orden\u00f3 realizar el levantamiento y traslado de los cuerpos de los dos hombre sin vida a las instalaciones del Servicio M\u00e9dico Forense (SEMEFO) en este puerto.<\/p>\n\n\n\n<figure class=\"wp-block-gallery columns-2 is-cropped wp-block-gallery-1 is-layout-flex wp-block-gallery-is-layout-flex\"><ul class=\"blocks-gallery-grid\"><li class=\"blocks-gallery-item\"><figure><img decoding=\"async\" src=\"data:image\/gif;base64,R0lGODlhAQABAIAAAAAAAP\/\/\/ywAAAAAAQABAAACAUwAOw==\" fifu-lazy=\"1\" fifu-data-sizes=\"auto\" fifu-data-srcset=\"https:\/\/i1.wp.com\/interaccionnoticias.com.mx\/wp-content\/uploads\/2022\/06\/220615-Asesinan-a-taxista-en-Acapulco-1-1024x683.jpeg?ssl=1&w=75&resize=75&ssl=1 75w, https:\/\/i1.wp.com\/interaccionnoticias.com.mx\/wp-content\/uploads\/2022\/06\/220615-Asesinan-a-taxista-en-Acapulco-1-1024x683.jpeg?ssl=1&w=100&resize=100&ssl=1 100w, https:\/\/i1.wp.com\/interaccionnoticias.com.mx\/wp-content\/uploads\/2022\/06\/220615-Asesinan-a-taxista-en-Acapulco-1-1024x683.jpeg?ssl=1&w=150&resize=150&ssl=1 150w, https:\/\/i1.wp.com\/interaccionnoticias.com.mx\/wp-content\/uploads\/2022\/06\/220615-Asesinan-a-taxista-en-Acapulco-1-1024x683.jpeg?ssl=1&w=240&resize=240&ssl=1 240w, https:\/\/i1.wp.com\/interaccionnoticias.com.mx\/wp-content\/uploads\/2022\/06\/220615-Asesinan-a-taxista-en-Acapulco-1-1024x683.jpeg?ssl=1&w=320&resize=320&ssl=1 320w, https:\/\/i1.wp.com\/interaccionnoticias.com.mx\/wp-content\/uploads\/2022\/06\/220615-Asesinan-a-taxista-en-Acapulco-1-1024x683.jpeg?ssl=1&w=500&resize=500&ssl=1 500w, https:\/\/i1.wp.com\/interaccionnoticias.com.mx\/wp-content\/uploads\/2022\/06\/220615-Asesinan-a-taxista-en-Acapulco-1-1024x683.jpeg?ssl=1&w=640&resize=640&ssl=1 640w, https:\/\/i1.wp.com\/interaccionnoticias.com.mx\/wp-content\/uploads\/2022\/06\/220615-Asesinan-a-taxista-en-Acapulco-1-1024x683.jpeg?ssl=1&w=800&resize=800&ssl=1 800w, https:\/\/i1.wp.com\/interaccionnoticias.com.mx\/wp-content\/uploads\/2022\/06\/220615-Asesinan-a-taxista-en-Acapulco-1-1024x683.jpeg?ssl=1&w=1024&resize=1024&ssl=1 1024w, https:\/\/i1.wp.com\/interaccionnoticias.com.mx\/wp-content\/uploads\/2022\/06\/220615-Asesinan-a-taxista-en-Acapulco-1-1024x683.jpeg?ssl=1&w=1280&resize=1280&ssl=1 1280w, https:\/\/i1.wp.com\/interaccionnoticias.com.mx\/wp-content\/uploads\/2022\/06\/220615-Asesinan-a-taxista-en-Acapulco-1-1024x683.jpeg?ssl=1&w=1600&resize=1600&ssl=1 1600w\" fifu-data-src=\"https:\/\/i1.wp.com\/interaccionnoticias.com.mx\/wp-content\/uploads\/2022\/06\/220615-Asesinan-a-taxista-en-Acapulco-1-1024x683.jpeg?ssl=1\" alt=\"\" data-id=\"46641\" data-full-url=\"https:\/\/interaccionnoticias.com.mx\/wp-content\/uploads\/2022\/06\/220615-Asesinan-a-taxista-en-Acapulco-1.jpeg\" data-link=\"https:\/\/interaccionnoticias.com.mx\/?attachment_id=46641\" class=\"wp-image-46641\"\/><\/figure><\/li><li class=\"blocks-gallery-item\"><figure><img decoding=\"async\" src=\"data:image\/gif;base64,R0lGODlhAQABAIAAAAAAAP\/\/\/ywAAAAAAQABAAACAUwAOw==\" fifu-lazy=\"1\" fifu-data-sizes=\"auto\" fifu-data-srcset=\"https:\/\/i0.wp.com\/interaccionnoticias.com.mx\/wp-content\/uploads\/2022\/06\/220615-Asesinan-a-taxista-en-Acapulco-2-1024x683.jpeg?ssl=1&w=75&resize=75&ssl=1 75w, https:\/\/i0.wp.com\/interaccionnoticias.com.mx\/wp-content\/uploads\/2022\/06\/220615-Asesinan-a-taxista-en-Acapulco-2-1024x683.jpeg?ssl=1&w=100&resize=100&ssl=1 100w, https:\/\/i0.wp.com\/interaccionnoticias.com.mx\/wp-content\/uploads\/2022\/06\/220615-Asesinan-a-taxista-en-Acapulco-2-1024x683.jpeg?ssl=1&w=150&resize=150&ssl=1 150w, https:\/\/i0.wp.com\/interaccionnoticias.com.mx\/wp-content\/uploads\/2022\/06\/220615-Asesinan-a-taxista-en-Acapulco-2-1024x683.jpeg?ssl=1&w=240&resize=240&ssl=1 240w, https:\/\/i0.wp.com\/interaccionnoticias.com.mx\/wp-content\/uploads\/2022\/06\/220615-Asesinan-a-taxista-en-Acapulco-2-1024x683.jpeg?ssl=1&w=320&resize=320&ssl=1 320w, https:\/\/i0.wp.com\/interaccionnoticias.com.mx\/wp-content\/uploads\/2022\/06\/220615-Asesinan-a-taxista-en-Acapulco-2-1024x683.jpeg?ssl=1&w=500&resize=500&ssl=1 500w, https:\/\/i0.wp.com\/interaccionnoticias.com.mx\/wp-content\/uploads\/2022\/06\/220615-Asesinan-a-taxista-en-Acapulco-2-1024x683.jpeg?ssl=1&w=640&resize=640&ssl=1 640w, https:\/\/i0.wp.com\/interaccionnoticias.com.mx\/wp-content\/uploads\/2022\/06\/220615-Asesinan-a-taxista-en-Acapulco-2-1024x683.jpeg?ssl=1&w=800&resize=800&ssl=1 800w, https:\/\/i0.wp.com\/interaccionnoticias.com.mx\/wp-content\/uploads\/2022\/06\/220615-Asesinan-a-taxista-en-Acapulco-2-1024x683.jpeg?ssl=1&w=1024&resize=1024&ssl=1 1024w, https:\/\/i0.wp.com\/interaccionnoticias.com.mx\/wp-content\/uploads\/2022\/06\/220615-Asesinan-a-taxista-en-Acapulco-2-1024x683.jpeg?ssl=1&w=1280&resize=1280&ssl=1 1280w, https:\/\/i0.wp.com\/interaccionnoticias.com.mx\/wp-content\/uploads\/2022\/06\/220615-Asesinan-a-taxista-en-Acapulco-2-1024x683.jpeg?ssl=1&w=1600&resize=1600&ssl=1 1600w\" fifu-data-src=\"https:\/\/i0.wp.com\/interaccionnoticias.com.mx\/wp-content\/uploads\/2022\/06\/220615-Asesinan-a-taxista-en-Acapulco-2-1024x683.jpeg?ssl=1\" alt=\"\" data-id=\"46642\" data-full-url=\"https:\/\/interaccionnoticias.com.mx\/wp-content\/uploads\/2022\/06\/220615-Asesinan-a-taxista-en-Acapulco-2.jpeg\" data-link=\"https:\/\/interaccionnoticias.com.mx\/?attachment_id=46642\" class=\"wp-image-46642\"\/><\/figure><\/li><\/ul><\/figure>\n","protected":false},"excerpt":{"rendered":"<p>&#8212; Le dispararon en varias ocasiones Javier Trujillo Acapulco, Gro.- En dos hechos de violencia, dos hombres fueron privados de la vida. En el primero se trat\u00f3 de un taxista&hellip; <\/p>\n","protected":false},"author":3,"featured_media":46642,"comment_status":"open","ping_status":"open","sticky":false,"template":"","format":"standard","meta":{"fifu_image_url":"","fifu_image_alt":"","footnotes":""},"categories":[27],"tags":[],"class_list":["post-46640","post","type-post","status-publish","format-standard","has-post-thumbnail","hentry","category-seguridad-publica"],"_links":{"self":[{"href":"https:\/\/www.interaccionnoticias.com.mx\/index.php?rest_route=\/wp\/v2\/posts\/46640","targetHints":{"allow":["GET"]}}],"collection":[{"href":"https:\/\/www.interaccionnoticias.com.mx\/index.php?rest_route=\/wp\/v2\/posts"}],"about":[{"href":"https:\/\/www.interaccionnoticias.com.mx\/index.php?rest_route=\/wp\/v2\/types\/post"}],"author":[{"embeddable":true,"href":"https:\/\/www.interaccionnoticias.com.mx\/index.php?rest_route=\/wp\/v2\/users\/3"}],"replies":[{"embeddable":true,"href":"https:\/\/www.interaccionnoticias.com.mx\/index.php?rest_route=%2Fwp%2Fv2%2Fcomments&post=46640"}],"version-history":[{"count":1,"href":"https:\/\/www.interaccionnoticias.com.mx\/index.php?rest_route=\/wp\/v2\/posts\/46640\/revisions"}],"predecessor-version":[{"id":46643,"href":"https:\/\/www.interaccionnoticias.com.mx\/index.php?rest_route=\/wp\/v2\/posts\/46640\/revisions\/46643"}],"wp:featuredmedia":[{"embeddable":true,"href":"https:\/\/www.interaccionnoticias.com.mx\/index.php?rest_route=\/wp\/v2\/media\/46642"}],"wp:attachment":[{"href":"https:\/\/www.interaccionnoticias.com.mx\/index.php?rest_route=%2Fwp%2Fv2%2Fmedia&parent=46640"}],"wp:term":[{"taxonomy":"category","embeddable":true,"href":"https:\/\/www.interaccionnoticias.com.mx\/index.php?rest_route=%2Fwp%2Fv2%2Fcategories&post=46640"},{"taxonomy":"post_tag","embeddable":true,"href":"https:\/\/www.interaccionnoticias.com.mx\/index.php?rest_route=%2Fwp%2Fv2%2Ftags&post=46640"}],"curies":[{"name":"wp","href":"https:\/\/api.w.org\/{rel}","templated":true}]}}