{"id":46529,"date":"2022-06-13T11:47:07","date_gmt":"2022-06-13T16:47:07","guid":{"rendered":"https:\/\/interaccionnoticias.com.mx\/?p=46529"},"modified":"2022-06-13T11:47:11","modified_gmt":"2022-06-13T16:47:11","slug":"familiares-de-desaparecido-se-plantan-frente-a-palacio-de-gobierno","status":"publish","type":"post","link":"https:\/\/www.interaccionnoticias.com.mx\/?p=46529","title":{"rendered":"Familiares de desaparecido se plantan frente a Palacio de Gobierno"},"content":{"rendered":"\n<p><strong><em>&#8212; Esposa de Jos\u00e9 Abundio Bola\u00f1os, integrante del FDP exige que se le busque en la zona de influencia de la CRAC-PC<\/em><\/strong><\/p>\n\n\n\n<p><strong>Rogelio Agust\u00edn<\/strong><\/p>\n\n\n\n<p>Integrantes del Frente de Defensa Popular (FDP) y familiares de Jos\u00e9 Abundio Bola\u00f1os Calvario, quien est\u00e1 desaparecido desde el 29 de mayo, se plantaron en la puerta principal de Palacio de Gobierno para solicitar una reuni\u00f3n con la gobernadora Evelyn Salgado Pineda.<\/p>\n\n\n\n<p>Desde antes de las 09:00 horas de este lunes, la dirigente del FDP, Clemencia Guevara Tejedor, acompa\u00f1\u00f3 a la esposa y tres hijos de Bola\u00f1os Calvario, de quien se desconoce el paradero desde la jornada del 29 de mayo, cuando regresaba de la cabecera municipal de Chilapa hacia su comunidad, San Jer\u00f3nimo Palantla.<\/p>\n\n\n\n<p>Guevara Tejedor sostiene que hay por lo menos dos personas que sostienen que el joven de 34 a\u00f1os de edad, fue interceptado en el punto de vigilancia que la Polic\u00eda Comunitaria de Rinc\u00f3n de Chautla mantiene en la comunidad de Alcozac\u00e1n, paso obligado para llegar a San Jer\u00f3nimo.<\/p>\n\n\n\n<p>Al d\u00eda siguiente, el 30 de mayo, la camioneta en que se trasladaba el tambi\u00e9n integrante del FDP fue localizada cerca del municipio de Jos\u00e9 Joaqu\u00edn de Herrera, completamente calcinada pero vac\u00eda, lo que da la esperanza de que Jos\u00e9 Abundio todav\u00eda se encuentre con vida.<\/p>\n\n\n\n<p>La dirigente del FDP se\u00f1al\u00f3 que la Fiscal\u00eda General del Estado (FGE) ya difundi\u00f3 una ficha de b\u00fasqueda, pero hasta el momento no hay operativos que generen una mayor garant\u00eda de que se le localizar\u00e1 con vida.<\/p>\n\n\n\n<p>Por esa raz\u00f3n, dijo que la esposa e hijos decidieron trasladarse a Chilpancingo para solicitar una audiencia con la gobernadora Salgado Pineda, para efecto de recordarle el caso y que se ejerza una mayor presi\u00f3n sobre la FGE.<\/p>\n\n\n\n<p>Clemencia Guevara Tejedor sostuvo que la zona en la que se desapareci\u00f3 a Jos\u00e9 Abundio es controlada por la Polic\u00eda Comunitaria fracci\u00f3n Pueblos Fundadores, por lo que sus coordinadores deben explicar que es lo que sucede en este caso.<\/p>\n\n\n\n<figure class=\"wp-block-gallery columns-3 is-cropped wp-block-gallery-1 is-layout-flex wp-block-gallery-is-layout-flex\"><ul class=\"blocks-gallery-grid\"><li class=\"blocks-gallery-item\"><figure><img decoding=\"async\" src=\"data:image\/gif;base64,R0lGODlhAQABAIAAAAAAAP\/\/\/ywAAAAAAQABAAACAUwAOw==\" fifu-lazy=\"1\" fifu-data-sizes=\"auto\" fifu-data-srcset=\"https:\/\/i0.wp.com\/interaccionnoticias.com.mx\/wp-content\/uploads\/2022\/06\/Familiares-de-desaparecido-2-1024x683.jpg?ssl=1&w=75&resize=75&ssl=1 75w, https:\/\/i0.wp.com\/interaccionnoticias.com.mx\/wp-content\/uploads\/2022\/06\/Familiares-de-desaparecido-2-1024x683.jpg?ssl=1&w=100&resize=100&ssl=1 100w, https:\/\/i0.wp.com\/interaccionnoticias.com.mx\/wp-content\/uploads\/2022\/06\/Familiares-de-desaparecido-2-1024x683.jpg?ssl=1&w=150&resize=150&ssl=1 150w, https:\/\/i0.wp.com\/interaccionnoticias.com.mx\/wp-content\/uploads\/2022\/06\/Familiares-de-desaparecido-2-1024x683.jpg?ssl=1&w=240&resize=240&ssl=1 240w, https:\/\/i0.wp.com\/interaccionnoticias.com.mx\/wp-content\/uploads\/2022\/06\/Familiares-de-desaparecido-2-1024x683.jpg?ssl=1&w=320&resize=320&ssl=1 320w, https:\/\/i0.wp.com\/interaccionnoticias.com.mx\/wp-content\/uploads\/2022\/06\/Familiares-de-desaparecido-2-1024x683.jpg?ssl=1&w=500&resize=500&ssl=1 500w, https:\/\/i0.wp.com\/interaccionnoticias.com.mx\/wp-content\/uploads\/2022\/06\/Familiares-de-desaparecido-2-1024x683.jpg?ssl=1&w=640&resize=640&ssl=1 640w, https:\/\/i0.wp.com\/interaccionnoticias.com.mx\/wp-content\/uploads\/2022\/06\/Familiares-de-desaparecido-2-1024x683.jpg?ssl=1&w=800&resize=800&ssl=1 800w, https:\/\/i0.wp.com\/interaccionnoticias.com.mx\/wp-content\/uploads\/2022\/06\/Familiares-de-desaparecido-2-1024x683.jpg?ssl=1&w=1024&resize=1024&ssl=1 1024w, https:\/\/i0.wp.com\/interaccionnoticias.com.mx\/wp-content\/uploads\/2022\/06\/Familiares-de-desaparecido-2-1024x683.jpg?ssl=1&w=1280&resize=1280&ssl=1 1280w, https:\/\/i0.wp.com\/interaccionnoticias.com.mx\/wp-content\/uploads\/2022\/06\/Familiares-de-desaparecido-2-1024x683.jpg?ssl=1&w=1600&resize=1600&ssl=1 1600w\" fifu-data-src=\"https:\/\/i0.wp.com\/interaccionnoticias.com.mx\/wp-content\/uploads\/2022\/06\/Familiares-de-desaparecido-2-1024x683.jpg?ssl=1\" alt=\"\" data-id=\"46531\" data-full-url=\"https:\/\/interaccionnoticias.com.mx\/wp-content\/uploads\/2022\/06\/Familiares-de-desaparecido-2.jpg\" data-link=\"https:\/\/interaccionnoticias.com.mx\/?attachment_id=46531\" class=\"wp-image-46531\"\/><\/figure><\/li><li class=\"blocks-gallery-item\"><figure><img decoding=\"async\" src=\"data:image\/gif;base64,R0lGODlhAQABAIAAAAAAAP\/\/\/ywAAAAAAQABAAACAUwAOw==\" fifu-lazy=\"1\" fifu-data-sizes=\"auto\" fifu-data-srcset=\"https:\/\/i2.wp.com\/interaccionnoticias.com.mx\/wp-content\/uploads\/2022\/06\/Familiares-de-desaparecido-3-1024x683.jpg?ssl=1&w=75&resize=75&ssl=1 75w, https:\/\/i2.wp.com\/interaccionnoticias.com.mx\/wp-content\/uploads\/2022\/06\/Familiares-de-desaparecido-3-1024x683.jpg?ssl=1&w=100&resize=100&ssl=1 100w, https:\/\/i2.wp.com\/interaccionnoticias.com.mx\/wp-content\/uploads\/2022\/06\/Familiares-de-desaparecido-3-1024x683.jpg?ssl=1&w=150&resize=150&ssl=1 150w, https:\/\/i2.wp.com\/interaccionnoticias.com.mx\/wp-content\/uploads\/2022\/06\/Familiares-de-desaparecido-3-1024x683.jpg?ssl=1&w=240&resize=240&ssl=1 240w, https:\/\/i2.wp.com\/interaccionnoticias.com.mx\/wp-content\/uploads\/2022\/06\/Familiares-de-desaparecido-3-1024x683.jpg?ssl=1&w=320&resize=320&ssl=1 320w, https:\/\/i2.wp.com\/interaccionnoticias.com.mx\/wp-content\/uploads\/2022\/06\/Familiares-de-desaparecido-3-1024x683.jpg?ssl=1&w=500&resize=500&ssl=1 500w, https:\/\/i2.wp.com\/interaccionnoticias.com.mx\/wp-content\/uploads\/2022\/06\/Familiares-de-desaparecido-3-1024x683.jpg?ssl=1&w=640&resize=640&ssl=1 640w, https:\/\/i2.wp.com\/interaccionnoticias.com.mx\/wp-content\/uploads\/2022\/06\/Familiares-de-desaparecido-3-1024x683.jpg?ssl=1&w=800&resize=800&ssl=1 800w, https:\/\/i2.wp.com\/interaccionnoticias.com.mx\/wp-content\/uploads\/2022\/06\/Familiares-de-desaparecido-3-1024x683.jpg?ssl=1&w=1024&resize=1024&ssl=1 1024w, https:\/\/i2.wp.com\/interaccionnoticias.com.mx\/wp-content\/uploads\/2022\/06\/Familiares-de-desaparecido-3-1024x683.jpg?ssl=1&w=1280&resize=1280&ssl=1 1280w, https:\/\/i2.wp.com\/interaccionnoticias.com.mx\/wp-content\/uploads\/2022\/06\/Familiares-de-desaparecido-3-1024x683.jpg?ssl=1&w=1600&resize=1600&ssl=1 1600w\" fifu-data-src=\"https:\/\/i2.wp.com\/interaccionnoticias.com.mx\/wp-content\/uploads\/2022\/06\/Familiares-de-desaparecido-3-1024x683.jpg?ssl=1\" alt=\"\" data-id=\"46532\" data-full-url=\"https:\/\/interaccionnoticias.com.mx\/wp-content\/uploads\/2022\/06\/Familiares-de-desaparecido-3.jpg\" data-link=\"https:\/\/interaccionnoticias.com.mx\/?attachment_id=46532\" class=\"wp-image-46532\"\/><\/figure><\/li><li class=\"blocks-gallery-item\"><figure><img decoding=\"async\" src=\"data:image\/gif;base64,R0lGODlhAQABAIAAAAAAAP\/\/\/ywAAAAAAQABAAACAUwAOw==\" fifu-lazy=\"1\" fifu-data-sizes=\"auto\" fifu-data-srcset=\"https:\/\/i3.wp.com\/interaccionnoticias.com.mx\/wp-content\/uploads\/2022\/06\/Familiares-de-desaparecido-1-1024x683.jpg?ssl=1&w=75&resize=75&ssl=1 75w, https:\/\/i3.wp.com\/interaccionnoticias.com.mx\/wp-content\/uploads\/2022\/06\/Familiares-de-desaparecido-1-1024x683.jpg?ssl=1&w=100&resize=100&ssl=1 100w, https:\/\/i3.wp.com\/interaccionnoticias.com.mx\/wp-content\/uploads\/2022\/06\/Familiares-de-desaparecido-1-1024x683.jpg?ssl=1&w=150&resize=150&ssl=1 150w, https:\/\/i3.wp.com\/interaccionnoticias.com.mx\/wp-content\/uploads\/2022\/06\/Familiares-de-desaparecido-1-1024x683.jpg?ssl=1&w=240&resize=240&ssl=1 240w, https:\/\/i3.wp.com\/interaccionnoticias.com.mx\/wp-content\/uploads\/2022\/06\/Familiares-de-desaparecido-1-1024x683.jpg?ssl=1&w=320&resize=320&ssl=1 320w, https:\/\/i3.wp.com\/interaccionnoticias.com.mx\/wp-content\/uploads\/2022\/06\/Familiares-de-desaparecido-1-1024x683.jpg?ssl=1&w=500&resize=500&ssl=1 500w, https:\/\/i3.wp.com\/interaccionnoticias.com.mx\/wp-content\/uploads\/2022\/06\/Familiares-de-desaparecido-1-1024x683.jpg?ssl=1&w=640&resize=640&ssl=1 640w, https:\/\/i3.wp.com\/interaccionnoticias.com.mx\/wp-content\/uploads\/2022\/06\/Familiares-de-desaparecido-1-1024x683.jpg?ssl=1&w=800&resize=800&ssl=1 800w, https:\/\/i3.wp.com\/interaccionnoticias.com.mx\/wp-content\/uploads\/2022\/06\/Familiares-de-desaparecido-1-1024x683.jpg?ssl=1&w=1024&resize=1024&ssl=1 1024w, https:\/\/i3.wp.com\/interaccionnoticias.com.mx\/wp-content\/uploads\/2022\/06\/Familiares-de-desaparecido-1-1024x683.jpg?ssl=1&w=1280&resize=1280&ssl=1 1280w, https:\/\/i3.wp.com\/interaccionnoticias.com.mx\/wp-content\/uploads\/2022\/06\/Familiares-de-desaparecido-1-1024x683.jpg?ssl=1&w=1600&resize=1600&ssl=1 1600w\" fifu-data-src=\"https:\/\/i3.wp.com\/interaccionnoticias.com.mx\/wp-content\/uploads\/2022\/06\/Familiares-de-desaparecido-1-1024x683.jpg?ssl=1\" alt=\"\" data-id=\"46530\" data-full-url=\"https:\/\/interaccionnoticias.com.mx\/wp-content\/uploads\/2022\/06\/Familiares-de-desaparecido-1.jpg\" data-link=\"https:\/\/interaccionnoticias.com.mx\/?attachment_id=46530\" class=\"wp-image-46530\"\/><\/figure><\/li><\/ul><\/figure>\n","protected":false},"excerpt":{"rendered":"<p>&#8212; Esposa de Jos\u00e9 Abundio Bola\u00f1os, integrante del FDP exige que se le busque en la zona de influencia de la CRAC-PC Rogelio Agust\u00edn Integrantes del Frente de Defensa Popular&hellip; <\/p>\n","protected":false},"author":21,"featured_media":46530,"comment_status":"open","ping_status":"open","sticky":false,"template":"","format":"standard","meta":{"fifu_image_url":"","fifu_image_alt":"","footnotes":""},"categories":[15],"tags":[],"class_list":["post-46529","post","type-post","status-publish","format-standard","has-post-thumbnail","hentry","category-movimientos-sociales"],"_links":{"self":[{"href":"https:\/\/www.interaccionnoticias.com.mx\/index.php?rest_route=\/wp\/v2\/posts\/46529","targetHints":{"allow":["GET"]}}],"collection":[{"href":"https:\/\/www.interaccionnoticias.com.mx\/index.php?rest_route=\/wp\/v2\/posts"}],"about":[{"href":"https:\/\/www.interaccionnoticias.com.mx\/index.php?rest_route=\/wp\/v2\/types\/post"}],"author":[{"embeddable":true,"href":"https:\/\/www.interaccionnoticias.com.mx\/index.php?rest_route=\/wp\/v2\/users\/21"}],"replies":[{"embeddable":true,"href":"https:\/\/www.interaccionnoticias.com.mx\/index.php?rest_route=%2Fwp%2Fv2%2Fcomments&post=46529"}],"version-history":[{"count":1,"href":"https:\/\/www.interaccionnoticias.com.mx\/index.php?rest_route=\/wp\/v2\/posts\/46529\/revisions"}],"predecessor-version":[{"id":46533,"href":"https:\/\/www.interaccionnoticias.com.mx\/index.php?rest_route=\/wp\/v2\/posts\/46529\/revisions\/46533"}],"wp:featuredmedia":[{"embeddable":true,"href":"https:\/\/www.interaccionnoticias.com.mx\/index.php?rest_route=\/wp\/v2\/media\/46530"}],"wp:attachment":[{"href":"https:\/\/www.interaccionnoticias.com.mx\/index.php?rest_route=%2Fwp%2Fv2%2Fmedia&parent=46529"}],"wp:term":[{"taxonomy":"category","embeddable":true,"href":"https:\/\/www.interaccionnoticias.com.mx\/index.php?rest_route=%2Fwp%2Fv2%2Fcategories&post=46529"},{"taxonomy":"post_tag","embeddable":true,"href":"https:\/\/www.interaccionnoticias.com.mx\/index.php?rest_route=%2Fwp%2Fv2%2Ftags&post=46529"}],"curies":[{"name":"wp","href":"https:\/\/api.w.org\/{rel}","templated":true}]}}