{"id":46525,"date":"2022-06-13T11:36:33","date_gmt":"2022-06-13T16:36:33","guid":{"rendered":"https:\/\/interaccionnoticias.com.mx\/?p=46525"},"modified":"2022-06-13T11:36:37","modified_gmt":"2022-06-13T16:36:37","slug":"vive-chilpancingo-la-crisis-del-pollo","status":"publish","type":"post","link":"https:\/\/www.interaccionnoticias.com.mx\/?p=46525","title":{"rendered":"Vive Chilpancingo la crisis del pollo"},"content":{"rendered":"\n<p><strong><em>\u2014 Permanecen cerrados los puestos del mercado<br>\u2014 En el centro hay, pero con sobreprecio y solamente se vende entero, ya no hay por piezas<br>\u2014 Largas filas en los pocos negocios que tienen el producto, que se agota rapidamente<\/em><\/strong><\/p>\n\n\n\n<p><strong>Sonia Monta\u00f1o<\/strong><\/p>\n\n\n\n<p>La venta de pollo reanud\u00f3 este lunes en algunos puestos del centro de la capital del estado, el precio es de 175 pesos pero solamente se vende entero, nadie puede conseguir por piezas.<\/p>\n\n\n\n<p>Los problemas para los comerciantes del sector comenzaron la tarde del lunes 6 de junio, cuando uno de los principales distribuidores, a quien la Fiscal\u00eda General del Estado (FGE) identifica como Tom\u00e1s \u201cN\u201d fue asesinado en la nave tres del mercado central Baltazar R. Leyva Mancilla.<\/p>\n\n\n\n<p>Posteriormente, el mi\u00e9rcoles 8 se gener\u00f3 otro ataque en el \u00e1rea del carga del mismo mercado, donde un empleado de una granja fue asesinado, quedando su patr\u00f3n, que iba en el lado del copiloto a salvo.<\/p>\n\n\n\n<p>El tercer hecho se registr\u00f3 la ma\u00f1ana del s\u00e1bado 11 de junio en una granja ubicada en la comunidad de Petaquillas, donde fueron asesinadas cinco personas, entre ellos el propietario del establecimiento, una menor, un trabajador y dos clientes.<\/p>\n\n\n\n<p>El domingo los propietarios de locales expendedores de pollo ya no abrieron, el argumento central fue miedo a ser v\u00edctimas de nuevos ataques, lo que propici\u00f3 que el municipio y las autoridades estatales desplegaran un operativo de vigilancia en la central de abastos, pero sin lograr que los comerciantes reabrieran.<\/p>\n\n\n\n<p>La escasez del producto lleg\u00f3 a por lo menos tres mercados de zona y tambi\u00e9n a los negocios del centro de la ciudad.<\/p>\n\n\n\n<p>Para la ma\u00f1ana del lunes 13, los puestos del mercado continuaron cerrados, aunque en el centro ya se tuvo producto en algunos locales.<\/p>\n\n\n\n<p>El precio que hasta antes de la crisis de seguridad era de 140 pesos por pollo completo, se dispar\u00f3 este lunes a 175 y donde hubo se agot\u00f3 r\u00e1pidamente.<\/p>\n\n\n\n<p>En torno a los pocos negocios que tienen pollo se registran grandes filas, pero el condicionamiento que se tiene es que solamente se puede comprar entero, no hay comercializaci\u00f3n por piezas.<\/p>\n\n\n\n<p>En donde se agot\u00f3, las personas permanecen formadas a la espera de que los negocios vuelvan a surtir.<\/p>\n\n\n\n<figure class=\"wp-block-gallery columns-2 is-cropped wp-block-gallery-1 is-layout-flex wp-block-gallery-is-layout-flex\"><ul class=\"blocks-gallery-grid\"><li class=\"blocks-gallery-item\"><figure><img decoding=\"async\" src=\"data:image\/gif;base64,R0lGODlhAQABAIAAAAAAAP\/\/\/ywAAAAAAQABAAACAUwAOw==\" fifu-lazy=\"1\" fifu-data-sizes=\"auto\" fifu-data-srcset=\"https:\/\/i0.wp.com\/interaccionnoticias.com.mx\/wp-content\/uploads\/2022\/06\/crisis-del-pollo-1-1024x683.jpg?ssl=1&w=75&resize=75&ssl=1 75w, https:\/\/i0.wp.com\/interaccionnoticias.com.mx\/wp-content\/uploads\/2022\/06\/crisis-del-pollo-1-1024x683.jpg?ssl=1&w=100&resize=100&ssl=1 100w, https:\/\/i0.wp.com\/interaccionnoticias.com.mx\/wp-content\/uploads\/2022\/06\/crisis-del-pollo-1-1024x683.jpg?ssl=1&w=150&resize=150&ssl=1 150w, https:\/\/i0.wp.com\/interaccionnoticias.com.mx\/wp-content\/uploads\/2022\/06\/crisis-del-pollo-1-1024x683.jpg?ssl=1&w=240&resize=240&ssl=1 240w, https:\/\/i0.wp.com\/interaccionnoticias.com.mx\/wp-content\/uploads\/2022\/06\/crisis-del-pollo-1-1024x683.jpg?ssl=1&w=320&resize=320&ssl=1 320w, https:\/\/i0.wp.com\/interaccionnoticias.com.mx\/wp-content\/uploads\/2022\/06\/crisis-del-pollo-1-1024x683.jpg?ssl=1&w=500&resize=500&ssl=1 500w, https:\/\/i0.wp.com\/interaccionnoticias.com.mx\/wp-content\/uploads\/2022\/06\/crisis-del-pollo-1-1024x683.jpg?ssl=1&w=640&resize=640&ssl=1 640w, https:\/\/i0.wp.com\/interaccionnoticias.com.mx\/wp-content\/uploads\/2022\/06\/crisis-del-pollo-1-1024x683.jpg?ssl=1&w=800&resize=800&ssl=1 800w, https:\/\/i0.wp.com\/interaccionnoticias.com.mx\/wp-content\/uploads\/2022\/06\/crisis-del-pollo-1-1024x683.jpg?ssl=1&w=1024&resize=1024&ssl=1 1024w, https:\/\/i0.wp.com\/interaccionnoticias.com.mx\/wp-content\/uploads\/2022\/06\/crisis-del-pollo-1-1024x683.jpg?ssl=1&w=1280&resize=1280&ssl=1 1280w, https:\/\/i0.wp.com\/interaccionnoticias.com.mx\/wp-content\/uploads\/2022\/06\/crisis-del-pollo-1-1024x683.jpg?ssl=1&w=1600&resize=1600&ssl=1 1600w\" fifu-data-src=\"https:\/\/i0.wp.com\/interaccionnoticias.com.mx\/wp-content\/uploads\/2022\/06\/crisis-del-pollo-1-1024x683.jpg?ssl=1\" alt=\"\" data-id=\"46527\" data-full-url=\"https:\/\/interaccionnoticias.com.mx\/wp-content\/uploads\/2022\/06\/crisis-del-pollo-1.jpg\" data-link=\"https:\/\/interaccionnoticias.com.mx\/?attachment_id=46527\" class=\"wp-image-46527\"\/><\/figure><\/li><li class=\"blocks-gallery-item\"><figure><img decoding=\"async\" src=\"data:image\/gif;base64,R0lGODlhAQABAIAAAAAAAP\/\/\/ywAAAAAAQABAAACAUwAOw==\" fifu-lazy=\"1\" fifu-data-sizes=\"auto\" fifu-data-srcset=\"https:\/\/i3.wp.com\/interaccionnoticias.com.mx\/wp-content\/uploads\/2022\/06\/crisis-del-pollo-2-1024x683.jpg?ssl=1&w=75&resize=75&ssl=1 75w, https:\/\/i3.wp.com\/interaccionnoticias.com.mx\/wp-content\/uploads\/2022\/06\/crisis-del-pollo-2-1024x683.jpg?ssl=1&w=100&resize=100&ssl=1 100w, https:\/\/i3.wp.com\/interaccionnoticias.com.mx\/wp-content\/uploads\/2022\/06\/crisis-del-pollo-2-1024x683.jpg?ssl=1&w=150&resize=150&ssl=1 150w, https:\/\/i3.wp.com\/interaccionnoticias.com.mx\/wp-content\/uploads\/2022\/06\/crisis-del-pollo-2-1024x683.jpg?ssl=1&w=240&resize=240&ssl=1 240w, https:\/\/i3.wp.com\/interaccionnoticias.com.mx\/wp-content\/uploads\/2022\/06\/crisis-del-pollo-2-1024x683.jpg?ssl=1&w=320&resize=320&ssl=1 320w, https:\/\/i3.wp.com\/interaccionnoticias.com.mx\/wp-content\/uploads\/2022\/06\/crisis-del-pollo-2-1024x683.jpg?ssl=1&w=500&resize=500&ssl=1 500w, https:\/\/i3.wp.com\/interaccionnoticias.com.mx\/wp-content\/uploads\/2022\/06\/crisis-del-pollo-2-1024x683.jpg?ssl=1&w=640&resize=640&ssl=1 640w, https:\/\/i3.wp.com\/interaccionnoticias.com.mx\/wp-content\/uploads\/2022\/06\/crisis-del-pollo-2-1024x683.jpg?ssl=1&w=800&resize=800&ssl=1 800w, https:\/\/i3.wp.com\/interaccionnoticias.com.mx\/wp-content\/uploads\/2022\/06\/crisis-del-pollo-2-1024x683.jpg?ssl=1&w=1024&resize=1024&ssl=1 1024w, https:\/\/i3.wp.com\/interaccionnoticias.com.mx\/wp-content\/uploads\/2022\/06\/crisis-del-pollo-2-1024x683.jpg?ssl=1&w=1280&resize=1280&ssl=1 1280w, https:\/\/i3.wp.com\/interaccionnoticias.com.mx\/wp-content\/uploads\/2022\/06\/crisis-del-pollo-2-1024x683.jpg?ssl=1&w=1600&resize=1600&ssl=1 1600w\" fifu-data-src=\"https:\/\/i3.wp.com\/interaccionnoticias.com.mx\/wp-content\/uploads\/2022\/06\/crisis-del-pollo-2-1024x683.jpg?ssl=1\" alt=\"\" data-id=\"46526\" data-full-url=\"https:\/\/interaccionnoticias.com.mx\/wp-content\/uploads\/2022\/06\/crisis-del-pollo-2.jpg\" data-link=\"https:\/\/interaccionnoticias.com.mx\/?attachment_id=46526\" class=\"wp-image-46526\"\/><\/figure><\/li><\/ul><\/figure>\n","protected":false},"excerpt":{"rendered":"<p>\u2014 Permanecen cerrados los puestos del mercado\u2014 En el centro hay, pero con sobreprecio y solamente se vende entero, ya no hay por piezas\u2014 Largas filas en los pocos negocios&hellip; <\/p>\n","protected":false},"author":4,"featured_media":46526,"comment_status":"open","ping_status":"open","sticky":false,"template":"","format":"standard","meta":{"fifu_image_url":"","fifu_image_alt":"","footnotes":""},"categories":[29],"tags":[],"class_list":["post-46525","post","type-post","status-publish","format-standard","has-post-thumbnail","hentry","category-sociedad"],"_links":{"self":[{"href":"https:\/\/www.interaccionnoticias.com.mx\/index.php?rest_route=\/wp\/v2\/posts\/46525","targetHints":{"allow":["GET"]}}],"collection":[{"href":"https:\/\/www.interaccionnoticias.com.mx\/index.php?rest_route=\/wp\/v2\/posts"}],"about":[{"href":"https:\/\/www.interaccionnoticias.com.mx\/index.php?rest_route=\/wp\/v2\/types\/post"}],"author":[{"embeddable":true,"href":"https:\/\/www.interaccionnoticias.com.mx\/index.php?rest_route=\/wp\/v2\/users\/4"}],"replies":[{"embeddable":true,"href":"https:\/\/www.interaccionnoticias.com.mx\/index.php?rest_route=%2Fwp%2Fv2%2Fcomments&post=46525"}],"version-history":[{"count":1,"href":"https:\/\/www.interaccionnoticias.com.mx\/index.php?rest_route=\/wp\/v2\/posts\/46525\/revisions"}],"predecessor-version":[{"id":46528,"href":"https:\/\/www.interaccionnoticias.com.mx\/index.php?rest_route=\/wp\/v2\/posts\/46525\/revisions\/46528"}],"wp:featuredmedia":[{"embeddable":true,"href":"https:\/\/www.interaccionnoticias.com.mx\/index.php?rest_route=\/wp\/v2\/media\/46526"}],"wp:attachment":[{"href":"https:\/\/www.interaccionnoticias.com.mx\/index.php?rest_route=%2Fwp%2Fv2%2Fmedia&parent=46525"}],"wp:term":[{"taxonomy":"category","embeddable":true,"href":"https:\/\/www.interaccionnoticias.com.mx\/index.php?rest_route=%2Fwp%2Fv2%2Fcategories&post=46525"},{"taxonomy":"post_tag","embeddable":true,"href":"https:\/\/www.interaccionnoticias.com.mx\/index.php?rest_route=%2Fwp%2Fv2%2Ftags&post=46525"}],"curies":[{"name":"wp","href":"https:\/\/api.w.org\/{rel}","templated":true}]}}