{"id":46409,"date":"2022-06-10T11:23:03","date_gmt":"2022-06-10T16:23:03","guid":{"rendered":"https:\/\/interaccionnoticias.com.mx\/?p=46409"},"modified":"2022-06-10T11:23:52","modified_gmt":"2022-06-10T16:23:52","slug":"chilpancingo-capital-bajo-fuego","status":"publish","type":"post","link":"https:\/\/www.interaccionnoticias.com.mx\/?p=46409","title":{"rendered":"Chilpancingo, capital bajo fuego"},"content":{"rendered":"\n<p><em><strong>&#8212; Confirman \u00abTlacos\u00bb que ellos quemaron unidades del transporte p\u00fablico y declaran la guerra a \u00abLos Ardillos\u00bb<br>&#8212; Ambos grupos controlan regiones completas y han crecido en los \u00faltimos a\u00f1os<\/strong><\/em><\/p>\n\n\n\n<p><strong>Rogelio Agust\u00edn<\/strong><\/p>\n\n\n\n<p>La capital del estado se encuentra en medio de una confrontaci\u00f3n declarada entre dos grupos delictivos que durante los \u00faltimos a\u00f1os han acumulado base social y poder de fuego; Tlacos y Ardillos.<\/p>\n\n\n\n<p>En redes sociales, supuestos integrantes de \u00abLos Tlacos\u00bb dieron a conocer una \u00abdeclaratoria de guerra\u00bb dirigida en contra de los ardillos y se adjudicaron algunos de los hechos de violencia generados desde que inici\u00f3 la semana.<\/p>\n\n\n\n<p>\u00abNosotros somos los Tlacos, quemamos unos taxis de Petaquillas y no nos escondemos para decirlo\u00bb, se\u00f1ala un post colocado en la p\u00e1gina \u00abCr\u00f3nicas comunitarias\u00bb por un usuario llamado Mario Guerrero Guti\u00e9rrez, en alusi\u00f3n a las cinco unidades atacadas durante la noche del lunes y martes ma\u00f1ana del martes 7 de junio, en la cabecera municipal de Chilpancingo y la comunidad de Petaquillas.<\/p>\n\n\n\n<p>En la explicaci\u00f3n que se hace respecto a la \u00abdeclaratoria de guerra\u00bb, el grupo que opera en la Sierra se\u00f1ala que se debe a que sus antagonistas \u00abhan hecho extorsi\u00f3n, secuestros y asesinatos de transportistas con la \u00fanica intenci\u00f3n de inculpar a la gente de Tlaco, tras estos hechos de violencia algunos han ca\u00eddo en la trampa, mientras que otros por voluntad propia o por inter\u00e9s est\u00e1n colaborando con ellos\u00bb.<\/p>\n\n\n\n<p>En el texto se asegura que \u00abLos Ardillos\u00bb tienen sometidos a varios ayuntamientos, que han asesinado a ind\u00edgenas en la Monta\u00f1a Baja de Guerrero y que tienen por lo menos 25 a\u00f1os de operaci\u00f3n abierta.<\/p>\n\n\n\n<p>Entre otras cosas, aseguran que la organizaci\u00f3n que opera desde el circuito R\u00edo Azul controla m\u00e1s de 500 unidades del servicio p\u00fablico, entre urvans y taxis que operan de manera irregular, que adem\u00e1s de representar ingresos econ\u00f3micos utilizan para realizar bloqueos.<\/p>\n\n\n\n<p>Por esa raz\u00f3n, en el texto difundido en redes sociales se hace un llamado al Gobierno de Guerrero, para que en caso de querer que no haya m\u00e1s unidades quemadas, realice una limpia al transporte p\u00fablico para que salgan de circulaci\u00f3n las unidades irregulares.<\/p>\n\n\n\n<p><strong>Los grupos en pugna<\/strong><\/p>\n\n\n\n<p>Los Ardillos son una organizaci\u00f3n delictiva cuyo origen, de acuerdo con activistas de organizaciones como el colectivo Siempre Vivos o la Polic\u00eda Comunitaria de Rinc\u00f3n de Chautla, tiene su origen en el municipio de Quechultenango y particularmente en la comunidad de Tlanicuilulco.<br><br>Durante casi una d\u00e9cada dicha organizaci\u00f3n sostuvo una pugna por el control de la Monta\u00f1a Baja contra \u00abLos Rojos\u00bb, grupo que casi fue desmantelado.<\/p>\n\n\n\n<p>A los Ardillos se atribuye el control de municipios como Zitlala, Chilapa, Quechultenango y Mochitl\u00e1n, adem\u00e1s de varias comunidades de Chilpancingo.<\/p>\n\n\n\n<p>Los Ardillos fueron se\u00f1alados como el grupo que atac\u00f3 en febrero pasado la base de la Uni\u00f3n de Pueblos y Organizaciones del Estado de Guerrero (UPOEG) de Buenavista de la Salud, donde murieron cuatro autodefensas, entre ellos el profesor disidente Mario Zamora.<\/p>\n\n\n\n<p>Los Ardillos tendr\u00edan presencia en parte importante de la regi\u00f3n Centro, Monta\u00f1a Baja y particularmente en el circuito R\u00edo Azul.<\/p>\n\n\n\n<p>De los Tlacos se tiene como referencia que surgieron como grupo entre 2015 y 2016, su principal punto de Operaciones se ubica en Heliodoro Castillo, cuya cabecera municipal es Tlacotepec, de ah\u00ed el t\u00e9rmino de \u00abTlacos\u00bb.<br><br>Esta organizaci\u00f3n ha sostenido enfrentamientos con otros grupos, entre ellos \u00abLos Tequileros\u00bb; El C\u00e1rtel del Sur (CDS), remanentes de Los Rojos (la fracci\u00f3n que dirig\u00eda Santiago Mazari El Carrete), c\u00e9lulas de La Familia Michoacana y tambi\u00e9n han disputado el control de Iguala.<br><br>Actualmente su presencia se extiende hacia Leonardo Bravo, la zona minera de Eduardo Neri (Mezcala y Carrizalillo), parte de Iguala y tambi\u00e9n tiene presencia en la parte serrana de Chilpancingo.<br><br>Se trata de dos grupos que han crecido en sus respectivas zonas de influencia y que se han extendido, la zona de inter\u00e9s com\u00fan que tienen ahora es la capital del estado, lo que finalmente los hizo entrar en choque.<\/p>\n\n\n\n<p><strong>Lo que dicen las autoridades<\/strong><\/p>\n\n\n\n<p>La gobernadora Evelyn Salgado Pineda ha sido cautelosa respecto al tema, pero el mi\u00e9rcoles 8 de junio, en una visita a la comunidad de El Palmar, municipio de Eduardo Neri, refiri\u00f3 que el martes 7, cuando la Guardia Civil de Petaquillas retuvo a personal del Ej\u00e9rcito Mexicano, parec\u00eda que hab\u00eda \u00abgente interesada en que se derramara sangre\u00bb.<\/p>\n\n\n\n<p>Salgado Pineda sostuvo que hay un trabajo de inteligencia para tener la certeza de quienes son los que pretenden generar intranquilidad social.<\/p>\n\n\n\n<p>En todo caso, dijo que hay coordinaci\u00f3n con la Federaci\u00f3n para que cada nivel de Gobierno haga lo que le corresponde.<\/p>\n\n\n\n<p>El vicefiscal de investigaci\u00f3n de la Fiscal\u00eda General del Estado (FGE), Ram\u00f3n Celaya Gamboa, dijo este jueves que desconoc\u00eda lo relacionado con la publicaci\u00f3n en que se hace la declaratoria de guerra deu grupo hacia otro.<\/p>\n\n\n\n<p>Lo que s\u00ed mencion\u00f3, es que ya se investiga lo relacionado con la quema de los cinco veh\u00edculos del transporte p\u00fablico, adem\u00e1s del asesinato del distribuidor de pollos suscitado en el mercado central, as\u00ed como del l\u00edder transportista Francisco Marroqu\u00edn.<\/p>\n","protected":false},"excerpt":{"rendered":"<p>&#8212; Confirman \u00abTlacos\u00bb que ellos quemaron unidades del transporte p\u00fablico y declaran la guerra a \u00abLos Ardillos\u00bb&#8212; Ambos grupos controlan regiones completas y han crecido en los \u00faltimos a\u00f1os Rogelio&hellip; <\/p>\n","protected":false},"author":21,"featured_media":46224,"comment_status":"open","ping_status":"open","sticky":false,"template":"","format":"standard","meta":{"fifu_image_url":"","fifu_image_alt":"","footnotes":""},"categories":[24],"tags":[],"class_list":["post-46409","post","type-post","status-publish","format-standard","has-post-thumbnail","hentry","category-reportajes"],"_links":{"self":[{"href":"https:\/\/www.interaccionnoticias.com.mx\/index.php?rest_route=\/wp\/v2\/posts\/46409","targetHints":{"allow":["GET"]}}],"collection":[{"href":"https:\/\/www.interaccionnoticias.com.mx\/index.php?rest_route=\/wp\/v2\/posts"}],"about":[{"href":"https:\/\/www.interaccionnoticias.com.mx\/index.php?rest_route=\/wp\/v2\/types\/post"}],"author":[{"embeddable":true,"href":"https:\/\/www.interaccionnoticias.com.mx\/index.php?rest_route=\/wp\/v2\/users\/21"}],"replies":[{"embeddable":true,"href":"https:\/\/www.interaccionnoticias.com.mx\/index.php?rest_route=%2Fwp%2Fv2%2Fcomments&post=46409"}],"version-history":[{"count":2,"href":"https:\/\/www.interaccionnoticias.com.mx\/index.php?rest_route=\/wp\/v2\/posts\/46409\/revisions"}],"predecessor-version":[{"id":46411,"href":"https:\/\/www.interaccionnoticias.com.mx\/index.php?rest_route=\/wp\/v2\/posts\/46409\/revisions\/46411"}],"wp:featuredmedia":[{"embeddable":true,"href":"https:\/\/www.interaccionnoticias.com.mx\/index.php?rest_route=\/wp\/v2\/media\/46224"}],"wp:attachment":[{"href":"https:\/\/www.interaccionnoticias.com.mx\/index.php?rest_route=%2Fwp%2Fv2%2Fmedia&parent=46409"}],"wp:term":[{"taxonomy":"category","embeddable":true,"href":"https:\/\/www.interaccionnoticias.com.mx\/index.php?rest_route=%2Fwp%2Fv2%2Fcategories&post=46409"},{"taxonomy":"post_tag","embeddable":true,"href":"https:\/\/www.interaccionnoticias.com.mx\/index.php?rest_route=%2Fwp%2Fv2%2Ftags&post=46409"}],"curies":[{"name":"wp","href":"https:\/\/api.w.org\/{rel}","templated":true}]}}