{"id":4639,"date":"2017-05-25T20:52:03","date_gmt":"2017-05-26T01:52:03","guid":{"rendered":"http:\/\/www.inter-accion.com.mx\/?p=4639"},"modified":"2017-05-25T20:52:03","modified_gmt":"2017-05-26T01:52:03","slug":"tres-ex-mandos-policiacos-de-zihuatanejo-al-cefereso-de-nayarit","status":"publish","type":"post","link":"https:\/\/www.interaccionnoticias.com.mx\/?p=4639","title":{"rendered":"Tres ex mandos polic\u00edacos de Zihuatanejo, al Cefereso de Nayarit"},"content":{"rendered":"<p><strong>17 ex polic\u00edas al penal de m\u00e1xima seguridad en Oaxaca<\/strong><br \/>\nTres ex mandos operativos de la Direcci\u00f3n de Seguridad P\u00fablica y Vialidad del municipio de Zihuatanejo, fueron trasladados al Centro Federal de Reinserci\u00f3n Social (CEFERESO) de Nayarit.<br \/>\nEn tanto, los 17 ahora ex elementos de la polic\u00eda municipal quedaron recluidos en la c\u00e1rcel federal de Miahuatl\u00e1n en Oaxaca.<br \/>\nDe acuerdo con la resoluci\u00f3n emitida por el juzgado de distrito del Poder Judicial de la Federaci\u00f3n, se orden\u00f3 el traslado de ex elementos de Seguridad P\u00fablica de Zihuatanejo a las c\u00e1rceles federales de Oaxaca y Nayarit como una medida cautelar y para preservar su integridad.<br \/>\nLos 20 ex servidores p\u00fablicos resultaron indiciados por delitos federales, entre ellos: delincuencia organizada, portaci\u00f3n de armas de uso exclusivo del Ej\u00e9rcito Mexicano y Fuerzas Armadas, as\u00ed como cartuchos \u00fatiles.<br \/>\nAyer luego de haberlos trasladados del puerto de Acapulco al estado de Oaxaca, se hab\u00eda determinado que ex coordinador de Seguridad Publica Javier Cisneros Galeana; V\u00edctor \u201cB\u201d, ex subdirector y el primer ex comandante de Zihuatanejo, ser\u00edan enviados al Cefereso de Tepic, en Nayarit.<\/p>\n","protected":false},"excerpt":{"rendered":"<p>17 ex polic\u00edas al penal de m\u00e1xima seguridad en Oaxaca Tres ex mandos operativos de la Direcci\u00f3n de Seguridad P\u00fablica y Vialidad del municipio de Zihuatanejo, fueron trasladados al Centro&hellip; <\/p>\n","protected":false},"author":1,"featured_media":0,"comment_status":"closed","ping_status":"open","sticky":false,"template":"","format":"standard","meta":{"fifu_image_url":"","fifu_image_alt":"","footnotes":""},"categories":[8,27],"tags":[],"class_list":["post-4639","post","type-post","status-publish","format-standard","hentry","category-featured","category-seguridad-publica"],"_links":{"self":[{"href":"https:\/\/www.interaccionnoticias.com.mx\/index.php?rest_route=\/wp\/v2\/posts\/4639","targetHints":{"allow":["GET"]}}],"collection":[{"href":"https:\/\/www.interaccionnoticias.com.mx\/index.php?rest_route=\/wp\/v2\/posts"}],"about":[{"href":"https:\/\/www.interaccionnoticias.com.mx\/index.php?rest_route=\/wp\/v2\/types\/post"}],"author":[{"embeddable":true,"href":"https:\/\/www.interaccionnoticias.com.mx\/index.php?rest_route=\/wp\/v2\/users\/1"}],"replies":[{"embeddable":true,"href":"https:\/\/www.interaccionnoticias.com.mx\/index.php?rest_route=%2Fwp%2Fv2%2Fcomments&post=4639"}],"version-history":[{"count":0,"href":"https:\/\/www.interaccionnoticias.com.mx\/index.php?rest_route=\/wp\/v2\/posts\/4639\/revisions"}],"wp:attachment":[{"href":"https:\/\/www.interaccionnoticias.com.mx\/index.php?rest_route=%2Fwp%2Fv2%2Fmedia&parent=4639"}],"wp:term":[{"taxonomy":"category","embeddable":true,"href":"https:\/\/www.interaccionnoticias.com.mx\/index.php?rest_route=%2Fwp%2Fv2%2Fcategories&post=4639"},{"taxonomy":"post_tag","embeddable":true,"href":"https:\/\/www.interaccionnoticias.com.mx\/index.php?rest_route=%2Fwp%2Fv2%2Ftags&post=4639"}],"curies":[{"name":"wp","href":"https:\/\/api.w.org\/{rel}","templated":true}]}}