{"id":46176,"date":"2022-06-06T13:02:02","date_gmt":"2022-06-06T18:02:02","guid":{"rendered":"https:\/\/interaccionnoticias.com.mx\/?p=46176"},"modified":"2022-06-06T13:02:07","modified_gmt":"2022-06-06T18:02:07","slug":"amlo-no-dio-los-resultados-que-prometio-en-el-caso-de-los-43","status":"publish","type":"post","link":"https:\/\/www.interaccionnoticias.com.mx\/?p=46176","title":{"rendered":"AMLO no dio los resultados que prometi\u00f3 en el caso de los 43"},"content":{"rendered":"\n<p><strong><em>Jes\u00fas Dorantes<\/em><\/strong><\/p>\n\n\n\n<p><strong>Chilpancingo, Gro.- <\/strong>En el marco del inicio de la jornada de lucha \u00ab26 de septiembre no se olvida\u00bb, los padres de lo 43 acusaron al presidente Andr\u00e9s Manuel L\u00f3pez Obrador de no dar ning\u00fan resultado sobre el caso Ayotzinapa en lo que de su administraci\u00f3n.<\/p>\n\n\n\n<p>Como parte del arranque de la jornada de lucha de 10 d\u00edas que se realizar\u00e1 para exigir la presentaci\u00f3n con vida de los 43 estudiantes de Ayotzinapa, el padre y vocero Meliton Ortega Jim\u00e9nez advirti\u00f3 que las movilizaciones se reactivaron ante la falta de respuesta de las autoridades.<\/p>\n\n\n\n<p>El vocero de los padres asegur\u00f3 que el gobierno conocido como de la cuarta transformaci\u00f3n intenta no profundizar en el tema de los desaparecidos, adem\u00e1s de que contin\u00faa la protecci\u00f3n a instituciones como los es el Ej\u00e9rcito Mexicano que tuvo participaci\u00f3n en los hechos que ocurrieron desde hace siete a\u00f1os ocho meses.<\/p>\n\n\n\n<p>Dentro de el arranque de la nueva jornada y en reconocimiento a los estudiantes ca\u00eddos fue colocada una ofrenda floral en el monumento a los \u00abM\u00e1rtires de 1960\u00bb, debido que al igual que sus hijos fueron v\u00edctimas de la represi\u00f3n a violencia por parte de corporaciones de seguridad.<\/p>\n","protected":false},"excerpt":{"rendered":"<p>Jes\u00fas Dorantes Chilpancingo, Gro.- En el marco del inicio de la jornada de lucha \u00ab26 de septiembre no se olvida\u00bb, los padres de lo 43 acusaron al presidente Andr\u00e9s Manuel&hellip; <\/p>\n","protected":false},"author":8,"featured_media":46177,"comment_status":"open","ping_status":"open","sticky":false,"template":"","format":"standard","meta":{"fifu_image_url":"","fifu_image_alt":"","footnotes":""},"categories":[15],"tags":[],"class_list":["post-46176","post","type-post","status-publish","format-standard","has-post-thumbnail","hentry","category-movimientos-sociales"],"_links":{"self":[{"href":"https:\/\/www.interaccionnoticias.com.mx\/index.php?rest_route=\/wp\/v2\/posts\/46176","targetHints":{"allow":["GET"]}}],"collection":[{"href":"https:\/\/www.interaccionnoticias.com.mx\/index.php?rest_route=\/wp\/v2\/posts"}],"about":[{"href":"https:\/\/www.interaccionnoticias.com.mx\/index.php?rest_route=\/wp\/v2\/types\/post"}],"author":[{"embeddable":true,"href":"https:\/\/www.interaccionnoticias.com.mx\/index.php?rest_route=\/wp\/v2\/users\/8"}],"replies":[{"embeddable":true,"href":"https:\/\/www.interaccionnoticias.com.mx\/index.php?rest_route=%2Fwp%2Fv2%2Fcomments&post=46176"}],"version-history":[{"count":1,"href":"https:\/\/www.interaccionnoticias.com.mx\/index.php?rest_route=\/wp\/v2\/posts\/46176\/revisions"}],"predecessor-version":[{"id":46178,"href":"https:\/\/www.interaccionnoticias.com.mx\/index.php?rest_route=\/wp\/v2\/posts\/46176\/revisions\/46178"}],"wp:featuredmedia":[{"embeddable":true,"href":"https:\/\/www.interaccionnoticias.com.mx\/index.php?rest_route=\/wp\/v2\/media\/46177"}],"wp:attachment":[{"href":"https:\/\/www.interaccionnoticias.com.mx\/index.php?rest_route=%2Fwp%2Fv2%2Fmedia&parent=46176"}],"wp:term":[{"taxonomy":"category","embeddable":true,"href":"https:\/\/www.interaccionnoticias.com.mx\/index.php?rest_route=%2Fwp%2Fv2%2Fcategories&post=46176"},{"taxonomy":"post_tag","embeddable":true,"href":"https:\/\/www.interaccionnoticias.com.mx\/index.php?rest_route=%2Fwp%2Fv2%2Ftags&post=46176"}],"curies":[{"name":"wp","href":"https:\/\/api.w.org\/{rel}","templated":true}]}}