{"id":46156,"date":"2022-06-06T10:28:52","date_gmt":"2022-06-06T15:28:52","guid":{"rendered":"https:\/\/interaccionnoticias.com.mx\/?p=46156"},"modified":"2022-06-06T10:28:57","modified_gmt":"2022-06-06T15:28:57","slug":"asesinan-a-un-hombre-en-acapulco-4","status":"publish","type":"post","link":"https:\/\/www.interaccionnoticias.com.mx\/?p=46156","title":{"rendered":"Asesinan a un hombre en Acapulco"},"content":{"rendered":"\n<p>\u2014 Le disparan en varias ocasiones<\/p>\n\n\n\n<p>Javier Trujillo<\/p>\n\n\n\n<p>Acapulco, Gro. &#8211; De varios impactos de arma de fuego, esta ma\u00f1ana fue privado de la vida un hombre, a inmediaciones del Mercado Central \u00abUn nuevo horizonte\u00bb, ubicado en la zona urbana del puerto de Acapulco.<br>Los hechos ocurrieron alrededor de las 08:00 horas, en la calle 2 de Agosto, en la populosa colonia Progreso, cuando la v\u00edctima aparentemente estaba realizando algunas compras y las sub\u00eda a bordo de una camioneta marca Nissan tipo Urvan, blanca.<br>El cuerpo de la v\u00edctima qued\u00f3 en la calle y de acuerdo con testigos, as\u00ed permaneci\u00f3 por varios minutos.<br>Fue m\u00e1s tarde que al lugar acudieron elementos de diferentes corporaciones policiales y de seguridad que acordonaron la escena del crimen.<br>Hasta el momento se desconocen las causas del hecho de violencia y el hombre asesinado, esta en calidad de desconocido.<br>Al lugar del homicidio, lleg\u00f3 personal de Servicios Periciales, quienes realizaron las diligencias y posteriormente el Servicio M\u00e9dico Forense realiz\u00f3 el levantamiento cad\u00e1verico.<\/p>\n","protected":false},"excerpt":{"rendered":"<p>\u2014 Le disparan en varias ocasiones Javier Trujillo Acapulco, Gro. &#8211; De varios impactos de arma de fuego, esta ma\u00f1ana fue privado de la vida un hombre, a inmediaciones del&hellip; <\/p>\n","protected":false},"author":3,"featured_media":46157,"comment_status":"open","ping_status":"open","sticky":false,"template":"","format":"standard","meta":{"fifu_image_url":"","fifu_image_alt":"","footnotes":""},"categories":[27],"tags":[],"class_list":["post-46156","post","type-post","status-publish","format-standard","has-post-thumbnail","hentry","category-seguridad-publica"],"_links":{"self":[{"href":"https:\/\/www.interaccionnoticias.com.mx\/index.php?rest_route=\/wp\/v2\/posts\/46156","targetHints":{"allow":["GET"]}}],"collection":[{"href":"https:\/\/www.interaccionnoticias.com.mx\/index.php?rest_route=\/wp\/v2\/posts"}],"about":[{"href":"https:\/\/www.interaccionnoticias.com.mx\/index.php?rest_route=\/wp\/v2\/types\/post"}],"author":[{"embeddable":true,"href":"https:\/\/www.interaccionnoticias.com.mx\/index.php?rest_route=\/wp\/v2\/users\/3"}],"replies":[{"embeddable":true,"href":"https:\/\/www.interaccionnoticias.com.mx\/index.php?rest_route=%2Fwp%2Fv2%2Fcomments&post=46156"}],"version-history":[{"count":1,"href":"https:\/\/www.interaccionnoticias.com.mx\/index.php?rest_route=\/wp\/v2\/posts\/46156\/revisions"}],"predecessor-version":[{"id":46158,"href":"https:\/\/www.interaccionnoticias.com.mx\/index.php?rest_route=\/wp\/v2\/posts\/46156\/revisions\/46158"}],"wp:featuredmedia":[{"embeddable":true,"href":"https:\/\/www.interaccionnoticias.com.mx\/index.php?rest_route=\/wp\/v2\/media\/46157"}],"wp:attachment":[{"href":"https:\/\/www.interaccionnoticias.com.mx\/index.php?rest_route=%2Fwp%2Fv2%2Fmedia&parent=46156"}],"wp:term":[{"taxonomy":"category","embeddable":true,"href":"https:\/\/www.interaccionnoticias.com.mx\/index.php?rest_route=%2Fwp%2Fv2%2Fcategories&post=46156"},{"taxonomy":"post_tag","embeddable":true,"href":"https:\/\/www.interaccionnoticias.com.mx\/index.php?rest_route=%2Fwp%2Fv2%2Ftags&post=46156"}],"curies":[{"name":"wp","href":"https:\/\/api.w.org\/{rel}","templated":true}]}}