{"id":46145,"date":"2022-06-05T19:32:26","date_gmt":"2022-06-06T00:32:26","guid":{"rendered":"https:\/\/interaccionnoticias.com.mx\/?p=46145"},"modified":"2022-06-05T19:32:30","modified_gmt":"2022-06-06T00:32:30","slug":"reporta-fge-como-desaparecidas-a-tres-personas-en-la-montana","status":"publish","type":"post","link":"https:\/\/www.interaccionnoticias.com.mx\/?p=46145","title":{"rendered":"Reporta FGE como desaparecidas a tres personas en la Monta\u00f1a"},"content":{"rendered":"\n<p><strong><em>&#8212; Se trata de una mujer y dos menores de edad, en los municipios de Tlapa y Alpoyecas<\/em><\/strong><\/p>\n\n\n\n<p><strong>Rogelio Agust\u00edn<\/strong><\/p>\n\n\n\n<p>La Fiscal\u00eda General del Estado (FGE) difundi\u00f3 la ficha de b\u00fasqueda de tres personas, una mujer y dos menores de edad de los municipios de Tlapa y Alpoyeca, en la Monta\u00f1a de Guerrero.<\/p>\n\n\n\n<p>Hasta el cierre de este domingo, la FGE ten\u00eda reportada como desaparecida a la se\u00f1ora Anay Ortega Pe\u00f1a, de 34 a\u00f1os de edad, originaria de zacualpan, municipio de Tlapa de Comonfort, en la regi\u00f3n Monta\u00f1a.<\/p>\n\n\n\n<p>A la se\u00f1ora Anay se le mir\u00f3 por \u00faltima vez el 1 de junio, en la ficha no se aporta la vestimenta que llevaba puesta el d\u00eda en que se perdi\u00f3 el contacto con ella, pero se anotra que tiene el cabello negro, lacio, ojos caf\u00e9 obscuros y mide 1 48 de estatura.<\/p>\n\n\n\n<p>Otro desaparecido es Kevyn Leonel Jim\u00e9nez Ortega, de 14 a\u00f1os de edad y originario de Tlapa, de quien tambi\u00e9n se perdi\u00f3 el contacto el pasado 1 de junio.<\/p>\n\n\n\n<p>Kevyn Leonel es delgado, su cabello es negro y lacio.<\/p>\n\n\n\n<p>Pese a la similitud de los datos con la se\u00f1ora Anay, en los reportes no se establece si existe un paerentesco entre ellos, a pesar de que viven en la misma ciudad y desaparecieron el mismo d\u00eda.<\/p>\n\n\n\n<p>El tercer reporte corresponde a la menor Nayeli Perez Leal, de 15 a\u00f1os, quien vive en Ixcateopan, comunidad perteneciente al municipio de alpoyeca, ubicado tambi\u00e9n en la regi\u00f3n Monta\u00f1a.<\/p>\n\n\n\n<p>El reporte del \u00faltimo contacto visual con Nayeli es del 3 de junio pasado, se le observ\u00f3 vistiendo un shorto color negro de mezclilla, usaba tambien una blusa color blanca con rayas negras horizontales, adem\u00e1s calzaba tenis negro con rojo.<\/p>\n\n\n\n<figure class=\"wp-block-gallery columns-3 is-cropped wp-block-gallery-1 is-layout-flex wp-block-gallery-is-layout-flex\"><ul class=\"blocks-gallery-grid\"><li class=\"blocks-gallery-item\"><figure><img decoding=\"async\" src=\"data:image\/gif;base64,R0lGODlhAQABAIAAAAAAAP\/\/\/ywAAAAAAQABAAACAUwAOw==\" fifu-lazy=\"1\" fifu-data-sizes=\"auto\" fifu-data-srcset=\"https:\/\/i2.wp.com\/interaccionnoticias.com.mx\/wp-content\/uploads\/2022\/06\/220605-desaparecidas-1-791x1024.jpeg?ssl=1&w=75&resize=75&ssl=1 75w, https:\/\/i2.wp.com\/interaccionnoticias.com.mx\/wp-content\/uploads\/2022\/06\/220605-desaparecidas-1-791x1024.jpeg?ssl=1&w=100&resize=100&ssl=1 100w, https:\/\/i2.wp.com\/interaccionnoticias.com.mx\/wp-content\/uploads\/2022\/06\/220605-desaparecidas-1-791x1024.jpeg?ssl=1&w=150&resize=150&ssl=1 150w, https:\/\/i2.wp.com\/interaccionnoticias.com.mx\/wp-content\/uploads\/2022\/06\/220605-desaparecidas-1-791x1024.jpeg?ssl=1&w=240&resize=240&ssl=1 240w, https:\/\/i2.wp.com\/interaccionnoticias.com.mx\/wp-content\/uploads\/2022\/06\/220605-desaparecidas-1-791x1024.jpeg?ssl=1&w=320&resize=320&ssl=1 320w, https:\/\/i2.wp.com\/interaccionnoticias.com.mx\/wp-content\/uploads\/2022\/06\/220605-desaparecidas-1-791x1024.jpeg?ssl=1&w=500&resize=500&ssl=1 500w, https:\/\/i2.wp.com\/interaccionnoticias.com.mx\/wp-content\/uploads\/2022\/06\/220605-desaparecidas-1-791x1024.jpeg?ssl=1&w=640&resize=640&ssl=1 640w, https:\/\/i2.wp.com\/interaccionnoticias.com.mx\/wp-content\/uploads\/2022\/06\/220605-desaparecidas-1-791x1024.jpeg?ssl=1&w=800&resize=800&ssl=1 800w, https:\/\/i2.wp.com\/interaccionnoticias.com.mx\/wp-content\/uploads\/2022\/06\/220605-desaparecidas-1-791x1024.jpeg?ssl=1&w=1024&resize=1024&ssl=1 1024w, https:\/\/i2.wp.com\/interaccionnoticias.com.mx\/wp-content\/uploads\/2022\/06\/220605-desaparecidas-1-791x1024.jpeg?ssl=1&w=1280&resize=1280&ssl=1 1280w, https:\/\/i2.wp.com\/interaccionnoticias.com.mx\/wp-content\/uploads\/2022\/06\/220605-desaparecidas-1-791x1024.jpeg?ssl=1&w=1600&resize=1600&ssl=1 1600w\" fifu-data-src=\"https:\/\/i2.wp.com\/interaccionnoticias.com.mx\/wp-content\/uploads\/2022\/06\/220605-desaparecidas-1-791x1024.jpeg?ssl=1\" alt=\"\" data-id=\"46147\" data-full-url=\"https:\/\/interaccionnoticias.com.mx\/wp-content\/uploads\/2022\/06\/220605-desaparecidas-1.jpeg\" data-link=\"https:\/\/interaccionnoticias.com.mx\/?attachment_id=46147\" class=\"wp-image-46147\"\/><\/figure><\/li><li class=\"blocks-gallery-item\"><figure><img decoding=\"async\" src=\"data:image\/gif;base64,R0lGODlhAQABAIAAAAAAAP\/\/\/ywAAAAAAQABAAACAUwAOw==\" fifu-lazy=\"1\" fifu-data-sizes=\"auto\" fifu-data-srcset=\"https:\/\/i1.wp.com\/interaccionnoticias.com.mx\/wp-content\/uploads\/2022\/06\/220605-desaparecidas-2-794x1024.jpeg?ssl=1&w=75&resize=75&ssl=1 75w, https:\/\/i1.wp.com\/interaccionnoticias.com.mx\/wp-content\/uploads\/2022\/06\/220605-desaparecidas-2-794x1024.jpeg?ssl=1&w=100&resize=100&ssl=1 100w, https:\/\/i1.wp.com\/interaccionnoticias.com.mx\/wp-content\/uploads\/2022\/06\/220605-desaparecidas-2-794x1024.jpeg?ssl=1&w=150&resize=150&ssl=1 150w, https:\/\/i1.wp.com\/interaccionnoticias.com.mx\/wp-content\/uploads\/2022\/06\/220605-desaparecidas-2-794x1024.jpeg?ssl=1&w=240&resize=240&ssl=1 240w, https:\/\/i1.wp.com\/interaccionnoticias.com.mx\/wp-content\/uploads\/2022\/06\/220605-desaparecidas-2-794x1024.jpeg?ssl=1&w=320&resize=320&ssl=1 320w, https:\/\/i1.wp.com\/interaccionnoticias.com.mx\/wp-content\/uploads\/2022\/06\/220605-desaparecidas-2-794x1024.jpeg?ssl=1&w=500&resize=500&ssl=1 500w, https:\/\/i1.wp.com\/interaccionnoticias.com.mx\/wp-content\/uploads\/2022\/06\/220605-desaparecidas-2-794x1024.jpeg?ssl=1&w=640&resize=640&ssl=1 640w, https:\/\/i1.wp.com\/interaccionnoticias.com.mx\/wp-content\/uploads\/2022\/06\/220605-desaparecidas-2-794x1024.jpeg?ssl=1&w=800&resize=800&ssl=1 800w, https:\/\/i1.wp.com\/interaccionnoticias.com.mx\/wp-content\/uploads\/2022\/06\/220605-desaparecidas-2-794x1024.jpeg?ssl=1&w=1024&resize=1024&ssl=1 1024w, https:\/\/i1.wp.com\/interaccionnoticias.com.mx\/wp-content\/uploads\/2022\/06\/220605-desaparecidas-2-794x1024.jpeg?ssl=1&w=1280&resize=1280&ssl=1 1280w, https:\/\/i1.wp.com\/interaccionnoticias.com.mx\/wp-content\/uploads\/2022\/06\/220605-desaparecidas-2-794x1024.jpeg?ssl=1&w=1600&resize=1600&ssl=1 1600w\" fifu-data-src=\"https:\/\/i1.wp.com\/interaccionnoticias.com.mx\/wp-content\/uploads\/2022\/06\/220605-desaparecidas-2-794x1024.jpeg?ssl=1\" alt=\"\" data-id=\"46148\" data-full-url=\"https:\/\/interaccionnoticias.com.mx\/wp-content\/uploads\/2022\/06\/220605-desaparecidas-2.jpeg\" data-link=\"https:\/\/interaccionnoticias.com.mx\/?attachment_id=46148\" class=\"wp-image-46148\"\/><\/figure><\/li><li class=\"blocks-gallery-item\"><figure><img decoding=\"async\" src=\"data:image\/gif;base64,R0lGODlhAQABAIAAAAAAAP\/\/\/ywAAAAAAQABAAACAUwAOw==\" fifu-lazy=\"1\" fifu-data-sizes=\"auto\" fifu-data-srcset=\"https:\/\/i3.wp.com\/interaccionnoticias.com.mx\/wp-content\/uploads\/2022\/06\/220605-desaparecidas-3-800x1024.jpeg?ssl=1&w=75&resize=75&ssl=1 75w, https:\/\/i3.wp.com\/interaccionnoticias.com.mx\/wp-content\/uploads\/2022\/06\/220605-desaparecidas-3-800x1024.jpeg?ssl=1&w=100&resize=100&ssl=1 100w, https:\/\/i3.wp.com\/interaccionnoticias.com.mx\/wp-content\/uploads\/2022\/06\/220605-desaparecidas-3-800x1024.jpeg?ssl=1&w=150&resize=150&ssl=1 150w, https:\/\/i3.wp.com\/interaccionnoticias.com.mx\/wp-content\/uploads\/2022\/06\/220605-desaparecidas-3-800x1024.jpeg?ssl=1&w=240&resize=240&ssl=1 240w, https:\/\/i3.wp.com\/interaccionnoticias.com.mx\/wp-content\/uploads\/2022\/06\/220605-desaparecidas-3-800x1024.jpeg?ssl=1&w=320&resize=320&ssl=1 320w, https:\/\/i3.wp.com\/interaccionnoticias.com.mx\/wp-content\/uploads\/2022\/06\/220605-desaparecidas-3-800x1024.jpeg?ssl=1&w=500&resize=500&ssl=1 500w, https:\/\/i3.wp.com\/interaccionnoticias.com.mx\/wp-content\/uploads\/2022\/06\/220605-desaparecidas-3-800x1024.jpeg?ssl=1&w=640&resize=640&ssl=1 640w, https:\/\/i3.wp.com\/interaccionnoticias.com.mx\/wp-content\/uploads\/2022\/06\/220605-desaparecidas-3-800x1024.jpeg?ssl=1&w=800&resize=800&ssl=1 800w, https:\/\/i3.wp.com\/interaccionnoticias.com.mx\/wp-content\/uploads\/2022\/06\/220605-desaparecidas-3-800x1024.jpeg?ssl=1&w=1024&resize=1024&ssl=1 1024w, https:\/\/i3.wp.com\/interaccionnoticias.com.mx\/wp-content\/uploads\/2022\/06\/220605-desaparecidas-3-800x1024.jpeg?ssl=1&w=1280&resize=1280&ssl=1 1280w, https:\/\/i3.wp.com\/interaccionnoticias.com.mx\/wp-content\/uploads\/2022\/06\/220605-desaparecidas-3-800x1024.jpeg?ssl=1&w=1600&resize=1600&ssl=1 1600w\" fifu-data-src=\"https:\/\/i3.wp.com\/interaccionnoticias.com.mx\/wp-content\/uploads\/2022\/06\/220605-desaparecidas-3-800x1024.jpeg?ssl=1\" alt=\"\" data-id=\"46149\" data-full-url=\"https:\/\/interaccionnoticias.com.mx\/wp-content\/uploads\/2022\/06\/220605-desaparecidas-3.jpeg\" data-link=\"https:\/\/interaccionnoticias.com.mx\/?attachment_id=46149\" class=\"wp-image-46149\"\/><\/figure><\/li><\/ul><\/figure>\n","protected":false},"excerpt":{"rendered":"<p>&#8212; Se trata de una mujer y dos menores de edad, en los municipios de Tlapa y Alpoyecas Rogelio Agust\u00edn La Fiscal\u00eda General del Estado (FGE) difundi\u00f3 la ficha de&hellip; <\/p>\n","protected":false},"author":21,"featured_media":46146,"comment_status":"open","ping_status":"open","sticky":false,"template":"","format":"standard","meta":{"fifu_image_url":"","fifu_image_alt":"","footnotes":""},"categories":[27],"tags":[],"class_list":["post-46145","post","type-post","status-publish","format-standard","has-post-thumbnail","hentry","category-seguridad-publica"],"_links":{"self":[{"href":"https:\/\/www.interaccionnoticias.com.mx\/index.php?rest_route=\/wp\/v2\/posts\/46145","targetHints":{"allow":["GET"]}}],"collection":[{"href":"https:\/\/www.interaccionnoticias.com.mx\/index.php?rest_route=\/wp\/v2\/posts"}],"about":[{"href":"https:\/\/www.interaccionnoticias.com.mx\/index.php?rest_route=\/wp\/v2\/types\/post"}],"author":[{"embeddable":true,"href":"https:\/\/www.interaccionnoticias.com.mx\/index.php?rest_route=\/wp\/v2\/users\/21"}],"replies":[{"embeddable":true,"href":"https:\/\/www.interaccionnoticias.com.mx\/index.php?rest_route=%2Fwp%2Fv2%2Fcomments&post=46145"}],"version-history":[{"count":1,"href":"https:\/\/www.interaccionnoticias.com.mx\/index.php?rest_route=\/wp\/v2\/posts\/46145\/revisions"}],"predecessor-version":[{"id":46150,"href":"https:\/\/www.interaccionnoticias.com.mx\/index.php?rest_route=\/wp\/v2\/posts\/46145\/revisions\/46150"}],"wp:featuredmedia":[{"embeddable":true,"href":"https:\/\/www.interaccionnoticias.com.mx\/index.php?rest_route=\/wp\/v2\/media\/46146"}],"wp:attachment":[{"href":"https:\/\/www.interaccionnoticias.com.mx\/index.php?rest_route=%2Fwp%2Fv2%2Fmedia&parent=46145"}],"wp:term":[{"taxonomy":"category","embeddable":true,"href":"https:\/\/www.interaccionnoticias.com.mx\/index.php?rest_route=%2Fwp%2Fv2%2Fcategories&post=46145"},{"taxonomy":"post_tag","embeddable":true,"href":"https:\/\/www.interaccionnoticias.com.mx\/index.php?rest_route=%2Fwp%2Fv2%2Ftags&post=46145"}],"curies":[{"name":"wp","href":"https:\/\/api.w.org\/{rel}","templated":true}]}}