{"id":46115,"date":"2022-06-05T16:17:54","date_gmt":"2022-06-05T21:17:54","guid":{"rendered":"https:\/\/interaccionnoticias.com.mx\/?p=46115"},"modified":"2022-06-05T16:17:59","modified_gmt":"2022-06-05T21:17:59","slug":"indigenas-de-chilpancingo-exigen-a-norma-otilia-la-devolucion-del-baston-de-mando","status":"publish","type":"post","link":"https:\/\/www.interaccionnoticias.com.mx\/?p=46115","title":{"rendered":"Ind\u00edgenas de Chilpancingo exigen a Norma Otilia la devoluci\u00f3n del Bast\u00f3n de Mando"},"content":{"rendered":"\n<p><strong><em>&#8212; Por no cumplir acuerdos pactados en el inicio de su mandato<\/em><\/strong><\/p>\n\n\n\n<p><strong>Rosario Garc\u00eda Orozco<\/strong><\/p>\n\n\n\n<p><strong>Chilpancingo, Gro., 4 de junio del 2022.-<\/strong> Ind\u00edgenas de Chilpancingo exigieron a la alcaldesa Norma Otilia Hern\u00e1ndez Mart\u00ednez la devoluci\u00f3n del Bast\u00f3n de Mando, que le fue entregado al inicio de su administraci\u00f3n, por \u00abno mostrar congruencia, reciprocidad y cumplimiento de acuerdos pol\u00edticos con los integrantes de ese sector,\u00bb y en rechazo a la convocatoria \u00abunilateral\u00bb , emitida por el ayuntamiento para la titularidad de la Direcci\u00f3n de Vinculaci\u00f3n y Atenci\u00f3n a los Asuntos Ind\u00edgenas.<\/p>\n\n\n\n<p>Los integrantes de los grupos ind\u00edgenas de la capital, representados por el ex diputado federal, Carlos de Jes\u00fas Alejandro, que conforman el Foro Plurinacional Ind\u00edgena y Afromexicano de Chilpancingo explicaron que en diversas ocasiones han solicitado ser atendidos por la alcaldesa Norma Otilia Hern\u00e1ndez, pero no han sido recibidos, de tal manera que no ha sido posible avanzar en los acuerdos pactados, \u00aby tom\u00f3 decisiones unilaterales al publicar una convocatoria y aprobar un decreto de creaci\u00f3n de una direcci\u00f3n que no reconce a los sujetos de derecho, sin autonom\u00eda administrativa ni presupuestal, subordinada a una Secretar\u00eda que pretende dar trato de grupo vulnerable\u00bb.<\/p>\n\n\n\n<p>En conferencia de prensa, Carlos de Jes\u00fas Alejandro record\u00f3 que en campa\u00f1a, como presidenta electa y el d\u00eda de su toma de protesta oficial como Presidenta Municipal del Ayutamiento de Chilpancingo de los Bravo, Norma Otilia Hern\u00e1ndez Mart\u00ednez se comprometi\u00f3 hacer suya la agenda, demandas y la iniciativa de crear dentro del Ayuntamiento un \u00e1rea institucional de nivel, con estructura organizacional, atribuciones, facultades y presupuesto digno y suficiente para la vigencia de los derechos y el desarrollo de los pueblos ind\u00edgenas y afromexicano residentes en el muncipio, a propuesta y consensada por los integrantes del FORO.<\/p>\n\n\n\n<p>Tambi\u00e9n se hizo menci\u00f3n de que el pasado 29 de septiembre, en el \u201cacto solemne de Entrega de Bast\u00f3n de Mando\u201d, realizada en la comunidad de Tepoxtiapan con la presencia de los 4 pueblos ind\u00edgenas Nahua, \u00d1u Savi, Me\u2019phaa, \u00d1omndaa y el pueblo Afromexicano, e integrantes del FORO, la Presidenta Municipal ratific\u00f3 un gran pacto social entre su administraci\u00f3n con dichos pueblos residentes en el municipio de Chilpancingo, para reivindicar su lucha hist\u00f3rica y milenaria, y reconocer por primera vez, la composici\u00f3n multicultural, multiligue y pluri\u00e9tnica de la capital del estado.<\/p>\n\n\n\n<p>Los representantes, de los cerca de 60 mil ind\u00edgenas radicados en Chilpancingo, lamentaron que a pesar de esos compromisos asumidos con los grupos \u00e9tnicos, se publicara dicha convocatoria -por cierto no en la p\u00e1gina oficial del Ayuntamiento, sino en la p\u00e1gina personal de Facebook de la Secretaria General-, tras la aprobaci\u00f3n de un decreto de creaci\u00f3n de esa \u00e1rea contrario a la propuesta presentada por el FORO y contraviniendo los acuerdos p\u00fablicos de ambas partes, y sin realizar una consulta.<\/p>\n\n\n\n<p>Denunciaron que la convocatoria establece tambi\u00e9n requisitos discriminatorios, pues exige poseer titulo y c\u00e9dula profesional; y no haber sido dirigente de partido pol\u00edtico ni postulado a cargo de elecci\u00f3n popular dentro de los 3 a\u00f1os anteriores, \u00abcomo si se tratara de seleccionar a un magistrado o consejero electoral, requisitos que s\u00f3lo son aplicables para esta direcci\u00f3n y no as\u00ed a las dem\u00e1s \u00e1eas directivas del Ayuntamiento\u00bb, lo que calificaron como inequitativo.<\/p>\n\n\n\n<p>Por esa raz\u00f3n, los integrantes del Foro rechazaron la creaci\u00f3n de dicha direcci\u00f3n, as\u00ed como el decreto de creaci\u00f3n de esa \u00e1rea, e insistieron que es \u00abinequitativo, injusto y discriminatorio\u00bb, por ello es que \u00abdecidimos los integrantes de este Foro no avalar a ning\u00fan hermano que se haya registrado de manera personal, aunque respetamos su decisi\u00f3n legitima de aspirar a un cargo p\u00fablico\u00bb.<\/p>\n\n\n\n<p>Condenaron el uso \u201celectorero y de folklor que la autoridad municipal imprime al tema de los pueblos ind\u00edgenas y afromexicanos residentes en esta ciudad capital, que lamentablemente seguir\u00e1 siendo la ciudad de la exclusi\u00f3n, invisibilizaci\u00f3n y discriminaci\u00f3n, no obstante su gran mosaico cultural\u00bb.<\/p>\n\n\n\n<figure class=\"wp-block-gallery columns-2 is-cropped wp-block-gallery-1 is-layout-flex wp-block-gallery-is-layout-flex\"><ul class=\"blocks-gallery-grid\"><li class=\"blocks-gallery-item\"><figure><img decoding=\"async\" src=\"data:image\/gif;base64,R0lGODlhAQABAIAAAAAAAP\/\/\/ywAAAAAAQABAAACAUwAOw==\" fifu-lazy=\"1\" fifu-data-sizes=\"auto\" fifu-data-srcset=\"https:\/\/i0.wp.com\/interaccionnoticias.com.mx\/wp-content\/uploads\/2022\/06\/220605-Indigenas-de-Chilpancingo-2-1024x683.jpeg?ssl=1&w=75&resize=75&ssl=1 75w, https:\/\/i0.wp.com\/interaccionnoticias.com.mx\/wp-content\/uploads\/2022\/06\/220605-Indigenas-de-Chilpancingo-2-1024x683.jpeg?ssl=1&w=100&resize=100&ssl=1 100w, https:\/\/i0.wp.com\/interaccionnoticias.com.mx\/wp-content\/uploads\/2022\/06\/220605-Indigenas-de-Chilpancingo-2-1024x683.jpeg?ssl=1&w=150&resize=150&ssl=1 150w, https:\/\/i0.wp.com\/interaccionnoticias.com.mx\/wp-content\/uploads\/2022\/06\/220605-Indigenas-de-Chilpancingo-2-1024x683.jpeg?ssl=1&w=240&resize=240&ssl=1 240w, https:\/\/i0.wp.com\/interaccionnoticias.com.mx\/wp-content\/uploads\/2022\/06\/220605-Indigenas-de-Chilpancingo-2-1024x683.jpeg?ssl=1&w=320&resize=320&ssl=1 320w, https:\/\/i0.wp.com\/interaccionnoticias.com.mx\/wp-content\/uploads\/2022\/06\/220605-Indigenas-de-Chilpancingo-2-1024x683.jpeg?ssl=1&w=500&resize=500&ssl=1 500w, https:\/\/i0.wp.com\/interaccionnoticias.com.mx\/wp-content\/uploads\/2022\/06\/220605-Indigenas-de-Chilpancingo-2-1024x683.jpeg?ssl=1&w=640&resize=640&ssl=1 640w, https:\/\/i0.wp.com\/interaccionnoticias.com.mx\/wp-content\/uploads\/2022\/06\/220605-Indigenas-de-Chilpancingo-2-1024x683.jpeg?ssl=1&w=800&resize=800&ssl=1 800w, https:\/\/i0.wp.com\/interaccionnoticias.com.mx\/wp-content\/uploads\/2022\/06\/220605-Indigenas-de-Chilpancingo-2-1024x683.jpeg?ssl=1&w=1024&resize=1024&ssl=1 1024w, https:\/\/i0.wp.com\/interaccionnoticias.com.mx\/wp-content\/uploads\/2022\/06\/220605-Indigenas-de-Chilpancingo-2-1024x683.jpeg?ssl=1&w=1280&resize=1280&ssl=1 1280w, https:\/\/i0.wp.com\/interaccionnoticias.com.mx\/wp-content\/uploads\/2022\/06\/220605-Indigenas-de-Chilpancingo-2-1024x683.jpeg?ssl=1&w=1600&resize=1600&ssl=1 1600w\" fifu-data-src=\"https:\/\/i0.wp.com\/interaccionnoticias.com.mx\/wp-content\/uploads\/2022\/06\/220605-Indigenas-de-Chilpancingo-2-1024x683.jpeg?ssl=1\" alt=\"\" data-id=\"46117\" data-full-url=\"https:\/\/interaccionnoticias.com.mx\/wp-content\/uploads\/2022\/06\/220605-Indigenas-de-Chilpancingo-2.jpeg\" data-link=\"https:\/\/interaccionnoticias.com.mx\/?attachment_id=46117\" class=\"wp-image-46117\"\/><\/figure><\/li><li class=\"blocks-gallery-item\"><figure><img decoding=\"async\" src=\"data:image\/gif;base64,R0lGODlhAQABAIAAAAAAAP\/\/\/ywAAAAAAQABAAACAUwAOw==\" fifu-lazy=\"1\" fifu-data-sizes=\"auto\" fifu-data-srcset=\"https:\/\/i1.wp.com\/interaccionnoticias.com.mx\/wp-content\/uploads\/2022\/06\/220605-Indigenas-de-Chilpancingo-1-1024x683.jpeg?ssl=1&w=75&resize=75&ssl=1 75w, https:\/\/i1.wp.com\/interaccionnoticias.com.mx\/wp-content\/uploads\/2022\/06\/220605-Indigenas-de-Chilpancingo-1-1024x683.jpeg?ssl=1&w=100&resize=100&ssl=1 100w, https:\/\/i1.wp.com\/interaccionnoticias.com.mx\/wp-content\/uploads\/2022\/06\/220605-Indigenas-de-Chilpancingo-1-1024x683.jpeg?ssl=1&w=150&resize=150&ssl=1 150w, https:\/\/i1.wp.com\/interaccionnoticias.com.mx\/wp-content\/uploads\/2022\/06\/220605-Indigenas-de-Chilpancingo-1-1024x683.jpeg?ssl=1&w=240&resize=240&ssl=1 240w, https:\/\/i1.wp.com\/interaccionnoticias.com.mx\/wp-content\/uploads\/2022\/06\/220605-Indigenas-de-Chilpancingo-1-1024x683.jpeg?ssl=1&w=320&resize=320&ssl=1 320w, https:\/\/i1.wp.com\/interaccionnoticias.com.mx\/wp-content\/uploads\/2022\/06\/220605-Indigenas-de-Chilpancingo-1-1024x683.jpeg?ssl=1&w=500&resize=500&ssl=1 500w, https:\/\/i1.wp.com\/interaccionnoticias.com.mx\/wp-content\/uploads\/2022\/06\/220605-Indigenas-de-Chilpancingo-1-1024x683.jpeg?ssl=1&w=640&resize=640&ssl=1 640w, https:\/\/i1.wp.com\/interaccionnoticias.com.mx\/wp-content\/uploads\/2022\/06\/220605-Indigenas-de-Chilpancingo-1-1024x683.jpeg?ssl=1&w=800&resize=800&ssl=1 800w, https:\/\/i1.wp.com\/interaccionnoticias.com.mx\/wp-content\/uploads\/2022\/06\/220605-Indigenas-de-Chilpancingo-1-1024x683.jpeg?ssl=1&w=1024&resize=1024&ssl=1 1024w, https:\/\/i1.wp.com\/interaccionnoticias.com.mx\/wp-content\/uploads\/2022\/06\/220605-Indigenas-de-Chilpancingo-1-1024x683.jpeg?ssl=1&w=1280&resize=1280&ssl=1 1280w, https:\/\/i1.wp.com\/interaccionnoticias.com.mx\/wp-content\/uploads\/2022\/06\/220605-Indigenas-de-Chilpancingo-1-1024x683.jpeg?ssl=1&w=1600&resize=1600&ssl=1 1600w\" fifu-data-src=\"https:\/\/i1.wp.com\/interaccionnoticias.com.mx\/wp-content\/uploads\/2022\/06\/220605-Indigenas-de-Chilpancingo-1-1024x683.jpeg?ssl=1\" alt=\"\" data-id=\"46116\" data-full-url=\"https:\/\/interaccionnoticias.com.mx\/wp-content\/uploads\/2022\/06\/220605-Indigenas-de-Chilpancingo-1.jpeg\" data-link=\"https:\/\/interaccionnoticias.com.mx\/?attachment_id=46116\" class=\"wp-image-46116\"\/><\/figure><\/li><\/ul><\/figure>\n","protected":false},"excerpt":{"rendered":"<p>&#8212; Por no cumplir acuerdos pactados en el inicio de su mandato Rosario Garc\u00eda Orozco Chilpancingo, Gro., 4 de junio del 2022.- Ind\u00edgenas de Chilpancingo exigieron a la alcaldesa Norma&hellip; <\/p>\n","protected":false},"author":14,"featured_media":46116,"comment_status":"open","ping_status":"open","sticky":false,"template":"","format":"standard","meta":{"fifu_image_url":"","fifu_image_alt":"","footnotes":""},"categories":[13],"tags":[],"class_list":["post-46115","post","type-post","status-publish","format-standard","has-post-thumbnail","hentry","category-capital"],"_links":{"self":[{"href":"https:\/\/www.interaccionnoticias.com.mx\/index.php?rest_route=\/wp\/v2\/posts\/46115","targetHints":{"allow":["GET"]}}],"collection":[{"href":"https:\/\/www.interaccionnoticias.com.mx\/index.php?rest_route=\/wp\/v2\/posts"}],"about":[{"href":"https:\/\/www.interaccionnoticias.com.mx\/index.php?rest_route=\/wp\/v2\/types\/post"}],"author":[{"embeddable":true,"href":"https:\/\/www.interaccionnoticias.com.mx\/index.php?rest_route=\/wp\/v2\/users\/14"}],"replies":[{"embeddable":true,"href":"https:\/\/www.interaccionnoticias.com.mx\/index.php?rest_route=%2Fwp%2Fv2%2Fcomments&post=46115"}],"version-history":[{"count":1,"href":"https:\/\/www.interaccionnoticias.com.mx\/index.php?rest_route=\/wp\/v2\/posts\/46115\/revisions"}],"predecessor-version":[{"id":46120,"href":"https:\/\/www.interaccionnoticias.com.mx\/index.php?rest_route=\/wp\/v2\/posts\/46115\/revisions\/46120"}],"wp:featuredmedia":[{"embeddable":true,"href":"https:\/\/www.interaccionnoticias.com.mx\/index.php?rest_route=\/wp\/v2\/media\/46116"}],"wp:attachment":[{"href":"https:\/\/www.interaccionnoticias.com.mx\/index.php?rest_route=%2Fwp%2Fv2%2Fmedia&parent=46115"}],"wp:term":[{"taxonomy":"category","embeddable":true,"href":"https:\/\/www.interaccionnoticias.com.mx\/index.php?rest_route=%2Fwp%2Fv2%2Fcategories&post=46115"},{"taxonomy":"post_tag","embeddable":true,"href":"https:\/\/www.interaccionnoticias.com.mx\/index.php?rest_route=%2Fwp%2Fv2%2Ftags&post=46115"}],"curies":[{"name":"wp","href":"https:\/\/api.w.org\/{rel}","templated":true}]}}