{"id":46068,"date":"2022-06-03T15:37:34","date_gmt":"2022-06-03T20:37:34","guid":{"rendered":"https:\/\/interaccionnoticias.com.mx\/?p=46068"},"modified":"2022-06-03T15:37:39","modified_gmt":"2022-06-03T20:37:39","slug":"confirma-secretaria-de-salud-medicos-y-enfermeras-abandonaron-a-los-pueblos-marginados","status":"publish","type":"post","link":"https:\/\/www.interaccionnoticias.com.mx\/?p=46068","title":{"rendered":"Confirma secretaria de Salud; m\u00e9dicos y enfermeras abandonaron a los pueblos marginados"},"content":{"rendered":"\n<p>&#8212;  Hay contratos asignados para las zonas rurales, pero el sindicato los baj\u00f3 y concentr\u00f3 en las ciudades, principalmente en Acapulco y Chilpancingo <br>&#8212; Aid\u00e9 Ibarez sostiene que cuando lleguen los m\u00e9dicos cubanos, la prioridad la tendr\u00e1n los profesionistas de Guerrero<\/p>\n\n\n\n<p>Rogelio Agust\u00edn<\/p>\n\n\n\n<p>La titular de la Secretar\u00eda de Salud del Gobierno de Guerrero, Aid\u00e9 Ibarez Castro reconoci\u00f3 que la mayor\u00eda de los centros de Salud de las comunidades marginadas de la Monta\u00f1a, Costa Chica, regi\u00f3n Norte, Tierra Caliente y Sierra se encuentran abandonadas a pesar de que se ha contratado personal para atenderlas, sin embargo, el sindicato del sector ha bajado al personal a las zonas urbanas.<\/p>\n\n\n\n<p>Ibarez Castro sostuvo que en estos momentos, la dependencia a su cargo trabaja en la rehabilitaci\u00f3n de los centros de Salud de la entidad, pero tambi\u00e9n pone mucho inter\u00e9s en el regreso del personal contratado para atender los centros de Salud en las zonas de mayor marginaci\u00f3n y m\u00e1s dif\u00edcil acceso.<\/p>\n\n\n\n<p>\u201cEstamos haciendo lo posible por regresar a los que se contrataron y que ahora est\u00e1n en las ciudades, porque tiene que haber el personal que trabaje en las comunidades\u201d, indic\u00f3.<\/p>\n\n\n\n<p>Ante el cuestionamiento directo, la titular del sector Salud en Guerrero, reconoci\u00f3 que en estos momentos no existe una cobertura total de las unidades de atenci\u00f3n en las comunidades apartadas, por una raz\u00f3n muy concreta:<\/p>\n\n\n\n<p>\u201cNos hacen falta recursos humanos\u201d.<\/p>\n\n\n\n<p>Pero explic\u00f3: \u201cEl recurso humano contratado para esas \u00e1reas se ha bajado a la ciudad por la complacencia de otras administraciones, estamos hablando de m\u00e9dicos y enfermeras\u201d, refiri\u00f3.<\/p>\n\n\n\n<p>Se le pregunt\u00f3 sobre el n\u00famero de m\u00e9dicos y enfermeras que hacen falta, ante lo que admiti\u00f3: \u201cNo tengo la cifra\u201d.<\/p>\n\n\n\n<p>Lo que s\u00ed enfatiz\u00f3, es que el personal de referencia se encuentra concentrado en las zonas urbanas, principalmente en Chilpancingo y Acapulco.<\/p>\n\n\n\n<p>Reproch\u00f3: \u201cEllos tienen un sindicato que apoya lo que se convierte en una violentaci\u00f3n de las condiciones de trabajo contra la administraci\u00f3n, porque la administraci\u00f3n necesita que esos trabajadores est\u00e9n donde se les contrat\u00f3, para que cumplan con sus funciones\u201d.<\/p>\n\n\n\n<p>Dicha irregularidad ha propiciado una reingenier\u00eda interna, para que la Secretar\u00eda de Salud cuente con el recurso humano que tiene canalizado a todo el estado.<\/p>\n\n\n\n<p>En la actual administraci\u00f3n, dijo que los espacios que se han contratado, son aquellos que s\u00ed est\u00e1n en la disposici\u00f3n de irse a los pueblos.<\/p>\n\n\n\n<p>Aunque tambi\u00e9n se le pregunt\u00f3, la titular de la SSG coment\u00f3 que no se tiene fecha de cuando, ni cuantos ser\u00e1n los m\u00e9dicos cubanos que ser\u00e1n canalizados a las comunidades de Guerrero.<\/p>\n\n\n\n<p>Indic\u00f3 que actualmente se ha lanzado una convocatoria para captar especialistas que tengan la disposici\u00f3n de irse a las zonas de alta marginaci\u00f3n, una vez que eso suceda, se tendr\u00e1 claro cuanto personal se requiere y cuales ser\u00e1n los pueblos que atender\u00e1n.<\/p>\n\n\n\n<p>Mientras, reiter\u00f3 que la prioridad la tienen los especialistas de Guerrero que tengan el inter\u00e9s y se registren en la convocatoria.<\/p>\n","protected":false},"excerpt":{"rendered":"<p>&#8212; Hay contratos asignados para las zonas rurales, pero el sindicato los baj\u00f3 y concentr\u00f3 en las ciudades, principalmente en Acapulco y Chilpancingo &#8212; Aid\u00e9 Ibarez sostiene que cuando lleguen&hellip; <\/p>\n","protected":false},"author":21,"featured_media":46069,"comment_status":"open","ping_status":"open","sticky":false,"template":"","format":"standard","meta":{"fifu_image_url":"","fifu_image_alt":"","footnotes":""},"categories":[26],"tags":[],"class_list":["post-46068","post","type-post","status-publish","format-standard","has-post-thumbnail","hentry","category-salud"],"_links":{"self":[{"href":"https:\/\/www.interaccionnoticias.com.mx\/index.php?rest_route=\/wp\/v2\/posts\/46068","targetHints":{"allow":["GET"]}}],"collection":[{"href":"https:\/\/www.interaccionnoticias.com.mx\/index.php?rest_route=\/wp\/v2\/posts"}],"about":[{"href":"https:\/\/www.interaccionnoticias.com.mx\/index.php?rest_route=\/wp\/v2\/types\/post"}],"author":[{"embeddable":true,"href":"https:\/\/www.interaccionnoticias.com.mx\/index.php?rest_route=\/wp\/v2\/users\/21"}],"replies":[{"embeddable":true,"href":"https:\/\/www.interaccionnoticias.com.mx\/index.php?rest_route=%2Fwp%2Fv2%2Fcomments&post=46068"}],"version-history":[{"count":1,"href":"https:\/\/www.interaccionnoticias.com.mx\/index.php?rest_route=\/wp\/v2\/posts\/46068\/revisions"}],"predecessor-version":[{"id":46070,"href":"https:\/\/www.interaccionnoticias.com.mx\/index.php?rest_route=\/wp\/v2\/posts\/46068\/revisions\/46070"}],"wp:featuredmedia":[{"embeddable":true,"href":"https:\/\/www.interaccionnoticias.com.mx\/index.php?rest_route=\/wp\/v2\/media\/46069"}],"wp:attachment":[{"href":"https:\/\/www.interaccionnoticias.com.mx\/index.php?rest_route=%2Fwp%2Fv2%2Fmedia&parent=46068"}],"wp:term":[{"taxonomy":"category","embeddable":true,"href":"https:\/\/www.interaccionnoticias.com.mx\/index.php?rest_route=%2Fwp%2Fv2%2Fcategories&post=46068"},{"taxonomy":"post_tag","embeddable":true,"href":"https:\/\/www.interaccionnoticias.com.mx\/index.php?rest_route=%2Fwp%2Fv2%2Ftags&post=46068"}],"curies":[{"name":"wp","href":"https:\/\/api.w.org\/{rel}","templated":true}]}}